{"id":23012,"date":"2025-10-11T21:07:09","date_gmt":"2025-10-11T19:07:09","guid":{"rendered":"https:\/\/www.visitamalfi.info\/weihnachten-2025-in-amalfi-lichter-tradition-und-zauber-am-meer\/"},"modified":"2025-10-11T21:07:09","modified_gmt":"2025-10-11T19:07:09","slug":"weihnachten-2025-in-amalfi-lichter-tradition-und-zauber-am-meer","status":"publish","type":"post","link":"https:\/\/www.visitamalfi.info\/de\/weihnachten-2025-in-amalfi-lichter-tradition-und-zauber-am-meer\/","title":{"rendered":"Weihnachten 2025 in Amalfi: Lichter, Tradition und Zauber am Meer"},"content":{"rendered":"<p class=\"cvGsUA direction-ltr align-start para-style-body\"><span class=\"a_GcMg font-feature-liga-off font-feature-clig-off font-feature-calt-off text-decoration-none text-strikethrough-none\">Quando pensiamo al Natale, spesso lo immaginiamo tra mercatini di montagna e paesaggi innevati. Aber es gibt einen Ort in Italien, an dem Festivals auf einzigartige Weise von Magie durchdrungen sind:  <\/span><span class=\"a_GcMg font-feature-liga-off font-feature-clig-off font-feature-calt-off text-decoration-none text-strikethrough-none\">Amalfi<\/span><span class=\"a_GcMg font-feature-liga-off font-feature-clig-off font-feature-calt-off text-decoration-none text-strikethrough-none\">. Hier trifft der Charme des winterlichen Meeres auf die glitzernden Lichter der Weihnachtszeit und schafft eine Atmosph\u00e4re, die Erwachsene und Kinder gleicherma\u00dfen in ihren Bann zieht.<\/span><\/p>\n<p class=\"cvGsUA direction-ltr align-start para-style-body\"><strong><span class=\"a_GcMg font-feature-liga-off font-feature-clig-off font-feature-calt-off text-decoration-none text-strikethrough-none\">Die Illuminationen, die die Stadt erhellen<\/span><\/strong><\/p>\n<p class=\"cvGsUA direction-ltr align-start para-style-body\"><span class=\"a_GcMg font-feature-liga-off font-feature-clig-off font-feature-calt-off text-decoration-none text-strikethrough-none\">Jedes Jahr erstrahlt Amalfi in spektakul\u00e4ren Farben und Dekorationen. Die Stra\u00dfen der Altstadt, die Balkone und die Piazza Duomo verwandeln sich in eine stimmungsvolle B\u00fchne, auf der das Flanieren zu einem m\u00e4rchenhaften Erlebnis wird. Der Zauber der Illuminationen verwandelt Amalfi in ein Krippenspiel unter freiem Himmel, ideal f\u00fcr unvergessliche Fotos und um die Weihnachtsstimmung zu erleben.<\/span><\/p>\n<p class=\"cvGsUA direction-ltr align-start para-style-body\"><strong><span class=\"a_GcMg font-feature-liga-off font-feature-clig-off font-feature-calt-off text-decoration-none text-strikethrough-none\">Dudelsackspieler und traditionelle Musik<\/span><\/strong><\/p>\n<p class=\"cvGsUA direction-ltr align-start para-style-body\"><span class=\"a_GcMg font-feature-liga-off font-feature-clig-off font-feature-calt-off text-decoration-none text-strikethrough-none\">Weihnachten in Amalfi ist nicht nur Licht, sondern auch alte Kl\u00e4nge, die das Herz erw\u00e4rmen. Die Dudelsackspieler begleiten die Besucher mit ihren traditionellen Melodien durch die engen Gassen des Zentrums und lassen die authentische Atmosph\u00e4re vergangener Zeiten wieder aufleben. Eine Begegnung, die Jung und Alt gleicherma\u00dfen begeistert und die tiefe Verbindung zwischen der Stadt und ihren volkst\u00fcmlichen Wurzeln wiederbelebt.<\/span><\/p>\n<p class=\"cvGsUA direction-ltr align-start para-style-body\"><strong><span class=\"a_GcMg font-feature-liga-off font-feature-clig-off font-feature-calt-off text-decoration-none text-strikethrough-none\">Das Haus des Weihnachtsmanns<\/span><\/strong><\/p>\n<p class=\"cvGsUA direction-ltr align-start para-style-body\"><span class=\"a_GcMg font-feature-liga-off font-feature-clig-off font-feature-calt-off text-decoration-none text-strikethrough-none\">F\u00fcr die Kleinen ist der am meisten erwartete Moment die Ankunft des Weihnachtsdorfes. Ein verzauberter Ort, an dem Kinder den Weihnachtsmann treffen, ihre Briefe schreiben und Momente voller Spa\u00df und Spiel erleben k\u00f6nnen. Ein Erlebnis, das Amalfi auch f\u00fcr Familien zu einem perfekten Reiseziel macht.<\/span><\/p>\n<p class=\"cvGsUA direction-ltr align-start para-style-body\"><strong><span class=\"a_GcMg font-feature-liga-off font-feature-clig-off font-feature-calt-off text-decoration-none text-strikethrough-none\">Aromen und W\u00e4rme der Festtage<\/span><\/strong><\/p>\n<p class=\"cvGsUA direction-ltr align-start para-style-body\"><span class=\"a_GcMg font-feature-liga-off font-feature-clig-off font-feature-calt-off text-decoration-none text-strikethrough-none\">Weihnachten ist auch ein Fest der Geselligkeit und des guten Essens. Wenn Sie durch die Stra\u00dfen schlendern, wird Ihnen der Duft lokaler Spezialit\u00e4ten nicht entgehen: von den traditionellen Weihnachtss\u00fc\u00dfigkeiten aus Amalfi bis hin zur W\u00e4rme eines Glases lokalen Weins. Es ist die ideale Zeit, um die authentischen Aromen der Region zu entdecken und ein leckeres Andenken an den Urlaub mit nach Hause zu nehmen.<\/span><\/p>\n<p class=\"cvGsUA direction-ltr align-start para-style-body\"><strong><span class=\"a_GcMg font-feature-liga-off font-feature-clig-off font-feature-calt-off text-decoration-none text-strikethrough-none\">Das volkst\u00fcmliche Neujahr<\/span><\/strong><\/p>\n<p class=\"cvGsUA direction-ltr align-start para-style-body\"><span class=\"a_GcMg font-feature-liga-off font-feature-clig-off font-feature-calt-off text-decoration-none text-strikethrough-none\">Die beliebte Darbietung der lokalen Folkloregruppe: ein kollektiver Gl\u00fccksbringer, der inmitten von Volksliedern und typischen Instrumenten die authentische und festliche Seele der amalfitanischen Tradition wieder aufleben l\u00e4sst.<\/span><\/p>\n<p class=\"cvGsUA direction-ltr align-start para-style-body\"><strong><span class=\"a_GcMg font-feature-liga-off font-feature-clig-off font-feature-calt-off text-decoration-none text-strikethrough-none\">Silvester auf dem Platz<\/span><\/strong><\/p>\n<p class=\"cvGsUA direction-ltr align-start para-style-body\"><span class=\"a_GcMg font-feature-liga-off font-feature-clig-off font-feature-calt-off text-decoration-none text-strikethrough-none\">Der Kalender der Festlichkeiten gipfelt in der Silvesternacht in Amalfi, einer besonderen, einzigartigen und unvergesslichen Nacht, in der sich der Platz in eine gro\u00dfe Freilichtb\u00fchne verwandelt. Musik, Shows und Feuerwerk begr\u00fc\u00dfen die Ankunft des neuen Jahres mit dem ganzen Zauber der Amalfik\u00fcste.<\/span><\/p>\n<p class=\"cvGsUA direction-ltr align-start para-style-body\"><strong><span class=\"a_GcMg font-feature-liga-off font-feature-clig-off font-feature-calt-off text-decoration-none text-strikethrough-none\">Warum Amalfi zu Weihnachten w\u00e4hlen<\/span><\/strong><\/p>\n<p class=\"cvGsUA direction-ltr align-start para-style-body\"><span class=\"a_GcMg font-feature-liga-off font-feature-clig-off font-feature-calt-off text-decoration-none text-strikethrough-none\">Ein Besuch in Amalfi w\u00e4hrend der Weihnachtszeit ist ein ganz besonderes Erlebnis:<\/span><\/p>\n<ul>\n<li><span class=\"a_GcMg font-feature-liga-off font-feature-clig-off font-feature-calt-off text-decoration-none text-strikethrough-none\">weniger belebte Stra\u00dfen, aber voller Atmosph\u00e4re;<\/span><\/li>\n<li><span class=\"a_GcMg font-feature-liga-off font-feature-clig-off font-feature-calt-off text-decoration-none text-strikethrough-none\">authentische Traditionen, die das Herz erw\u00e4rmen;<\/span><\/li>\n<li><span class=\"a_GcMg font-feature-liga-off font-feature-clig-off font-feature-calt-off text-decoration-none text-strikethrough-none\">der Charme des winterlichen Meeres, der ein einzigartiges Weihnachtsfest umrahmt.<\/span><\/li>\n<\/ul>\n<p class=\"cvGsUA direction-ltr align-start para-style-body\"><span class=\"a_GcMg font-feature-liga-off font-feature-clig-off font-feature-calt-off text-decoration-none text-strikethrough-none\">Ob f\u00fcr ein Wochenende oder einen l\u00e4ngeren Urlaub, Amalfi ist die perfekte Wahl f\u00fcr alle, die ein unvergessliches Weihnachten inmitten von Kultur, Tradition und Sch\u00f6nheit erleben m\u00f6chten.<\/span><\/p>\n<p class=\"cvGsUA direction-ltr align-start para-style-body\"><strong><span class=\"a_GcMg font-feature-liga-off font-feature-clig-off font-feature-calt-off text-decoration-none text-strikethrough-none\">Kommen Sie und entdecken Sie Weihnachten in Amalfi: Wir warten auf Sie, um mit Ihnen den Zauber des Festes zu erleben!<\/span><\/strong><\/p>\n","protected":false},"excerpt":{"rendered":"<p>Quando pensiamo al Natale, spesso lo immaginiamo tra mercatini di montagna e paesaggi innevati. Aber es gibt einen Ort in Italien, an dem Festivals auf einzigartige Weise von Magie durchdrungen [&hellip;]<\/p>\n","protected":false},"author":7,"featured_media":20133,"comment_status":"open","ping_status":"closed","sticky":false,"template":"","format":"standard","meta":{"inline_featured_image":false,"footnotes":""},"categories":[896,816,818],"tags":[1956],"class_list":["post-23012","post","type-post","status-publish","format-standard","has-post-thumbnail","hentry","category-consigli-di-viaggio-de","category-eventi-de","category-tradition-de","tag-nataleadamalfi"],"yoast_head":"<!-- This site is optimized with the Yoast SEO plugin v27.3 - https:\/\/yoast.com\/product\/yoast-seo-wordpress\/ -->\n<title>Weihnachten 2025 in Amalfi: Lichter, Tradition und Zauber am Meer - Visit Amalfi<\/title>\n<meta name=\"robots\" content=\"index, follow, max-snippet:-1, max-image-preview:large, max-video-preview:-1\" \/>\n<link rel=\"canonical\" href=\"https:\/\/www.visitamalfi.info\/de\/weihnachten-2025-in-amalfi-lichter-tradition-und-zauber-am-meer\/\" \/>\n<meta property=\"og:locale\" content=\"de_DE\" \/>\n<meta property=\"og:type\" content=\"article\" \/>\n<meta property=\"og:title\" content=\"Weihnachten 2025 in Amalfi: Lichter, Tradition und Zauber am Meer - Visit Amalfi\" \/>\n<meta property=\"og:description\" content=\"Quando pensiamo al Natale, spesso lo immaginiamo tra mercatini di montagna e paesaggi innevati. Aber es gibt einen Ort in Italien, an dem Festivals auf einzigartige Weise von Magie durchdrungen [&hellip;]\" \/>\n<meta property=\"og:url\" content=\"https:\/\/www.visitamalfi.info\/de\/weihnachten-2025-in-amalfi-lichter-tradition-und-zauber-am-meer\/\" \/>\n<meta property=\"og:site_name\" content=\"Visit Amalfi\" \/>\n<meta property=\"article:publisher\" content=\"https:\/\/www.facebook.com\/visitamalfiofficial\" \/>\n<meta property=\"article:published_time\" content=\"2025-10-11T19:07:09+00:00\" \/>\n<meta property=\"og:image\" content=\"https:\/\/www.visitamalfi.info\/wp-content\/uploads\/2024\/11\/ANA_2779@emanueleanastasioph-amalfi-villaggio-natale-2023.jpg\" \/>\n\t<meta property=\"og:image:width\" content=\"1280\" \/>\n\t<meta property=\"og:image:height\" content=\"1920\" \/>\n\t<meta property=\"og:image:type\" content=\"image\/jpeg\" \/>\n<meta name=\"author\" content=\"Federica Dumont\" \/>\n<meta name=\"twitter:card\" content=\"summary_large_image\" \/>\n<meta name=\"twitter:label1\" content=\"Verfasst von\" \/>\n\t<meta name=\"twitter:data1\" content=\"Federica Dumont\" \/>\n\t<meta name=\"twitter:label2\" content=\"Gesch\u00e4tzte Lesezeit\" \/>\n\t<meta name=\"twitter:data2\" content=\"3\u00a0Minuten\" \/>\n<script type=\"application\/ld+json\" class=\"yoast-schema-graph\">{\"@context\":\"https:\\\/\\\/schema.org\",\"@graph\":[{\"@type\":\"Article\",\"@id\":\"https:\\\/\\\/www.visitamalfi.info\\\/de\\\/weihnachten-2025-in-amalfi-lichter-tradition-und-zauber-am-meer\\\/#article\",\"isPartOf\":{\"@id\":\"https:\\\/\\\/www.visitamalfi.info\\\/de\\\/weihnachten-2025-in-amalfi-lichter-tradition-und-zauber-am-meer\\\/\"},\"author\":{\"name\":\"Federica Dumont\",\"@id\":\"https:\\\/\\\/www.visitamalfi.info\\\/de\\\/#\\\/schema\\\/person\\\/0c7584af846d5d2da6c69f7e68f3af96\"},\"headline\":\"Weihnachten 2025 in Amalfi: Lichter, Tradition und Zauber am Meer\",\"datePublished\":\"2025-10-11T19:07:09+00:00\",\"mainEntityOfPage\":{\"@id\":\"https:\\\/\\\/www.visitamalfi.info\\\/de\\\/weihnachten-2025-in-amalfi-lichter-tradition-und-zauber-am-meer\\\/\"},\"wordCount\":510,\"commentCount\":0,\"publisher\":{\"@id\":\"https:\\\/\\\/www.visitamalfi.info\\\/de\\\/#organization\"},\"image\":{\"@id\":\"https:\\\/\\\/www.visitamalfi.info\\\/de\\\/weihnachten-2025-in-amalfi-lichter-tradition-und-zauber-am-meer\\\/#primaryimage\"},\"thumbnailUrl\":\"https:\\\/\\\/www.visitamalfi.info\\\/wp-content\\\/uploads\\\/2024\\\/11\\\/ANA_2779@emanueleanastasioph-amalfi-villaggio-natale-2023.jpg\",\"keywords\":[\"nataleadamalfi\"],\"articleSection\":[\"Consigli di viaggio\",\"Eventi\",\"Tradition\"],\"inLanguage\":\"de\",\"potentialAction\":[{\"@type\":\"CommentAction\",\"name\":\"Comment\",\"target\":[\"https:\\\/\\\/www.visitamalfi.info\\\/de\\\/weihnachten-2025-in-amalfi-lichter-tradition-und-zauber-am-meer\\\/#respond\"]}]},{\"@type\":\"WebPage\",\"@id\":\"https:\\\/\\\/www.visitamalfi.info\\\/de\\\/weihnachten-2025-in-amalfi-lichter-tradition-und-zauber-am-meer\\\/\",\"url\":\"https:\\\/\\\/www.visitamalfi.info\\\/de\\\/weihnachten-2025-in-amalfi-lichter-tradition-und-zauber-am-meer\\\/\",\"name\":\"Weihnachten 2025 in Amalfi: Lichter, Tradition und Zauber am Meer - Visit Amalfi\",\"isPartOf\":{\"@id\":\"https:\\\/\\\/www.visitamalfi.info\\\/de\\\/#website\"},\"primaryImageOfPage\":{\"@id\":\"https:\\\/\\\/www.visitamalfi.info\\\/de\\\/weihnachten-2025-in-amalfi-lichter-tradition-und-zauber-am-meer\\\/#primaryimage\"},\"image\":{\"@id\":\"https:\\\/\\\/www.visitamalfi.info\\\/de\\\/weihnachten-2025-in-amalfi-lichter-tradition-und-zauber-am-meer\\\/#primaryimage\"},\"thumbnailUrl\":\"https:\\\/\\\/www.visitamalfi.info\\\/wp-content\\\/uploads\\\/2024\\\/11\\\/ANA_2779@emanueleanastasioph-amalfi-villaggio-natale-2023.jpg\",\"datePublished\":\"2025-10-11T19:07:09+00:00\",\"breadcrumb\":{\"@id\":\"https:\\\/\\\/www.visitamalfi.info\\\/de\\\/weihnachten-2025-in-amalfi-lichter-tradition-und-zauber-am-meer\\\/#breadcrumb\"},\"inLanguage\":\"de\",\"potentialAction\":[{\"@type\":\"ReadAction\",\"target\":[\"https:\\\/\\\/www.visitamalfi.info\\\/de\\\/weihnachten-2025-in-amalfi-lichter-tradition-und-zauber-am-meer\\\/\"]}]},{\"@type\":\"ImageObject\",\"inLanguage\":\"de\",\"@id\":\"https:\\\/\\\/www.visitamalfi.info\\\/de\\\/weihnachten-2025-in-amalfi-lichter-tradition-und-zauber-am-meer\\\/#primaryimage\",\"url\":\"https:\\\/\\\/www.visitamalfi.info\\\/wp-content\\\/uploads\\\/2024\\\/11\\\/ANA_2779@emanueleanastasioph-amalfi-villaggio-natale-2023.jpg\",\"contentUrl\":\"https:\\\/\\\/www.visitamalfi.info\\\/wp-content\\\/uploads\\\/2024\\\/11\\\/ANA_2779@emanueleanastasioph-amalfi-villaggio-natale-2023.jpg\",\"width\":1280,\"height\":1920},{\"@type\":\"BreadcrumbList\",\"@id\":\"https:\\\/\\\/www.visitamalfi.info\\\/de\\\/weihnachten-2025-in-amalfi-lichter-tradition-und-zauber-am-meer\\\/#breadcrumb\",\"itemListElement\":[{\"@type\":\"ListItem\",\"position\":1,\"name\":\"Home\",\"item\":\"https:\\\/\\\/www.visitamalfi.info\\\/de\\\/\"},{\"@type\":\"ListItem\",\"position\":2,\"name\":\"Weihnachten 2025 in Amalfi: Lichter, Tradition und Zauber am Meer\"}]},{\"@type\":\"WebSite\",\"@id\":\"https:\\\/\\\/www.visitamalfi.info\\\/de\\\/#website\",\"url\":\"https:\\\/\\\/www.visitamalfi.info\\\/de\\\/\",\"name\":\"Visit Amalfi\",\"description\":\"Amalfi Destination Official Website\",\"publisher\":{\"@id\":\"https:\\\/\\\/www.visitamalfi.info\\\/de\\\/#organization\"},\"potentialAction\":[{\"@type\":\"SearchAction\",\"target\":{\"@type\":\"EntryPoint\",\"urlTemplate\":\"https:\\\/\\\/www.visitamalfi.info\\\/de\\\/?s={search_term_string}\"},\"query-input\":{\"@type\":\"PropertyValueSpecification\",\"valueRequired\":true,\"valueName\":\"search_term_string\"}}],\"inLanguage\":\"de\"},{\"@type\":\"Organization\",\"@id\":\"https:\\\/\\\/www.visitamalfi.info\\\/de\\\/#organization\",\"name\":\"Visit Amalfi\",\"url\":\"https:\\\/\\\/www.visitamalfi.info\\\/de\\\/\",\"logo\":{\"@type\":\"ImageObject\",\"inLanguage\":\"de\",\"@id\":\"https:\\\/\\\/www.visitamalfi.info\\\/de\\\/#\\\/schema\\\/logo\\\/image\\\/\",\"url\":\"https:\\\/\\\/www.visitamalfi.info\\\/wp-content\\\/uploads\\\/2023\\\/04\\\/visit-amalfi-logo-web.png\",\"contentUrl\":\"https:\\\/\\\/www.visitamalfi.info\\\/wp-content\\\/uploads\\\/2023\\\/04\\\/visit-amalfi-logo-web.png\",\"width\":800,\"height\":870,\"caption\":\"Visit Amalfi\"},\"image\":{\"@id\":\"https:\\\/\\\/www.visitamalfi.info\\\/de\\\/#\\\/schema\\\/logo\\\/image\\\/\"},\"sameAs\":[\"https:\\\/\\\/www.facebook.com\\\/visitamalfiofficial\",\"https:\\\/\\\/www.instagram.com\\\/visitamalfiofficial\\\/\"]},{\"@type\":\"Person\",\"@id\":\"https:\\\/\\\/www.visitamalfi.info\\\/de\\\/#\\\/schema\\\/person\\\/0c7584af846d5d2da6c69f7e68f3af96\",\"name\":\"Federica Dumont\",\"image\":{\"@type\":\"ImageObject\",\"inLanguage\":\"de\",\"@id\":\"https:\\\/\\\/secure.gravatar.com\\\/avatar\\\/0803dab414b6c6f1fd2399680f587870a020419b6ebe9d36dd75df06a6a68060?s=96&d=mm&r=g\",\"url\":\"https:\\\/\\\/secure.gravatar.com\\\/avatar\\\/0803dab414b6c6f1fd2399680f587870a020419b6ebe9d36dd75df06a6a68060?s=96&d=mm&r=g\",\"contentUrl\":\"https:\\\/\\\/secure.gravatar.com\\\/avatar\\\/0803dab414b6c6f1fd2399680f587870a020419b6ebe9d36dd75df06a6a68060?s=96&d=mm&r=g\",\"caption\":\"Federica Dumont\"},\"url\":\"https:\\\/\\\/www.visitamalfi.info\\\/de\\\/author\\\/federica\\\/\"}]}<\/script>\n<!-- \/ Yoast SEO plugin. -->","yoast_head_json":{"title":"Weihnachten 2025 in Amalfi: Lichter, Tradition und Zauber am Meer - Visit Amalfi","robots":{"index":"index","follow":"follow","max-snippet":"max-snippet:-1","max-image-preview":"max-image-preview:large","max-video-preview":"max-video-preview:-1"},"canonical":"https:\/\/www.visitamalfi.info\/de\/weihnachten-2025-in-amalfi-lichter-tradition-und-zauber-am-meer\/","og_locale":"de_DE","og_type":"article","og_title":"Weihnachten 2025 in Amalfi: Lichter, Tradition und Zauber am Meer - Visit Amalfi","og_description":"Quando pensiamo al Natale, spesso lo immaginiamo tra mercatini di montagna e paesaggi innevati. Aber es gibt einen Ort in Italien, an dem Festivals auf einzigartige Weise von Magie durchdrungen [&hellip;]","og_url":"https:\/\/www.visitamalfi.info\/de\/weihnachten-2025-in-amalfi-lichter-tradition-und-zauber-am-meer\/","og_site_name":"Visit Amalfi","article_publisher":"https:\/\/www.facebook.com\/visitamalfiofficial","article_published_time":"2025-10-11T19:07:09+00:00","og_image":[{"width":1280,"height":1920,"url":"https:\/\/www.visitamalfi.info\/wp-content\/uploads\/2024\/11\/ANA_2779@emanueleanastasioph-amalfi-villaggio-natale-2023.jpg","type":"image\/jpeg"}],"author":"Federica Dumont","twitter_card":"summary_large_image","twitter_misc":{"Verfasst von":"Federica Dumont","Gesch\u00e4tzte Lesezeit":"3\u00a0Minuten"},"schema":{"@context":"https:\/\/schema.org","@graph":[{"@type":"Article","@id":"https:\/\/www.visitamalfi.info\/de\/weihnachten-2025-in-amalfi-lichter-tradition-und-zauber-am-meer\/#article","isPartOf":{"@id":"https:\/\/www.visitamalfi.info\/de\/weihnachten-2025-in-amalfi-lichter-tradition-und-zauber-am-meer\/"},"author":{"name":"Federica Dumont","@id":"https:\/\/www.visitamalfi.info\/de\/#\/schema\/person\/0c7584af846d5d2da6c69f7e68f3af96"},"headline":"Weihnachten 2025 in Amalfi: Lichter, Tradition und Zauber am Meer","datePublished":"2025-10-11T19:07:09+00:00","mainEntityOfPage":{"@id":"https:\/\/www.visitamalfi.info\/de\/weihnachten-2025-in-amalfi-lichter-tradition-und-zauber-am-meer\/"},"wordCount":510,"commentCount":0,"publisher":{"@id":"https:\/\/www.visitamalfi.info\/de\/#organization"},"image":{"@id":"https:\/\/www.visitamalfi.info\/de\/weihnachten-2025-in-amalfi-lichter-tradition-und-zauber-am-meer\/#primaryimage"},"thumbnailUrl":"https:\/\/www.visitamalfi.info\/wp-content\/uploads\/2024\/11\/ANA_2779@emanueleanastasioph-amalfi-villaggio-natale-2023.jpg","keywords":["nataleadamalfi"],"articleSection":["Consigli di viaggio","Eventi","Tradition"],"inLanguage":"de","potentialAction":[{"@type":"CommentAction","name":"Comment","target":["https:\/\/www.visitamalfi.info\/de\/weihnachten-2025-in-amalfi-lichter-tradition-und-zauber-am-meer\/#respond"]}]},{"@type":"WebPage","@id":"https:\/\/www.visitamalfi.info\/de\/weihnachten-2025-in-amalfi-lichter-tradition-und-zauber-am-meer\/","url":"https:\/\/www.visitamalfi.info\/de\/weihnachten-2025-in-amalfi-lichter-tradition-und-zauber-am-meer\/","name":"Weihnachten 2025 in Amalfi: Lichter, Tradition und Zauber am Meer - Visit Amalfi","isPartOf":{"@id":"https:\/\/www.visitamalfi.info\/de\/#website"},"primaryImageOfPage":{"@id":"https:\/\/www.visitamalfi.info\/de\/weihnachten-2025-in-amalfi-lichter-tradition-und-zauber-am-meer\/#primaryimage"},"image":{"@id":"https:\/\/www.visitamalfi.info\/de\/weihnachten-2025-in-amalfi-lichter-tradition-und-zauber-am-meer\/#primaryimage"},"thumbnailUrl":"https:\/\/www.visitamalfi.info\/wp-content\/uploads\/2024\/11\/ANA_2779@emanueleanastasioph-amalfi-villaggio-natale-2023.jpg","datePublished":"2025-10-11T19:07:09+00:00","breadcrumb":{"@id":"https:\/\/www.visitamalfi.info\/de\/weihnachten-2025-in-amalfi-lichter-tradition-und-zauber-am-meer\/#breadcrumb"},"inLanguage":"de","potentialAction":[{"@type":"ReadAction","target":["https:\/\/www.visitamalfi.info\/de\/weihnachten-2025-in-amalfi-lichter-tradition-und-zauber-am-meer\/"]}]},{"@type":"ImageObject","inLanguage":"de","@id":"https:\/\/www.visitamalfi.info\/de\/weihnachten-2025-in-amalfi-lichter-tradition-und-zauber-am-meer\/#primaryimage","url":"https:\/\/www.visitamalfi.info\/wp-content\/uploads\/2024\/11\/ANA_2779@emanueleanastasioph-amalfi-villaggio-natale-2023.jpg","contentUrl":"https:\/\/www.visitamalfi.info\/wp-content\/uploads\/2024\/11\/ANA_2779@emanueleanastasioph-amalfi-villaggio-natale-2023.jpg","width":1280,"height":1920},{"@type":"BreadcrumbList","@id":"https:\/\/www.visitamalfi.info\/de\/weihnachten-2025-in-amalfi-lichter-tradition-und-zauber-am-meer\/#breadcrumb","itemListElement":[{"@type":"ListItem","position":1,"name":"Home","item":"https:\/\/www.visitamalfi.info\/de\/"},{"@type":"ListItem","position":2,"name":"Weihnachten 2025 in Amalfi: Lichter, Tradition und Zauber am Meer"}]},{"@type":"WebSite","@id":"https:\/\/www.visitamalfi.info\/de\/#website","url":"https:\/\/www.visitamalfi.info\/de\/","name":"Visit Amalfi","description":"Amalfi Destination Official Website","publisher":{"@id":"https:\/\/www.visitamalfi.info\/de\/#organization"},"potentialAction":[{"@type":"SearchAction","target":{"@type":"EntryPoint","urlTemplate":"https:\/\/www.visitamalfi.info\/de\/?s={search_term_string}"},"query-input":{"@type":"PropertyValueSpecification","valueRequired":true,"valueName":"search_term_string"}}],"inLanguage":"de"},{"@type":"Organization","@id":"https:\/\/www.visitamalfi.info\/de\/#organization","name":"Visit Amalfi","url":"https:\/\/www.visitamalfi.info\/de\/","logo":{"@type":"ImageObject","inLanguage":"de","@id":"https:\/\/www.visitamalfi.info\/de\/#\/schema\/logo\/image\/","url":"https:\/\/www.visitamalfi.info\/wp-content\/uploads\/2023\/04\/visit-amalfi-logo-web.png","contentUrl":"https:\/\/www.visitamalfi.info\/wp-content\/uploads\/2023\/04\/visit-amalfi-logo-web.png","width":800,"height":870,"caption":"Visit Amalfi"},"image":{"@id":"https:\/\/www.visitamalfi.info\/de\/#\/schema\/logo\/image\/"},"sameAs":["https:\/\/www.facebook.com\/visitamalfiofficial","https:\/\/www.instagram.com\/visitamalfiofficial\/"]},{"@type":"Person","@id":"https:\/\/www.visitamalfi.info\/de\/#\/schema\/person\/0c7584af846d5d2da6c69f7e68f3af96","name":"Federica Dumont","image":{"@type":"ImageObject","inLanguage":"de","@id":"https:\/\/secure.gravatar.com\/avatar\/0803dab414b6c6f1fd2399680f587870a020419b6ebe9d36dd75df06a6a68060?s=96&d=mm&r=g","url":"https:\/\/secure.gravatar.com\/avatar\/0803dab414b6c6f1fd2399680f587870a020419b6ebe9d36dd75df06a6a68060?s=96&d=mm&r=g","contentUrl":"https:\/\/secure.gravatar.com\/avatar\/0803dab414b6c6f1fd2399680f587870a020419b6ebe9d36dd75df06a6a68060?s=96&d=mm&r=g","caption":"Federica Dumont"},"url":"https:\/\/www.visitamalfi.info\/de\/author\/federica\/"}]}},"_links":{"self":[{"href":"https:\/\/www.visitamalfi.info\/de\/wp-json\/wp\/v2\/posts\/23012","targetHints":{"allow":["GET"]}}],"collection":[{"href":"https:\/\/www.visitamalfi.info\/de\/wp-json\/wp\/v2\/posts"}],"about":[{"href":"https:\/\/www.visitamalfi.info\/de\/wp-json\/wp\/v2\/types\/post"}],"author":[{"embeddable":true,"href":"https:\/\/www.visitamalfi.info\/de\/wp-json\/wp\/v2\/users\/7"}],"replies":[{"embeddable":true,"href":"https:\/\/www.visitamalfi.info\/de\/wp-json\/wp\/v2\/comments?post=23012"}],"version-history":[{"count":0,"href":"https:\/\/www.visitamalfi.info\/de\/wp-json\/wp\/v2\/posts\/23012\/revisions"}],"wp:featuredmedia":[{"embeddable":true,"href":"https:\/\/www.visitamalfi.info\/de\/wp-json\/wp\/v2\/media\/20133"}],"wp:attachment":[{"href":"https:\/\/www.visitamalfi.info\/de\/wp-json\/wp\/v2\/media?parent=23012"}],"wp:term":[{"taxonomy":"category","embeddable":true,"href":"https:\/\/www.visitamalfi.info\/de\/wp-json\/wp\/v2\/categories?post=23012"},{"taxonomy":"post_tag","embeddable":true,"href":"https:\/\/www.visitamalfi.info\/de\/wp-json\/wp\/v2\/tags?post=23012"}],"curies":[{"name":"wp","href":"https:\/\/api.w.org\/{rel}","templated":true}]}}