{"id":22510,"date":"2025-08-29T18:00:55","date_gmt":"2025-08-29T16:00:55","guid":{"rendered":"https:\/\/www.visitamalfi.info\/mario-biondi-kehrt-nach-kampanien-zurueck-eine-unverzichtbare-live-show-in-amalfi\/"},"modified":"2025-08-29T18:00:55","modified_gmt":"2025-08-29T16:00:55","slug":"mario-biondi-kehrt-nach-kampanien-zurueck-eine-unverzichtbare-live-show-in-amalfi","status":"publish","type":"post","link":"https:\/\/www.visitamalfi.info\/de\/mario-biondi-kehrt-nach-kampanien-zurueck-eine-unverzichtbare-live-show-in-amalfi\/","title":{"rendered":"Mario Biondi kehrt nach Kampanien zur\u00fcck: eine unverzichtbare Live-Show in Amalfi"},"content":{"rendered":"<p data-start=\"215\" data-end=\"683\">Nach rekordverd\u00e4chtigen zwei Jahren mit \u00fcber <strong data-start=\"251\" data-end=\"285\">110 Konzerten in der ganzen Welt<\/strong> kehrt Mario Biondi endlich nach Kampanien zur\u00fcck, um ein besonderes Ereignis zu veranstalten, das in den Herzen der Fans zu bleiben verspricht. Am <strong>Sonntag, den 31. August<\/strong>, wird Amalfi die B\u00fchne f\u00fcr eine einzigartige Show sein, bei der der sizilianische Schlagers\u00e4nger in Begleitung von drei au\u00dfergew\u00f6hnlichen Musikern authentische Emotionen bieten wird: <strong data-start=\"567\" data-end=\"587\">Elisabetta Serio<\/strong> am Klavier, <strong data-start=\"603\" data-end=\"623\">Francesca Regimi<\/strong> am Schlagzeug und <strong data-start=\"640\" data-end=\"656\">Aldo Capasso<\/strong> am Bass und Kontrabass.<\/p>\n<p data-start=\"685\" data-end=\"1404\"><img fetchpriority=\"high\" decoding=\"async\" class=\"size-medium wp-image-22503 alignleft\" src=\"https:\/\/www.visitamalfi.info\/wp-content\/uploads\/2025\/08\/Mario-Biondi-3_reference-1-229x300.jpg\" alt=\"\" width=\"229\" height=\"300\" srcset=\"https:\/\/www.visitamalfi.info\/wp-content\/uploads\/2025\/08\/Mario-Biondi-3_reference-1-229x300.jpg 229w, https:\/\/www.visitamalfi.info\/wp-content\/uploads\/2025\/08\/Mario-Biondi-3_reference-1-780x1024.jpg 780w, https:\/\/www.visitamalfi.info\/wp-content\/uploads\/2025\/08\/Mario-Biondi-3_reference-1-768x1008.jpg 768w, https:\/\/www.visitamalfi.info\/wp-content\/uploads\/2025\/08\/Mario-Biondi-3_reference-1.jpg 1080w\" sizes=\"(max-width: 229px) 100vw, 229px\" \/>Der 1971 geborene und aus Catania stammende Mario Biondi (anagrafe Mario Ranno) pflegt seit seiner Kindheit eine Leidenschaft f\u00fcr die Musik, beeinflusst von seinem Vater Stefano Biondi, einem S\u00e4nger und dem ersten gro\u00dfen Vorbild des Musiklebens. Seine k\u00fcnstlerische Karriere nahm eine internationale Wendung mit der Single<em>&#8216;This Is What You Are<\/em>&#8216;, die dank eines Treffens mit dem ber\u00fchmten BBC1-DJ Norman Jay bei europ\u00e4ischen Radiosendern eingef\u00fchrt wurde. Seitdem hat Biondi eine Reihe von Erfolgen vorzuweisen: das erste Album <em data-start=\"1175\" data-end=\"1192\">Handful of Soul<\/em> im Jahr 2006, das Doppelalbum mit dem Duke Orchestra<em data-start=\"1242\" data-end=\"1259\">(I Love You More<\/em> und <em data-start=\"1262\" data-end=\"1266\">If<\/em>), das dreifach Platin erhielt, ausverkaufte Konzerte in der ganzen Welt und die Teilnahme an den renommiertesten europ\u00e4ischen und italienischen Jazzfestivals.<\/p>\n<p data-start=\"1406\" data-end=\"1813\">Mit seinem einzigartigen, warmen und tiefen Gesangstimbre hat Mario Biondi die amerikanische Soul-Tradition mit italienischen Einfl\u00fcssen aus den 1960er Jahren und brasilianischem Bossa Nova verschmolzen und so einen eleganten und unverwechselbaren Stil geschaffen. Sein neues Projekt, <strong data-start=\"1650\" data-end=\"1673\">Crooning Undercover<\/strong>, hat mehr als 100 B\u00fchnen in Italien und 22 L\u00e4ndern auf der ganzen Welt erobert und ihn als einen der international beliebtesten Schlagers\u00e4nger best\u00e4tigt.<\/p>\n<p data-start=\"1815\" data-end=\"2080\">Die Veranstaltung in Amalfi wird nicht nur ein Konzert sein, sondern ein intimes und elegantes Erlebnis: eine Reise durch die ber\u00fchmtesten Hits und Melodien, die Biondis Karriere gepr\u00e4gt haben, eingebettet in die festliche und raffinierte Atmosph\u00e4re, die nur eine Stimme wie die seine schaffen kann.<\/p>\n<p data-start=\"2082\" data-end=\"2351\">Wenn Sie Soulmusik, stilvollen Jazz und Abende, die Spuren hinterlassen, lieben, sollten Sie sich diese Live-Show nicht entgehen lassen. Amalfi mit seinem Zauber und seiner zeitlosen Sch\u00f6nheit ist der perfekte Rahmen f\u00fcr einen Abend voller authentischer Emotionen und unvergesslicher Noten.<\/p>\n","protected":false},"excerpt":{"rendered":"<p>Nach rekordverd\u00e4chtigen zwei Jahren mit \u00fcber 110 Konzerten in der ganzen Welt kehrt Mario Biondi endlich nach Kampanien zur\u00fcck, um ein besonderes Ereignis zu veranstalten, das in den Herzen der [&hellip;]<\/p>\n","protected":false},"author":7,"featured_media":22501,"comment_status":"open","ping_status":"closed","sticky":false,"template":"","format":"standard","meta":{"inline_featured_image":false,"footnotes":""},"categories":[816],"tags":[],"class_list":["post-22510","post","type-post","status-publish","format-standard","has-post-thumbnail","hentry","category-eventi-de"],"yoast_head":"<!-- This site is optimized with the Yoast SEO plugin v27.3 - https:\/\/yoast.com\/product\/yoast-seo-wordpress\/ -->\n<title>Mario Biondi kehrt nach Kampanien zur\u00fcck: eine unverzichtbare Live-Show in Amalfi - Visit Amalfi<\/title>\n<meta name=\"robots\" content=\"index, follow, max-snippet:-1, max-image-preview:large, max-video-preview:-1\" \/>\n<link rel=\"canonical\" href=\"https:\/\/www.visitamalfi.info\/de\/mario-biondi-kehrt-nach-kampanien-zurueck-eine-unverzichtbare-live-show-in-amalfi\/\" \/>\n<meta property=\"og:locale\" content=\"de_DE\" \/>\n<meta property=\"og:type\" content=\"article\" \/>\n<meta property=\"og:title\" content=\"Mario Biondi kehrt nach Kampanien zur\u00fcck: eine unverzichtbare Live-Show in Amalfi - Visit Amalfi\" \/>\n<meta property=\"og:description\" content=\"Nach rekordverd\u00e4chtigen zwei Jahren mit \u00fcber 110 Konzerten in der ganzen Welt kehrt Mario Biondi endlich nach Kampanien zur\u00fcck, um ein besonderes Ereignis zu veranstalten, das in den Herzen der [&hellip;]\" \/>\n<meta property=\"og:url\" content=\"https:\/\/www.visitamalfi.info\/de\/mario-biondi-kehrt-nach-kampanien-zurueck-eine-unverzichtbare-live-show-in-amalfi\/\" \/>\n<meta property=\"og:site_name\" content=\"Visit Amalfi\" \/>\n<meta property=\"article:publisher\" content=\"https:\/\/www.facebook.com\/visitamalfiofficial\" \/>\n<meta property=\"article:published_time\" content=\"2025-08-29T16:00:55+00:00\" \/>\n<meta property=\"og:image\" content=\"https:\/\/www.visitamalfi.info\/wp-content\/uploads\/2025\/08\/Mario-Biondi-3_reference-e1756483175759.jpg\" \/>\n\t<meta property=\"og:image:width\" content=\"1080\" \/>\n\t<meta property=\"og:image:height\" content=\"1417\" \/>\n\t<meta property=\"og:image:type\" content=\"image\/jpeg\" \/>\n<meta name=\"author\" content=\"Federica Dumont\" \/>\n<meta name=\"twitter:card\" content=\"summary_large_image\" \/>\n<meta name=\"twitter:label1\" content=\"Verfasst von\" \/>\n\t<meta name=\"twitter:data1\" content=\"Federica Dumont\" \/>\n\t<meta name=\"twitter:label2\" content=\"Gesch\u00e4tzte Lesezeit\" \/>\n\t<meta name=\"twitter:data2\" content=\"2\u00a0Minuten\" \/>\n<script type=\"application\/ld+json\" class=\"yoast-schema-graph\">{\"@context\":\"https:\\\/\\\/schema.org\",\"@graph\":[{\"@type\":\"Article\",\"@id\":\"https:\\\/\\\/www.visitamalfi.info\\\/de\\\/mario-biondi-kehrt-nach-kampanien-zurueck-eine-unverzichtbare-live-show-in-amalfi\\\/#article\",\"isPartOf\":{\"@id\":\"https:\\\/\\\/www.visitamalfi.info\\\/de\\\/mario-biondi-kehrt-nach-kampanien-zurueck-eine-unverzichtbare-live-show-in-amalfi\\\/\"},\"author\":{\"name\":\"Federica Dumont\",\"@id\":\"https:\\\/\\\/www.visitamalfi.info\\\/de\\\/#\\\/schema\\\/person\\\/0c7584af846d5d2da6c69f7e68f3af96\"},\"headline\":\"Mario Biondi kehrt nach Kampanien zur\u00fcck: eine unverzichtbare Live-Show in Amalfi\",\"datePublished\":\"2025-08-29T16:00:55+00:00\",\"mainEntityOfPage\":{\"@id\":\"https:\\\/\\\/www.visitamalfi.info\\\/de\\\/mario-biondi-kehrt-nach-kampanien-zurueck-eine-unverzichtbare-live-show-in-amalfi\\\/\"},\"wordCount\":372,\"commentCount\":0,\"publisher\":{\"@id\":\"https:\\\/\\\/www.visitamalfi.info\\\/de\\\/#organization\"},\"image\":{\"@id\":\"https:\\\/\\\/www.visitamalfi.info\\\/de\\\/mario-biondi-kehrt-nach-kampanien-zurueck-eine-unverzichtbare-live-show-in-amalfi\\\/#primaryimage\"},\"thumbnailUrl\":\"https:\\\/\\\/www.visitamalfi.info\\\/wp-content\\\/uploads\\\/2025\\\/08\\\/Mario-Biondi-3_reference-e1756483175759.jpg\",\"articleSection\":[\"Eventi\"],\"inLanguage\":\"de\",\"potentialAction\":[{\"@type\":\"CommentAction\",\"name\":\"Comment\",\"target\":[\"https:\\\/\\\/www.visitamalfi.info\\\/de\\\/mario-biondi-kehrt-nach-kampanien-zurueck-eine-unverzichtbare-live-show-in-amalfi\\\/#respond\"]}]},{\"@type\":\"WebPage\",\"@id\":\"https:\\\/\\\/www.visitamalfi.info\\\/de\\\/mario-biondi-kehrt-nach-kampanien-zurueck-eine-unverzichtbare-live-show-in-amalfi\\\/\",\"url\":\"https:\\\/\\\/www.visitamalfi.info\\\/de\\\/mario-biondi-kehrt-nach-kampanien-zurueck-eine-unverzichtbare-live-show-in-amalfi\\\/\",\"name\":\"Mario Biondi kehrt nach Kampanien zur\u00fcck: eine unverzichtbare Live-Show in Amalfi - Visit Amalfi\",\"isPartOf\":{\"@id\":\"https:\\\/\\\/www.visitamalfi.info\\\/de\\\/#website\"},\"primaryImageOfPage\":{\"@id\":\"https:\\\/\\\/www.visitamalfi.info\\\/de\\\/mario-biondi-kehrt-nach-kampanien-zurueck-eine-unverzichtbare-live-show-in-amalfi\\\/#primaryimage\"},\"image\":{\"@id\":\"https:\\\/\\\/www.visitamalfi.info\\\/de\\\/mario-biondi-kehrt-nach-kampanien-zurueck-eine-unverzichtbare-live-show-in-amalfi\\\/#primaryimage\"},\"thumbnailUrl\":\"https:\\\/\\\/www.visitamalfi.info\\\/wp-content\\\/uploads\\\/2025\\\/08\\\/Mario-Biondi-3_reference-e1756483175759.jpg\",\"datePublished\":\"2025-08-29T16:00:55+00:00\",\"breadcrumb\":{\"@id\":\"https:\\\/\\\/www.visitamalfi.info\\\/de\\\/mario-biondi-kehrt-nach-kampanien-zurueck-eine-unverzichtbare-live-show-in-amalfi\\\/#breadcrumb\"},\"inLanguage\":\"de\",\"potentialAction\":[{\"@type\":\"ReadAction\",\"target\":[\"https:\\\/\\\/www.visitamalfi.info\\\/de\\\/mario-biondi-kehrt-nach-kampanien-zurueck-eine-unverzichtbare-live-show-in-amalfi\\\/\"]}]},{\"@type\":\"ImageObject\",\"inLanguage\":\"de\",\"@id\":\"https:\\\/\\\/www.visitamalfi.info\\\/de\\\/mario-biondi-kehrt-nach-kampanien-zurueck-eine-unverzichtbare-live-show-in-amalfi\\\/#primaryimage\",\"url\":\"https:\\\/\\\/www.visitamalfi.info\\\/wp-content\\\/uploads\\\/2025\\\/08\\\/Mario-Biondi-3_reference-e1756483175759.jpg\",\"contentUrl\":\"https:\\\/\\\/www.visitamalfi.info\\\/wp-content\\\/uploads\\\/2025\\\/08\\\/Mario-Biondi-3_reference-e1756483175759.jpg\",\"width\":1080,\"height\":1417},{\"@type\":\"BreadcrumbList\",\"@id\":\"https:\\\/\\\/www.visitamalfi.info\\\/de\\\/mario-biondi-kehrt-nach-kampanien-zurueck-eine-unverzichtbare-live-show-in-amalfi\\\/#breadcrumb\",\"itemListElement\":[{\"@type\":\"ListItem\",\"position\":1,\"name\":\"Home\",\"item\":\"https:\\\/\\\/www.visitamalfi.info\\\/de\\\/\"},{\"@type\":\"ListItem\",\"position\":2,\"name\":\"Mario Biondi kehrt nach Kampanien zur\u00fcck: eine unverzichtbare Live-Show in Amalfi\"}]},{\"@type\":\"WebSite\",\"@id\":\"https:\\\/\\\/www.visitamalfi.info\\\/de\\\/#website\",\"url\":\"https:\\\/\\\/www.visitamalfi.info\\\/de\\\/\",\"name\":\"Visit Amalfi\",\"description\":\"Amalfi Destination Official Website\",\"publisher\":{\"@id\":\"https:\\\/\\\/www.visitamalfi.info\\\/de\\\/#organization\"},\"potentialAction\":[{\"@type\":\"SearchAction\",\"target\":{\"@type\":\"EntryPoint\",\"urlTemplate\":\"https:\\\/\\\/www.visitamalfi.info\\\/de\\\/?s={search_term_string}\"},\"query-input\":{\"@type\":\"PropertyValueSpecification\",\"valueRequired\":true,\"valueName\":\"search_term_string\"}}],\"inLanguage\":\"de\"},{\"@type\":\"Organization\",\"@id\":\"https:\\\/\\\/www.visitamalfi.info\\\/de\\\/#organization\",\"name\":\"Visit Amalfi\",\"url\":\"https:\\\/\\\/www.visitamalfi.info\\\/de\\\/\",\"logo\":{\"@type\":\"ImageObject\",\"inLanguage\":\"de\",\"@id\":\"https:\\\/\\\/www.visitamalfi.info\\\/de\\\/#\\\/schema\\\/logo\\\/image\\\/\",\"url\":\"https:\\\/\\\/www.visitamalfi.info\\\/wp-content\\\/uploads\\\/2023\\\/04\\\/visit-amalfi-logo-web.png\",\"contentUrl\":\"https:\\\/\\\/www.visitamalfi.info\\\/wp-content\\\/uploads\\\/2023\\\/04\\\/visit-amalfi-logo-web.png\",\"width\":800,\"height\":870,\"caption\":\"Visit Amalfi\"},\"image\":{\"@id\":\"https:\\\/\\\/www.visitamalfi.info\\\/de\\\/#\\\/schema\\\/logo\\\/image\\\/\"},\"sameAs\":[\"https:\\\/\\\/www.facebook.com\\\/visitamalfiofficial\",\"https:\\\/\\\/www.instagram.com\\\/visitamalfiofficial\\\/\"]},{\"@type\":\"Person\",\"@id\":\"https:\\\/\\\/www.visitamalfi.info\\\/de\\\/#\\\/schema\\\/person\\\/0c7584af846d5d2da6c69f7e68f3af96\",\"name\":\"Federica Dumont\",\"image\":{\"@type\":\"ImageObject\",\"inLanguage\":\"de\",\"@id\":\"https:\\\/\\\/secure.gravatar.com\\\/avatar\\\/0803dab414b6c6f1fd2399680f587870a020419b6ebe9d36dd75df06a6a68060?s=96&d=mm&r=g\",\"url\":\"https:\\\/\\\/secure.gravatar.com\\\/avatar\\\/0803dab414b6c6f1fd2399680f587870a020419b6ebe9d36dd75df06a6a68060?s=96&d=mm&r=g\",\"contentUrl\":\"https:\\\/\\\/secure.gravatar.com\\\/avatar\\\/0803dab414b6c6f1fd2399680f587870a020419b6ebe9d36dd75df06a6a68060?s=96&d=mm&r=g\",\"caption\":\"Federica Dumont\"},\"url\":\"https:\\\/\\\/www.visitamalfi.info\\\/de\\\/author\\\/federica\\\/\"}]}<\/script>\n<!-- \/ Yoast SEO plugin. -->","yoast_head_json":{"title":"Mario Biondi kehrt nach Kampanien zur\u00fcck: eine unverzichtbare Live-Show in Amalfi - Visit Amalfi","robots":{"index":"index","follow":"follow","max-snippet":"max-snippet:-1","max-image-preview":"max-image-preview:large","max-video-preview":"max-video-preview:-1"},"canonical":"https:\/\/www.visitamalfi.info\/de\/mario-biondi-kehrt-nach-kampanien-zurueck-eine-unverzichtbare-live-show-in-amalfi\/","og_locale":"de_DE","og_type":"article","og_title":"Mario Biondi kehrt nach Kampanien zur\u00fcck: eine unverzichtbare Live-Show in Amalfi - Visit Amalfi","og_description":"Nach rekordverd\u00e4chtigen zwei Jahren mit \u00fcber 110 Konzerten in der ganzen Welt kehrt Mario Biondi endlich nach Kampanien zur\u00fcck, um ein besonderes Ereignis zu veranstalten, das in den Herzen der [&hellip;]","og_url":"https:\/\/www.visitamalfi.info\/de\/mario-biondi-kehrt-nach-kampanien-zurueck-eine-unverzichtbare-live-show-in-amalfi\/","og_site_name":"Visit Amalfi","article_publisher":"https:\/\/www.facebook.com\/visitamalfiofficial","article_published_time":"2025-08-29T16:00:55+00:00","og_image":[{"width":1080,"height":1417,"url":"https:\/\/www.visitamalfi.info\/wp-content\/uploads\/2025\/08\/Mario-Biondi-3_reference-e1756483175759.jpg","type":"image\/jpeg"}],"author":"Federica Dumont","twitter_card":"summary_large_image","twitter_misc":{"Verfasst von":"Federica Dumont","Gesch\u00e4tzte Lesezeit":"2\u00a0Minuten"},"schema":{"@context":"https:\/\/schema.org","@graph":[{"@type":"Article","@id":"https:\/\/www.visitamalfi.info\/de\/mario-biondi-kehrt-nach-kampanien-zurueck-eine-unverzichtbare-live-show-in-amalfi\/#article","isPartOf":{"@id":"https:\/\/www.visitamalfi.info\/de\/mario-biondi-kehrt-nach-kampanien-zurueck-eine-unverzichtbare-live-show-in-amalfi\/"},"author":{"name":"Federica Dumont","@id":"https:\/\/www.visitamalfi.info\/de\/#\/schema\/person\/0c7584af846d5d2da6c69f7e68f3af96"},"headline":"Mario Biondi kehrt nach Kampanien zur\u00fcck: eine unverzichtbare Live-Show in Amalfi","datePublished":"2025-08-29T16:00:55+00:00","mainEntityOfPage":{"@id":"https:\/\/www.visitamalfi.info\/de\/mario-biondi-kehrt-nach-kampanien-zurueck-eine-unverzichtbare-live-show-in-amalfi\/"},"wordCount":372,"commentCount":0,"publisher":{"@id":"https:\/\/www.visitamalfi.info\/de\/#organization"},"image":{"@id":"https:\/\/www.visitamalfi.info\/de\/mario-biondi-kehrt-nach-kampanien-zurueck-eine-unverzichtbare-live-show-in-amalfi\/#primaryimage"},"thumbnailUrl":"https:\/\/www.visitamalfi.info\/wp-content\/uploads\/2025\/08\/Mario-Biondi-3_reference-e1756483175759.jpg","articleSection":["Eventi"],"inLanguage":"de","potentialAction":[{"@type":"CommentAction","name":"Comment","target":["https:\/\/www.visitamalfi.info\/de\/mario-biondi-kehrt-nach-kampanien-zurueck-eine-unverzichtbare-live-show-in-amalfi\/#respond"]}]},{"@type":"WebPage","@id":"https:\/\/www.visitamalfi.info\/de\/mario-biondi-kehrt-nach-kampanien-zurueck-eine-unverzichtbare-live-show-in-amalfi\/","url":"https:\/\/www.visitamalfi.info\/de\/mario-biondi-kehrt-nach-kampanien-zurueck-eine-unverzichtbare-live-show-in-amalfi\/","name":"Mario Biondi kehrt nach Kampanien zur\u00fcck: eine unverzichtbare Live-Show in Amalfi - Visit Amalfi","isPartOf":{"@id":"https:\/\/www.visitamalfi.info\/de\/#website"},"primaryImageOfPage":{"@id":"https:\/\/www.visitamalfi.info\/de\/mario-biondi-kehrt-nach-kampanien-zurueck-eine-unverzichtbare-live-show-in-amalfi\/#primaryimage"},"image":{"@id":"https:\/\/www.visitamalfi.info\/de\/mario-biondi-kehrt-nach-kampanien-zurueck-eine-unverzichtbare-live-show-in-amalfi\/#primaryimage"},"thumbnailUrl":"https:\/\/www.visitamalfi.info\/wp-content\/uploads\/2025\/08\/Mario-Biondi-3_reference-e1756483175759.jpg","datePublished":"2025-08-29T16:00:55+00:00","breadcrumb":{"@id":"https:\/\/www.visitamalfi.info\/de\/mario-biondi-kehrt-nach-kampanien-zurueck-eine-unverzichtbare-live-show-in-amalfi\/#breadcrumb"},"inLanguage":"de","potentialAction":[{"@type":"ReadAction","target":["https:\/\/www.visitamalfi.info\/de\/mario-biondi-kehrt-nach-kampanien-zurueck-eine-unverzichtbare-live-show-in-amalfi\/"]}]},{"@type":"ImageObject","inLanguage":"de","@id":"https:\/\/www.visitamalfi.info\/de\/mario-biondi-kehrt-nach-kampanien-zurueck-eine-unverzichtbare-live-show-in-amalfi\/#primaryimage","url":"https:\/\/www.visitamalfi.info\/wp-content\/uploads\/2025\/08\/Mario-Biondi-3_reference-e1756483175759.jpg","contentUrl":"https:\/\/www.visitamalfi.info\/wp-content\/uploads\/2025\/08\/Mario-Biondi-3_reference-e1756483175759.jpg","width":1080,"height":1417},{"@type":"BreadcrumbList","@id":"https:\/\/www.visitamalfi.info\/de\/mario-biondi-kehrt-nach-kampanien-zurueck-eine-unverzichtbare-live-show-in-amalfi\/#breadcrumb","itemListElement":[{"@type":"ListItem","position":1,"name":"Home","item":"https:\/\/www.visitamalfi.info\/de\/"},{"@type":"ListItem","position":2,"name":"Mario Biondi kehrt nach Kampanien zur\u00fcck: eine unverzichtbare Live-Show in Amalfi"}]},{"@type":"WebSite","@id":"https:\/\/www.visitamalfi.info\/de\/#website","url":"https:\/\/www.visitamalfi.info\/de\/","name":"Visit Amalfi","description":"Amalfi Destination Official Website","publisher":{"@id":"https:\/\/www.visitamalfi.info\/de\/#organization"},"potentialAction":[{"@type":"SearchAction","target":{"@type":"EntryPoint","urlTemplate":"https:\/\/www.visitamalfi.info\/de\/?s={search_term_string}"},"query-input":{"@type":"PropertyValueSpecification","valueRequired":true,"valueName":"search_term_string"}}],"inLanguage":"de"},{"@type":"Organization","@id":"https:\/\/www.visitamalfi.info\/de\/#organization","name":"Visit Amalfi","url":"https:\/\/www.visitamalfi.info\/de\/","logo":{"@type":"ImageObject","inLanguage":"de","@id":"https:\/\/www.visitamalfi.info\/de\/#\/schema\/logo\/image\/","url":"https:\/\/www.visitamalfi.info\/wp-content\/uploads\/2023\/04\/visit-amalfi-logo-web.png","contentUrl":"https:\/\/www.visitamalfi.info\/wp-content\/uploads\/2023\/04\/visit-amalfi-logo-web.png","width":800,"height":870,"caption":"Visit Amalfi"},"image":{"@id":"https:\/\/www.visitamalfi.info\/de\/#\/schema\/logo\/image\/"},"sameAs":["https:\/\/www.facebook.com\/visitamalfiofficial","https:\/\/www.instagram.com\/visitamalfiofficial\/"]},{"@type":"Person","@id":"https:\/\/www.visitamalfi.info\/de\/#\/schema\/person\/0c7584af846d5d2da6c69f7e68f3af96","name":"Federica Dumont","image":{"@type":"ImageObject","inLanguage":"de","@id":"https:\/\/secure.gravatar.com\/avatar\/0803dab414b6c6f1fd2399680f587870a020419b6ebe9d36dd75df06a6a68060?s=96&d=mm&r=g","url":"https:\/\/secure.gravatar.com\/avatar\/0803dab414b6c6f1fd2399680f587870a020419b6ebe9d36dd75df06a6a68060?s=96&d=mm&r=g","contentUrl":"https:\/\/secure.gravatar.com\/avatar\/0803dab414b6c6f1fd2399680f587870a020419b6ebe9d36dd75df06a6a68060?s=96&d=mm&r=g","caption":"Federica Dumont"},"url":"https:\/\/www.visitamalfi.info\/de\/author\/federica\/"}]}},"_links":{"self":[{"href":"https:\/\/www.visitamalfi.info\/de\/wp-json\/wp\/v2\/posts\/22510","targetHints":{"allow":["GET"]}}],"collection":[{"href":"https:\/\/www.visitamalfi.info\/de\/wp-json\/wp\/v2\/posts"}],"about":[{"href":"https:\/\/www.visitamalfi.info\/de\/wp-json\/wp\/v2\/types\/post"}],"author":[{"embeddable":true,"href":"https:\/\/www.visitamalfi.info\/de\/wp-json\/wp\/v2\/users\/7"}],"replies":[{"embeddable":true,"href":"https:\/\/www.visitamalfi.info\/de\/wp-json\/wp\/v2\/comments?post=22510"}],"version-history":[{"count":0,"href":"https:\/\/www.visitamalfi.info\/de\/wp-json\/wp\/v2\/posts\/22510\/revisions"}],"wp:featuredmedia":[{"embeddable":true,"href":"https:\/\/www.visitamalfi.info\/de\/wp-json\/wp\/v2\/media\/22501"}],"wp:attachment":[{"href":"https:\/\/www.visitamalfi.info\/de\/wp-json\/wp\/v2\/media?parent=22510"}],"wp:term":[{"taxonomy":"category","embeddable":true,"href":"https:\/\/www.visitamalfi.info\/de\/wp-json\/wp\/v2\/categories?post=22510"},{"taxonomy":"post_tag","embeddable":true,"href":"https:\/\/www.visitamalfi.info\/de\/wp-json\/wp\/v2\/tags?post=22510"}],"curies":[{"name":"wp","href":"https:\/\/api.w.org\/{rel}","templated":true}]}}