{"id":22431,"date":"2025-08-06T10:58:55","date_gmt":"2025-08-06T08:58:55","guid":{"rendered":"https:\/\/www.visitamalfi.info\/august-in-amalfi-ein-magischer-und-aufregender-monat-voller-musik-und-stars\/"},"modified":"2025-08-06T10:58:55","modified_gmt":"2025-08-06T08:58:55","slug":"august-in-amalfi-ein-magischer-und-aufregender-monat-voller-musik-und-stars","status":"publish","type":"post","link":"https:\/\/www.visitamalfi.info\/de\/august-in-amalfi-ein-magischer-und-aufregender-monat-voller-musik-und-stars\/","title":{"rendered":"August in Amalfi: ein magischer und aufregender Monat voller Musik und Stars!"},"content":{"rendered":"<p data-start=\"225\" data-end=\"623\">In Amalfi leuchtet der Sommer 2025 heller als je zuvor! Die Aufregung erreicht ihren H\u00f6hepunkt im AUGUST, mit unvergesslichen Abenden unter dem Sternenhimmel der Stadt.<\/p>\n<p data-start=\"225\" data-end=\"623\">Auch in diesem Jahr bringt das <strong data-start=\"364\" data-end=\"391\">Amalfi Summer Fest 2025<\/strong> wieder einen Veranstaltungskalender voller Musik, Unterhaltung und Zauber in die Stadt. Eine Mischung aus Tradition, Hommagen an gro\u00dfe Namen der italienischen Musik, zeitgen\u00f6ssischen Kl\u00e4ngen und Momenten purer Emotionen, die die Herzen der B\u00fcrger und Besucher unter einem wundersch\u00f6nen Sternenhimmel h\u00f6her schlagen lassen.<\/p>\n<h3 data-start=\"625\" data-end=\"661\"><em data-start=\"632\" data-end=\"659\">Mandolinen unter den Sternen &#8211; 8. August<\/em><\/h3>\n<p data-start=\"662\" data-end=\"943\">Ein poetischer Beginn, der an die Tradition des am meisten erwarteten Monats des Sommers erinnert. Emotionen werden zu Musik mit den s\u00fc\u00dfen Noten von <strong data-start=\"765\" data-end=\"778\">Mandolinen<\/strong>, die auf der Piazza Duomo unter den Sternen erklingen. Eine romantische und suggestive Verabredung, die Amalfi seine authentische Seele zur\u00fcckgeben kann.<\/p>\n<h3 data-start=\"945\" data-end=\"979\"><em data-start=\"952\" data-end=\"977\">Frankie &amp; Canthina Band -14 <\/em><em data-start=\"632\" data-end=\"659\">August<\/em><\/h3>\n<p data-start=\"980\" data-end=\"1242\">Ein explosiver Abend mit einer der beliebtesten Bands der italienischen Funky-Szene, die in Amalfi immer sehr gesch\u00e4tzt wird. Rhythmus, Energie und Spa\u00df garantiert: <strong data-start=\"1101\" data-end=\"1128\">Frankie &amp; Canthina Band<\/strong> bringt eine mitrei\u00dfende Show auf die B\u00fchne, die wie immer den ganzen Platz zum Tanzen bringen wird, mit einem Sound, der Rhythmus und Leidenschaft vereint. Aber der Spa\u00df h\u00f6rt nicht auf. Abschlie\u00dfendes DJ-Set mit Eddie J Warner und Filippo di Costanzo.<\/p>\n<h3 data-start=\"1244\" data-end=\"1276\"><em data-start=\"1251\" data-end=\"1274\">Die Zwillinge von Guidonia &#8211; 22. August<\/em><\/h3>\n<p data-start=\"1277\" data-end=\"1532\">Mit ihrer tadellosen Energie und unwiderstehlichen Ironie verzaubern und unterhalten <strong data-start=\"1342\" data-end=\"1367\">The Guidonia Twins<\/strong>. Eine \u00fcberw\u00e4ltigende Reise zwischen Musik und Kom\u00f6die, mit urkomischen Momenten. Die perfekte Mischung f\u00fcr einen Abend mit der Familie oder Freunden.<\/p>\n<h3 data-start=\"1534\" data-end=\"1595\"><em data-start=\"1541\" data-end=\"1562\">Giacomo in the Mood<\/em> &#8211; Hommagekonzert an De Simone &#8211; 26. August<\/h3>\n<p data-start=\"1596\" data-end=\"1839\">Ein besonderes, delikates und tiefgr\u00fcndiges Ereignis: <strong data-start=\"1637\" data-end=\"1660\">Giacomo in the Mood<\/strong> ist eine herzliche und raffinierte Hommage an den Maestro<strong data-start=\"1705\" data-end=\"1726\"> De Simone<\/strong>, zwischen kultivierter Musik und popul\u00e4rer Tradition. Eine einzigartige Gelegenheit, die kulturelle Seele des S\u00fcdens zu entdecken oder wiederzuentdecken.<\/p>\n<h3 data-start=\"1841\" data-end=\"1874\"><em data-start=\"1848\" data-end=\"1872\">Jovanotti Tribute Band &#8211; 27. August<\/em><\/h3>\n<p data-start=\"1875\" data-end=\"2141\">Pure Energie, ein Sommer, der explodiert, Freiheit und der Wunsch, aus voller Kehle zu singen: Die <strong data-start=\"1956\" data-end=\"1982\">Jovanotti Tribute Band<\/strong> bringt die gr\u00f6\u00dften Hits des K\u00fcnstlers in einem Konzert auf die B\u00fchne, das man erlebt haben muss, darunter &#8220;Penso positivo&#8221;, &#8220;L&#8217;ombelico del mondo&#8221; und viele andere ikonische Songs.<\/p>\n<p data-start=\"1875\" data-end=\"2141\">Und schlie\u00dflich.<\/p>\n<h3 data-start=\"2143\" data-end=\"2178\"><em data-start=\"2150\" data-end=\"2176\">Mario Biondi im Konzert &#8211; 31. August<\/em><\/h3>\n<p data-start=\"2179\" data-end=\"2418\">Den Monat beschlie\u00dft die tiefe und unverwechselbare Stimme von <strong data-start=\"2249\" data-end=\"2265\">Mario Biondi<\/strong>, der Amalfi einen stilvollen Abend mit Soul, Jazz und raffinierten Atmosph\u00e4ren beschert. Ein denkw\u00fcrdiges Konzert in einer atemberaubenden Kulisse.<\/p>\n<p data-start=\"2179\" data-end=\"2418\">Kurzum, Amalfi im August ist ein aufregendes Erlebnis. Sind Sie bereit?<\/p>\n<p data-start=\"2680\" data-end=\"2800\">Folgen Sie der Instagram-Seite von <strong data-start=\"2709\" data-end=\"2725\">Visit Amalfi<\/strong> f\u00fcr Updates, Live-Stories und exklusive Inhalte von Veranstaltungen.<\/p>\n<p data-start=\"2802\" data-end=\"2864\"><strong data-start=\"2802\" data-end=\"2864\">Amalfi wartet auf Sie: Erleben Sie mit uns einen unvergesslichen August.<\/strong><\/p>\n<h3 data-start=\"945\" data-end=\"979\"><\/h3>\n<h3 data-start=\"625\" data-end=\"661\"><\/h3>\n","protected":false},"excerpt":{"rendered":"<p>In Amalfi leuchtet der Sommer 2025 heller als je zuvor! Die Aufregung erreicht ihren H\u00f6hepunkt im AUGUST, mit unvergesslichen Abenden unter dem Sternenhimmel der Stadt. Auch in diesem Jahr bringt [&hellip;]<\/p>\n","protected":false},"author":7,"featured_media":22078,"comment_status":"open","ping_status":"closed","sticky":false,"template":"","format":"standard","meta":{"inline_featured_image":false,"footnotes":""},"categories":[896,816,818],"tags":[],"class_list":["post-22431","post","type-post","status-publish","format-standard","has-post-thumbnail","hentry","category-consigli-di-viaggio-de","category-eventi-de","category-tradition-de"],"yoast_head":"<!-- This site is optimized with the Yoast SEO plugin v27.3 - https:\/\/yoast.com\/product\/yoast-seo-wordpress\/ -->\n<title>August in Amalfi: ein magischer und aufregender Monat voller Musik und Stars! - Visit Amalfi<\/title>\n<meta name=\"robots\" content=\"index, follow, max-snippet:-1, max-image-preview:large, max-video-preview:-1\" \/>\n<link rel=\"canonical\" href=\"https:\/\/www.visitamalfi.info\/de\/august-in-amalfi-ein-magischer-und-aufregender-monat-voller-musik-und-stars\/\" \/>\n<meta property=\"og:locale\" content=\"de_DE\" \/>\n<meta property=\"og:type\" content=\"article\" \/>\n<meta property=\"og:title\" content=\"August in Amalfi: ein magischer und aufregender Monat voller Musik und Stars! - Visit Amalfi\" \/>\n<meta property=\"og:description\" content=\"In Amalfi leuchtet der Sommer 2025 heller als je zuvor! Die Aufregung erreicht ihren H\u00f6hepunkt im AUGUST, mit unvergesslichen Abenden unter dem Sternenhimmel der Stadt. Auch in diesem Jahr bringt [&hellip;]\" \/>\n<meta property=\"og:url\" content=\"https:\/\/www.visitamalfi.info\/de\/august-in-amalfi-ein-magischer-und-aufregender-monat-voller-musik-und-stars\/\" \/>\n<meta property=\"og:site_name\" content=\"Visit Amalfi\" \/>\n<meta property=\"article:publisher\" content=\"https:\/\/www.facebook.com\/visitamalfiofficial\" \/>\n<meta property=\"article:published_time\" content=\"2025-08-06T08:58:55+00:00\" \/>\n<meta name=\"author\" content=\"Federica Dumont\" \/>\n<meta name=\"twitter:card\" content=\"summary_large_image\" \/>\n<meta name=\"twitter:label1\" content=\"Verfasst von\" \/>\n\t<meta name=\"twitter:data1\" content=\"Federica Dumont\" \/>\n\t<meta name=\"twitter:label2\" content=\"Gesch\u00e4tzte Lesezeit\" \/>\n\t<meta name=\"twitter:data2\" content=\"2\u00a0Minuten\" \/>\n<script type=\"application\/ld+json\" class=\"yoast-schema-graph\">{\"@context\":\"https:\\\/\\\/schema.org\",\"@graph\":[{\"@type\":\"Article\",\"@id\":\"https:\\\/\\\/www.visitamalfi.info\\\/de\\\/august-in-amalfi-ein-magischer-und-aufregender-monat-voller-musik-und-stars\\\/#article\",\"isPartOf\":{\"@id\":\"https:\\\/\\\/www.visitamalfi.info\\\/de\\\/august-in-amalfi-ein-magischer-und-aufregender-monat-voller-musik-und-stars\\\/\"},\"author\":{\"name\":\"Federica Dumont\",\"@id\":\"https:\\\/\\\/www.visitamalfi.info\\\/de\\\/#\\\/schema\\\/person\\\/0c7584af846d5d2da6c69f7e68f3af96\"},\"headline\":\"August in Amalfi: ein magischer und aufregender Monat voller Musik und Stars!\",\"datePublished\":\"2025-08-06T08:58:55+00:00\",\"mainEntityOfPage\":{\"@id\":\"https:\\\/\\\/www.visitamalfi.info\\\/de\\\/august-in-amalfi-ein-magischer-und-aufregender-monat-voller-musik-und-stars\\\/\"},\"wordCount\":459,\"commentCount\":0,\"publisher\":{\"@id\":\"https:\\\/\\\/www.visitamalfi.info\\\/de\\\/#organization\"},\"image\":{\"@id\":\"https:\\\/\\\/www.visitamalfi.info\\\/de\\\/august-in-amalfi-ein-magischer-und-aufregender-monat-voller-musik-und-stars\\\/#primaryimage\"},\"thumbnailUrl\":\"https:\\\/\\\/www.visitamalfi.info\\\/wp-content\\\/uploads\\\/2025\\\/06\\\/concerto-cover-queen-of-bulsara-foto-abbagnara-59-1.jpg\",\"articleSection\":[\"Consigli di viaggio\",\"Eventi\",\"Tradition\"],\"inLanguage\":\"de\",\"potentialAction\":[{\"@type\":\"CommentAction\",\"name\":\"Comment\",\"target\":[\"https:\\\/\\\/www.visitamalfi.info\\\/de\\\/august-in-amalfi-ein-magischer-und-aufregender-monat-voller-musik-und-stars\\\/#respond\"]}]},{\"@type\":\"WebPage\",\"@id\":\"https:\\\/\\\/www.visitamalfi.info\\\/de\\\/august-in-amalfi-ein-magischer-und-aufregender-monat-voller-musik-und-stars\\\/\",\"url\":\"https:\\\/\\\/www.visitamalfi.info\\\/de\\\/august-in-amalfi-ein-magischer-und-aufregender-monat-voller-musik-und-stars\\\/\",\"name\":\"August in Amalfi: ein magischer und aufregender Monat voller Musik und Stars! - Visit Amalfi\",\"isPartOf\":{\"@id\":\"https:\\\/\\\/www.visitamalfi.info\\\/de\\\/#website\"},\"primaryImageOfPage\":{\"@id\":\"https:\\\/\\\/www.visitamalfi.info\\\/de\\\/august-in-amalfi-ein-magischer-und-aufregender-monat-voller-musik-und-stars\\\/#primaryimage\"},\"image\":{\"@id\":\"https:\\\/\\\/www.visitamalfi.info\\\/de\\\/august-in-amalfi-ein-magischer-und-aufregender-monat-voller-musik-und-stars\\\/#primaryimage\"},\"thumbnailUrl\":\"https:\\\/\\\/www.visitamalfi.info\\\/wp-content\\\/uploads\\\/2025\\\/06\\\/concerto-cover-queen-of-bulsara-foto-abbagnara-59-1.jpg\",\"datePublished\":\"2025-08-06T08:58:55+00:00\",\"breadcrumb\":{\"@id\":\"https:\\\/\\\/www.visitamalfi.info\\\/de\\\/august-in-amalfi-ein-magischer-und-aufregender-monat-voller-musik-und-stars\\\/#breadcrumb\"},\"inLanguage\":\"de\",\"potentialAction\":[{\"@type\":\"ReadAction\",\"target\":[\"https:\\\/\\\/www.visitamalfi.info\\\/de\\\/august-in-amalfi-ein-magischer-und-aufregender-monat-voller-musik-und-stars\\\/\"]}]},{\"@type\":\"ImageObject\",\"inLanguage\":\"de\",\"@id\":\"https:\\\/\\\/www.visitamalfi.info\\\/de\\\/august-in-amalfi-ein-magischer-und-aufregender-monat-voller-musik-und-stars\\\/#primaryimage\",\"url\":\"https:\\\/\\\/www.visitamalfi.info\\\/wp-content\\\/uploads\\\/2025\\\/06\\\/concerto-cover-queen-of-bulsara-foto-abbagnara-59-1.jpg\",\"contentUrl\":\"https:\\\/\\\/www.visitamalfi.info\\\/wp-content\\\/uploads\\\/2025\\\/06\\\/concerto-cover-queen-of-bulsara-foto-abbagnara-59-1.jpg\",\"width\":1920,\"height\":1280},{\"@type\":\"BreadcrumbList\",\"@id\":\"https:\\\/\\\/www.visitamalfi.info\\\/de\\\/august-in-amalfi-ein-magischer-und-aufregender-monat-voller-musik-und-stars\\\/#breadcrumb\",\"itemListElement\":[{\"@type\":\"ListItem\",\"position\":1,\"name\":\"Home\",\"item\":\"https:\\\/\\\/www.visitamalfi.info\\\/de\\\/\"},{\"@type\":\"ListItem\",\"position\":2,\"name\":\"August in Amalfi: ein magischer und aufregender Monat voller Musik und Stars!\"}]},{\"@type\":\"WebSite\",\"@id\":\"https:\\\/\\\/www.visitamalfi.info\\\/de\\\/#website\",\"url\":\"https:\\\/\\\/www.visitamalfi.info\\\/de\\\/\",\"name\":\"Visit Amalfi\",\"description\":\"Amalfi Destination Official Website\",\"publisher\":{\"@id\":\"https:\\\/\\\/www.visitamalfi.info\\\/de\\\/#organization\"},\"potentialAction\":[{\"@type\":\"SearchAction\",\"target\":{\"@type\":\"EntryPoint\",\"urlTemplate\":\"https:\\\/\\\/www.visitamalfi.info\\\/de\\\/?s={search_term_string}\"},\"query-input\":{\"@type\":\"PropertyValueSpecification\",\"valueRequired\":true,\"valueName\":\"search_term_string\"}}],\"inLanguage\":\"de\"},{\"@type\":\"Organization\",\"@id\":\"https:\\\/\\\/www.visitamalfi.info\\\/de\\\/#organization\",\"name\":\"Visit Amalfi\",\"url\":\"https:\\\/\\\/www.visitamalfi.info\\\/de\\\/\",\"logo\":{\"@type\":\"ImageObject\",\"inLanguage\":\"de\",\"@id\":\"https:\\\/\\\/www.visitamalfi.info\\\/de\\\/#\\\/schema\\\/logo\\\/image\\\/\",\"url\":\"https:\\\/\\\/www.visitamalfi.info\\\/wp-content\\\/uploads\\\/2023\\\/04\\\/visit-amalfi-logo-web.png\",\"contentUrl\":\"https:\\\/\\\/www.visitamalfi.info\\\/wp-content\\\/uploads\\\/2023\\\/04\\\/visit-amalfi-logo-web.png\",\"width\":800,\"height\":870,\"caption\":\"Visit Amalfi\"},\"image\":{\"@id\":\"https:\\\/\\\/www.visitamalfi.info\\\/de\\\/#\\\/schema\\\/logo\\\/image\\\/\"},\"sameAs\":[\"https:\\\/\\\/www.facebook.com\\\/visitamalfiofficial\",\"https:\\\/\\\/www.instagram.com\\\/visitamalfiofficial\\\/\"]},{\"@type\":\"Person\",\"@id\":\"https:\\\/\\\/www.visitamalfi.info\\\/de\\\/#\\\/schema\\\/person\\\/0c7584af846d5d2da6c69f7e68f3af96\",\"name\":\"Federica Dumont\",\"image\":{\"@type\":\"ImageObject\",\"inLanguage\":\"de\",\"@id\":\"https:\\\/\\\/secure.gravatar.com\\\/avatar\\\/0803dab414b6c6f1fd2399680f587870a020419b6ebe9d36dd75df06a6a68060?s=96&d=mm&r=g\",\"url\":\"https:\\\/\\\/secure.gravatar.com\\\/avatar\\\/0803dab414b6c6f1fd2399680f587870a020419b6ebe9d36dd75df06a6a68060?s=96&d=mm&r=g\",\"contentUrl\":\"https:\\\/\\\/secure.gravatar.com\\\/avatar\\\/0803dab414b6c6f1fd2399680f587870a020419b6ebe9d36dd75df06a6a68060?s=96&d=mm&r=g\",\"caption\":\"Federica Dumont\"},\"url\":\"https:\\\/\\\/www.visitamalfi.info\\\/de\\\/author\\\/federica\\\/\"}]}<\/script>\n<!-- \/ Yoast SEO plugin. -->","yoast_head_json":{"title":"August in Amalfi: ein magischer und aufregender Monat voller Musik und Stars! - Visit Amalfi","robots":{"index":"index","follow":"follow","max-snippet":"max-snippet:-1","max-image-preview":"max-image-preview:large","max-video-preview":"max-video-preview:-1"},"canonical":"https:\/\/www.visitamalfi.info\/de\/august-in-amalfi-ein-magischer-und-aufregender-monat-voller-musik-und-stars\/","og_locale":"de_DE","og_type":"article","og_title":"August in Amalfi: ein magischer und aufregender Monat voller Musik und Stars! - Visit Amalfi","og_description":"In Amalfi leuchtet der Sommer 2025 heller als je zuvor! Die Aufregung erreicht ihren H\u00f6hepunkt im AUGUST, mit unvergesslichen Abenden unter dem Sternenhimmel der Stadt. Auch in diesem Jahr bringt [&hellip;]","og_url":"https:\/\/www.visitamalfi.info\/de\/august-in-amalfi-ein-magischer-und-aufregender-monat-voller-musik-und-stars\/","og_site_name":"Visit Amalfi","article_publisher":"https:\/\/www.facebook.com\/visitamalfiofficial","article_published_time":"2025-08-06T08:58:55+00:00","author":"Federica Dumont","twitter_card":"summary_large_image","twitter_misc":{"Verfasst von":"Federica Dumont","Gesch\u00e4tzte Lesezeit":"2\u00a0Minuten"},"schema":{"@context":"https:\/\/schema.org","@graph":[{"@type":"Article","@id":"https:\/\/www.visitamalfi.info\/de\/august-in-amalfi-ein-magischer-und-aufregender-monat-voller-musik-und-stars\/#article","isPartOf":{"@id":"https:\/\/www.visitamalfi.info\/de\/august-in-amalfi-ein-magischer-und-aufregender-monat-voller-musik-und-stars\/"},"author":{"name":"Federica Dumont","@id":"https:\/\/www.visitamalfi.info\/de\/#\/schema\/person\/0c7584af846d5d2da6c69f7e68f3af96"},"headline":"August in Amalfi: ein magischer und aufregender Monat voller Musik und Stars!","datePublished":"2025-08-06T08:58:55+00:00","mainEntityOfPage":{"@id":"https:\/\/www.visitamalfi.info\/de\/august-in-amalfi-ein-magischer-und-aufregender-monat-voller-musik-und-stars\/"},"wordCount":459,"commentCount":0,"publisher":{"@id":"https:\/\/www.visitamalfi.info\/de\/#organization"},"image":{"@id":"https:\/\/www.visitamalfi.info\/de\/august-in-amalfi-ein-magischer-und-aufregender-monat-voller-musik-und-stars\/#primaryimage"},"thumbnailUrl":"https:\/\/www.visitamalfi.info\/wp-content\/uploads\/2025\/06\/concerto-cover-queen-of-bulsara-foto-abbagnara-59-1.jpg","articleSection":["Consigli di viaggio","Eventi","Tradition"],"inLanguage":"de","potentialAction":[{"@type":"CommentAction","name":"Comment","target":["https:\/\/www.visitamalfi.info\/de\/august-in-amalfi-ein-magischer-und-aufregender-monat-voller-musik-und-stars\/#respond"]}]},{"@type":"WebPage","@id":"https:\/\/www.visitamalfi.info\/de\/august-in-amalfi-ein-magischer-und-aufregender-monat-voller-musik-und-stars\/","url":"https:\/\/www.visitamalfi.info\/de\/august-in-amalfi-ein-magischer-und-aufregender-monat-voller-musik-und-stars\/","name":"August in Amalfi: ein magischer und aufregender Monat voller Musik und Stars! - Visit Amalfi","isPartOf":{"@id":"https:\/\/www.visitamalfi.info\/de\/#website"},"primaryImageOfPage":{"@id":"https:\/\/www.visitamalfi.info\/de\/august-in-amalfi-ein-magischer-und-aufregender-monat-voller-musik-und-stars\/#primaryimage"},"image":{"@id":"https:\/\/www.visitamalfi.info\/de\/august-in-amalfi-ein-magischer-und-aufregender-monat-voller-musik-und-stars\/#primaryimage"},"thumbnailUrl":"https:\/\/www.visitamalfi.info\/wp-content\/uploads\/2025\/06\/concerto-cover-queen-of-bulsara-foto-abbagnara-59-1.jpg","datePublished":"2025-08-06T08:58:55+00:00","breadcrumb":{"@id":"https:\/\/www.visitamalfi.info\/de\/august-in-amalfi-ein-magischer-und-aufregender-monat-voller-musik-und-stars\/#breadcrumb"},"inLanguage":"de","potentialAction":[{"@type":"ReadAction","target":["https:\/\/www.visitamalfi.info\/de\/august-in-amalfi-ein-magischer-und-aufregender-monat-voller-musik-und-stars\/"]}]},{"@type":"ImageObject","inLanguage":"de","@id":"https:\/\/www.visitamalfi.info\/de\/august-in-amalfi-ein-magischer-und-aufregender-monat-voller-musik-und-stars\/#primaryimage","url":"https:\/\/www.visitamalfi.info\/wp-content\/uploads\/2025\/06\/concerto-cover-queen-of-bulsara-foto-abbagnara-59-1.jpg","contentUrl":"https:\/\/www.visitamalfi.info\/wp-content\/uploads\/2025\/06\/concerto-cover-queen-of-bulsara-foto-abbagnara-59-1.jpg","width":1920,"height":1280},{"@type":"BreadcrumbList","@id":"https:\/\/www.visitamalfi.info\/de\/august-in-amalfi-ein-magischer-und-aufregender-monat-voller-musik-und-stars\/#breadcrumb","itemListElement":[{"@type":"ListItem","position":1,"name":"Home","item":"https:\/\/www.visitamalfi.info\/de\/"},{"@type":"ListItem","position":2,"name":"August in Amalfi: ein magischer und aufregender Monat voller Musik und Stars!"}]},{"@type":"WebSite","@id":"https:\/\/www.visitamalfi.info\/de\/#website","url":"https:\/\/www.visitamalfi.info\/de\/","name":"Visit Amalfi","description":"Amalfi Destination Official Website","publisher":{"@id":"https:\/\/www.visitamalfi.info\/de\/#organization"},"potentialAction":[{"@type":"SearchAction","target":{"@type":"EntryPoint","urlTemplate":"https:\/\/www.visitamalfi.info\/de\/?s={search_term_string}"},"query-input":{"@type":"PropertyValueSpecification","valueRequired":true,"valueName":"search_term_string"}}],"inLanguage":"de"},{"@type":"Organization","@id":"https:\/\/www.visitamalfi.info\/de\/#organization","name":"Visit Amalfi","url":"https:\/\/www.visitamalfi.info\/de\/","logo":{"@type":"ImageObject","inLanguage":"de","@id":"https:\/\/www.visitamalfi.info\/de\/#\/schema\/logo\/image\/","url":"https:\/\/www.visitamalfi.info\/wp-content\/uploads\/2023\/04\/visit-amalfi-logo-web.png","contentUrl":"https:\/\/www.visitamalfi.info\/wp-content\/uploads\/2023\/04\/visit-amalfi-logo-web.png","width":800,"height":870,"caption":"Visit Amalfi"},"image":{"@id":"https:\/\/www.visitamalfi.info\/de\/#\/schema\/logo\/image\/"},"sameAs":["https:\/\/www.facebook.com\/visitamalfiofficial","https:\/\/www.instagram.com\/visitamalfiofficial\/"]},{"@type":"Person","@id":"https:\/\/www.visitamalfi.info\/de\/#\/schema\/person\/0c7584af846d5d2da6c69f7e68f3af96","name":"Federica Dumont","image":{"@type":"ImageObject","inLanguage":"de","@id":"https:\/\/secure.gravatar.com\/avatar\/0803dab414b6c6f1fd2399680f587870a020419b6ebe9d36dd75df06a6a68060?s=96&d=mm&r=g","url":"https:\/\/secure.gravatar.com\/avatar\/0803dab414b6c6f1fd2399680f587870a020419b6ebe9d36dd75df06a6a68060?s=96&d=mm&r=g","contentUrl":"https:\/\/secure.gravatar.com\/avatar\/0803dab414b6c6f1fd2399680f587870a020419b6ebe9d36dd75df06a6a68060?s=96&d=mm&r=g","caption":"Federica Dumont"},"url":"https:\/\/www.visitamalfi.info\/de\/author\/federica\/"}]}},"_links":{"self":[{"href":"https:\/\/www.visitamalfi.info\/de\/wp-json\/wp\/v2\/posts\/22431","targetHints":{"allow":["GET"]}}],"collection":[{"href":"https:\/\/www.visitamalfi.info\/de\/wp-json\/wp\/v2\/posts"}],"about":[{"href":"https:\/\/www.visitamalfi.info\/de\/wp-json\/wp\/v2\/types\/post"}],"author":[{"embeddable":true,"href":"https:\/\/www.visitamalfi.info\/de\/wp-json\/wp\/v2\/users\/7"}],"replies":[{"embeddable":true,"href":"https:\/\/www.visitamalfi.info\/de\/wp-json\/wp\/v2\/comments?post=22431"}],"version-history":[{"count":0,"href":"https:\/\/www.visitamalfi.info\/de\/wp-json\/wp\/v2\/posts\/22431\/revisions"}],"wp:featuredmedia":[{"embeddable":true,"href":"https:\/\/www.visitamalfi.info\/de\/wp-json\/wp\/v2\/media\/22078"}],"wp:attachment":[{"href":"https:\/\/www.visitamalfi.info\/de\/wp-json\/wp\/v2\/media?parent=22431"}],"wp:term":[{"taxonomy":"category","embeddable":true,"href":"https:\/\/www.visitamalfi.info\/de\/wp-json\/wp\/v2\/categories?post=22431"},{"taxonomy":"post_tag","embeddable":true,"href":"https:\/\/www.visitamalfi.info\/de\/wp-json\/wp\/v2\/tags?post=22431"}],"curies":[{"name":"wp","href":"https:\/\/api.w.org\/{rel}","templated":true}]}}