{"id":22245,"date":"2025-06-30T11:35:44","date_gmt":"2025-06-30T09:35:44","guid":{"rendered":"https:\/\/www.visitamalfi.info\/die-besten-aussichtspunkte-und-mehr-in-amalfi-und-wann-sie-dorthin-fahren-sollten\/"},"modified":"2025-06-30T11:35:44","modified_gmt":"2025-06-30T09:35:44","slug":"die-besten-aussichtspunkte-und-mehr-in-amalfi-und-wann-sie-dorthin-fahren-sollten","status":"publish","type":"post","link":"https:\/\/www.visitamalfi.info\/de\/die-besten-aussichtspunkte-und-mehr-in-amalfi-und-wann-sie-dorthin-fahren-sollten\/","title":{"rendered":"Die besten Aussichtspunkte (und mehr) in Amalfi, und wann Sie dorthin fahren sollten."},"content":{"rendered":"<p class=\"cvGsUA direction-ltr align-start para-style-body\"><span class=\"OYPEnA font-feature-liga-off font-feature-clig-off font-feature-calt-off text-decoration-none text-strikethrough-none\">Unvergessliche Blicke zwischen Himmel und Meer: <strong>der ultimative Leitfaden<\/strong> zum Fotografieren der Sch\u00f6nheit der Stadt.<\/span><\/p>\n<p class=\"cvGsUA direction-ltr align-start para-style-body\"><span class=\"OYPEnA font-feature-liga-off font-feature-clig-off font-feature-calt-off text-decoration-none text-strikethrough-none\">Amalfi ist ein Ort, der in Ihren Augen, aber vor allem in Ihrem Herzen bleibt. Aber es gibt Momente und Ecken, in denen seine Sch\u00f6nheit noch verst\u00e4rkt wird und jede Aufnahme zur Poesie wird. Egal, ob Sie ein Liebhaber der Fotografie, ein Romantiker auf der Suche nach dem perfekten Sonnenuntergang oder einfach nur ein neugieriger Reisender sind, dieser Reisef\u00fchrer nimmt Sie mit auf eine Entdeckungsreise <strong>zu den stimmungsvollsten Sehensw\u00fcrdigkeiten von Amalfi<\/strong>&#8211; mit den richtigen Tipps, wann Sie dorthin fahren sollten, um sie von ihrer besten Seite zu erleben.<\/span><\/p>\n<p class=\"cvGsUA direction-ltr align-start para-style-body\"><strong><span class=\"OYPEnA font-feature-liga-off font-feature-clig-off font-feature-calt-off text-decoration-none text-strikethrough-none\">1. <\/span><a class=\"OYPEnA font-feature-liga-off font-feature-clig-off font-feature-calt-off text-decoration-none text-strikethrough-none\" draggable=\"false\" href=\"https:\/\/www.visitamalfi.info\/de\/poi\/largo-duchi-piccolomini\/\" target=\"_blank\" rel=\"noopener\">Largo Duchi Piccolomini<img decoding=\"async\" class=\"wp-image-15270 alignright\" src=\"https:\/\/www.visitamalfi.info\/wp-content\/uploads\/2024\/03\/LARGO-DUCA-PICCOLOMINI-SENZA-MODELLI-M.ABBAGNARA-8-300x200.jpg\" alt=\"Amalfi_Largo Duchi Piccolomini\" width=\"189\" height=\"126\" srcset=\"https:\/\/www.visitamalfi.info\/wp-content\/uploads\/2024\/03\/LARGO-DUCA-PICCOLOMINI-SENZA-MODELLI-M.ABBAGNARA-8-300x200.jpg 300w, https:\/\/www.visitamalfi.info\/wp-content\/uploads\/2024\/03\/LARGO-DUCA-PICCOLOMINI-SENZA-MODELLI-M.ABBAGNARA-8-1024x683.jpg 1024w, https:\/\/www.visitamalfi.info\/wp-content\/uploads\/2024\/03\/LARGO-DUCA-PICCOLOMINI-SENZA-MODELLI-M.ABBAGNARA-8-768x512.jpg 768w, https:\/\/www.visitamalfi.info\/wp-content\/uploads\/2024\/03\/LARGO-DUCA-PICCOLOMINI-SENZA-MODELLI-M.ABBAGNARA-8-1536x1024.jpg 1536w, https:\/\/www.visitamalfi.info\/wp-content\/uploads\/2024\/03\/LARGO-DUCA-PICCOLOMINI-SENZA-MODELLI-M.ABBAGNARA-8-870x580.jpg 870w, https:\/\/www.visitamalfi.info\/wp-content\/uploads\/2024\/03\/LARGO-DUCA-PICCOLOMINI-SENZA-MODELLI-M.ABBAGNARA-8-615x410.jpg 615w, https:\/\/www.visitamalfi.info\/wp-content\/uploads\/2024\/03\/LARGO-DUCA-PICCOLOMINI-SENZA-MODELLI-M.ABBAGNARA-8-1240x825.jpg 1240w, https:\/\/www.visitamalfi.info\/wp-content\/uploads\/2024\/03\/LARGO-DUCA-PICCOLOMINI-SENZA-MODELLI-M.ABBAGNARA-8.jpg 1920w\" sizes=\"(max-width: 189px) 100vw, 189px\" \/><\/a><\/strong><\/p>\n<p class=\"cvGsUA direction-ltr align-start para-style-body\"><span class=\"OYPEnA font-feature-liga-off font-feature-clig-off font-feature-calt-off text-decoration-none text-strikethrough-none\">Wo es sich befindet: <\/span><span class=\"OYPEnA font-feature-liga-off font-feature-clig-off font-feature-calt-off text-decoration-none text-strikethrough-none\">im Herzen des historischen Zentrums, nur einen Steinwurf vom Hauptplatz entfernt.<\/span><\/p>\n<p class=\"cvGsUA direction-ltr align-start para-style-body\"><span class=\"OYPEnA font-feature-liga-off font-feature-clig-off font-feature-calt-off text-decoration-none text-strikethrough-none\">Warum dorthin gehen:<\/span><span class=\"OYPEnA font-feature-liga-off font-feature-clig-off font-feature-calt-off text-decoration-none text-strikethrough-none\"> Es ist einer der fotogensten Orte der Stadt, wo sich der Blick zwischen architektonischen Einblicken und dem Profil des Meeres, das zwischen den H\u00e4usern hervorlugt, \u00f6ffnet.<\/span><\/p>\n<p class=\"cvGsUA direction-ltr align-start para-style-body\"><span class=\"OYPEnA font-feature-liga-off font-feature-clig-off font-feature-calt-off text-decoration-none text-strikethrough-none\">Wann Sie gehen sollten<\/span><span class=\"OYPEnA font-feature-liga-off font-feature-clig-off font-feature-calt-off text-decoration-none text-strikethrough-none\">Fr\u00fch am Morgen, wenn das Licht noch schwach ist und die Stra\u00dfen noch ruhig sind. Perfekt f\u00fcr einen authentischen ersten Blick auf die erwachende Stadt.<\/span><\/p>\n<p class=\"cvGsUA direction-ltr align-start para-style-body\"><strong><span class=\"OYPEnA font-feature-liga-off font-feature-clig-off font-feature-calt-off text-decoration-none text-strikethrough-none\">2. Stufen der <a href=\"https:\/\/www.visitamalfi.info\/poi\/complesso-della-cattedrale-di-santandrea\/\">St. Andrew&#8217;s Kathedrale<\/a><\/span><\/strong><\/p>\n<p class=\"cvGsUA direction-ltr align-start para-style-body\"><span class=\"OYPEnA font-feature-liga-off font-feature-clig-off font-feature-calt-off text-decoration-none text-strikethrough-none\"><img decoding=\"async\" class=\"wp-image-19942 alignleft\" src=\"https:\/\/www.visitamalfi.info\/wp-content\/uploads\/2024\/09\/DSC03296-300x200.jpg\" alt=\"\" width=\"195\" height=\"130\" srcset=\"https:\/\/www.visitamalfi.info\/wp-content\/uploads\/2024\/09\/DSC03296-300x200.jpg 300w, https:\/\/www.visitamalfi.info\/wp-content\/uploads\/2024\/09\/DSC03296-1024x683.jpg 1024w, https:\/\/www.visitamalfi.info\/wp-content\/uploads\/2024\/09\/DSC03296-768x512.jpg 768w, https:\/\/www.visitamalfi.info\/wp-content\/uploads\/2024\/09\/DSC03296-1536x1024.jpg 1536w, https:\/\/www.visitamalfi.info\/wp-content\/uploads\/2024\/09\/DSC03296-870x580.jpg 870w, https:\/\/www.visitamalfi.info\/wp-content\/uploads\/2024\/09\/DSC03296-615x410.jpg 615w, https:\/\/www.visitamalfi.info\/wp-content\/uploads\/2024\/09\/DSC03296-1240x825.jpg 1240w, https:\/\/www.visitamalfi.info\/wp-content\/uploads\/2024\/09\/DSC03296.jpg 1920w\" sizes=\"(max-width: 195px) 100vw, 195px\" \/>Wo es sich befindet<\/span><span class=\"OYPEnA font-feature-liga-off font-feature-clig-off font-feature-calt-off text-decoration-none text-strikethrough-none\">: Piazza Duomo<\/span><\/p>\n<p class=\"cvGsUA direction-ltr align-start para-style-body\"><span class=\"OYPEnA font-feature-liga-off font-feature-clig-off font-feature-calt-off text-decoration-none text-strikethrough-none\">Warum dorthin gehen<\/span><span class=\"OYPEnA font-feature-liga-off font-feature-clig-off font-feature-calt-off text-decoration-none text-strikethrough-none\">: Es ist der urbane Standpunkt schlechthin. Von hier aus k\u00f6nnen Sie den ganzen Platz im Get\u00fcmmel sehen und hinter Ihnen die pr\u00e4chtige Fassade der Kathedrale.<\/span><\/p>\n<p class=\"cvGsUA direction-ltr align-start para-style-body\"><span class=\"OYPEnA font-feature-liga-off font-feature-clig-off font-feature-calt-off text-decoration-none text-strikethrough-none\">Wann Sie gehen sollten<\/span><span class=\"OYPEnA font-feature-liga-off font-feature-clig-off font-feature-calt-off text-decoration-none text-strikethrough-none\">Bei Sonnenuntergang, wenn die Sonne die Fassaden orange und rosa f\u00e4rbt und der Platz lebendig wird, ohne \u00fcberf\u00fcllt zu sein.<\/span><\/p>\n<p class=\"cvGsUA direction-ltr align-start para-style-body\"><strong><span class=\"OYPEnA font-feature-liga-off font-feature-clig-off font-feature-calt-off text-decoration-none text-strikethrough-none\">3. Die Terrasse der <a href=\"https:\/\/www.visitamalfi.info\/de\/poi\/chiesa-della-nativita-di-maria-ss\/\">Kirche der Geburt Mariens SS.<\/a><\/span><\/strong><\/p>\n<p class=\"cvGsUA direction-ltr align-start para-style-body\"><span class=\"OYPEnA font-feature-liga-off font-feature-clig-off font-feature-calt-off text-decoration-none text-strikethrough-none\">Wo sie sich befindet<\/span><span class=\"OYPEnA font-feature-liga-off font-feature-clig-off font-feature-calt-off text-decoration-none text-strikethrough-none\">:<\/span> <span class=\"OYPEnA font-feature-liga-off font-feature-clig-off font-feature-calt-off text-decoration-none text-strikethrough-none\">im Dorf Lone, umgeben von \u00fcppigen G\u00e4rten, Terrassen und atemberaubenden Aussichten.<img decoding=\"async\" class=\" wp-image-15703 alignright\" src=\"https:\/\/www.visitamalfi.info\/wp-content\/uploads\/2024\/03\/ANA_2290-8k-300x200.jpg\" alt=\"Amalfi_Via Mestra dei Villaggi_Lone_Church of the Nativity of Maria SS.\" width=\"197\" height=\"131\" srcset=\"https:\/\/www.visitamalfi.info\/wp-content\/uploads\/2024\/03\/ANA_2290-8k-300x200.jpg 300w, https:\/\/www.visitamalfi.info\/wp-content\/uploads\/2024\/03\/ANA_2290-8k-1024x683.jpg 1024w, https:\/\/www.visitamalfi.info\/wp-content\/uploads\/2024\/03\/ANA_2290-8k-768x512.jpg 768w, https:\/\/www.visitamalfi.info\/wp-content\/uploads\/2024\/03\/ANA_2290-8k-1536x1024.jpg 1536w, https:\/\/www.visitamalfi.info\/wp-content\/uploads\/2024\/03\/ANA_2290-8k-870x580.jpg 870w, https:\/\/www.visitamalfi.info\/wp-content\/uploads\/2024\/03\/ANA_2290-8k-615x410.jpg 615w, https:\/\/www.visitamalfi.info\/wp-content\/uploads\/2024\/03\/ANA_2290-8k-1240x825.jpg 1240w, https:\/\/www.visitamalfi.info\/wp-content\/uploads\/2024\/03\/ANA_2290-8k.jpg 1920w\" sizes=\"(max-width: 197px) 100vw, 197px\" \/><\/span><\/p>\n<p class=\"cvGsUA direction-ltr align-start para-style-body\"><span class=\"OYPEnA font-feature-liga-off font-feature-clig-off font-feature-calt-off text-decoration-none text-strikethrough-none\">Warum dorthin gehen<\/span><span class=\"OYPEnA font-feature-liga-off font-feature-clig-off font-feature-calt-off text-decoration-none text-strikethrough-none\">Dieser Punkt ist ein kleines Geheimnis f\u00fcr diejenigen, die Amalfi und seine Ortschaften gut kennen. Von hier aus hat man einen wunderbaren Blick von oben, mit einzigartigen Einblicken.<\/span><\/p>\n<p class=\"cvGsUA direction-ltr align-start para-style-body\"><span class=\"OYPEnA font-feature-liga-off font-feature-clig-off font-feature-calt-off text-decoration-none text-strikethrough-none\">Wann Sie gehen sollten<\/span><span class=\"OYPEnA font-feature-liga-off font-feature-clig-off font-feature-calt-off text-decoration-none text-strikethrough-none\">Morgens, inmitten der wunderbaren Farben der K\u00fcste.<\/span><\/p>\n<p class=\"cvGsUA direction-ltr align-start para-style-body\"><strong><span class=\"OYPEnA font-feature-liga-off font-feature-clig-off font-feature-calt-off text-decoration-none text-strikethrough-none\">4. Die Kaib\u00fcrste<\/span><\/strong><\/p>\n<p class=\"cvGsUA direction-ltr align-start para-style-body\"><span class=\"OYPEnA font-feature-liga-off font-feature-clig-off font-feature-calt-off text-decoration-none text-strikethrough-none\">Wo es sich befindet<\/span><span class=\"OYPEnA font-feature-liga-off font-feature-clig-off font-feature-calt-off text-decoration-none text-strikethrough-none\">Am Hafen von Amalfi, den Sie zu Fu\u00df bis zum Ende der Mole erreichen.<\/span><\/p>\n<p class=\"cvGsUA direction-ltr align-start para-style-body\"><span class=\"OYPEnA font-feature-liga-off font-feature-clig-off font-feature-calt-off text-decoration-none text-strikethrough-none\">Warum dorthin fahren<\/span><span class=\"OYPEnA font-feature-liga-off font-feature-clig-off font-feature-calt-off text-decoration-none text-strikethrough-none\">Von hier aus sehen Sie Amalfi in seiner Gesamtheit, als w\u00e4re es ein Gem\u00e4lde zwischen Meer und Bergen.<\/span><\/p>\n<p class=\"cvGsUA direction-ltr align-start para-style-body\"><span class=\"OYPEnA font-feature-liga-off font-feature-clig-off font-feature-calt-off text-decoration-none text-strikethrough-none\">Wann Sie gehen sollten<\/span><span class=\"OYPEnA font-feature-liga-off font-feature-clig-off font-feature-calt-off text-decoration-none text-strikethrough-none\">Morgens, wenn die Sonne die Fassade der Stadt beleuchtet, oder abends, um die Lichter zu fotografieren, die sich auf dem Wasser spiegeln.<\/span><\/p>\n<p class=\"cvGsUA direction-ltr align-start para-style-body\"><strong><span class=\"OYPEnA font-feature-liga-off font-feature-clig-off font-feature-calt-off text-decoration-none text-strikethrough-none\">5. Stra\u00dfe zum <a href=\"https:\/\/www.visitamalfi.info\/de\/poi\/cimitero-monumentale\/\">Monumentalfriedhof<\/a><\/span><\/strong><\/p>\n<p class=\"cvGsUA direction-ltr align-start para-style-body\"><span class=\"OYPEnA font-feature-liga-off font-feature-clig-off font-feature-calt-off text-decoration-none text-strikethrough-none\"><img loading=\"lazy\" decoding=\"async\" class=\"wp-image-22130 alignleft\" src=\"https:\/\/www.visitamalfi.info\/wp-content\/uploads\/2025\/06\/CIMITERO-MONUMENTALE-SENZA-MODELLI-M.ABBAGNARA-6-200x300.jpg\" alt=\"\" width=\"115\" height=\"173\" srcset=\"https:\/\/www.visitamalfi.info\/wp-content\/uploads\/2025\/06\/CIMITERO-MONUMENTALE-SENZA-MODELLI-M.ABBAGNARA-6-200x300.jpg 200w, https:\/\/www.visitamalfi.info\/wp-content\/uploads\/2025\/06\/CIMITERO-MONUMENTALE-SENZA-MODELLI-M.ABBAGNARA-6-683x1024.jpg 683w, https:\/\/www.visitamalfi.info\/wp-content\/uploads\/2025\/06\/CIMITERO-MONUMENTALE-SENZA-MODELLI-M.ABBAGNARA-6-768x1152.jpg 768w, https:\/\/www.visitamalfi.info\/wp-content\/uploads\/2025\/06\/CIMITERO-MONUMENTALE-SENZA-MODELLI-M.ABBAGNARA-6-1024x1536.jpg 1024w, https:\/\/www.visitamalfi.info\/wp-content\/uploads\/2025\/06\/CIMITERO-MONUMENTALE-SENZA-MODELLI-M.ABBAGNARA-6.jpg 1280w\" sizes=\"(max-width: 115px) 100vw, 115px\" \/>Wo sie sich befindet<\/span><span class=\"OYPEnA font-feature-liga-off font-feature-clig-off font-feature-calt-off text-decoration-none text-strikethrough-none\">: Nehmen Sie den Aufstieg in Richtung des Monumentalfriedhofs, hinter der Stadt.<\/span><\/p>\n<p class=\"cvGsUA direction-ltr align-start para-style-body\"><span class=\"OYPEnA font-feature-liga-off font-feature-clig-off font-feature-calt-off text-decoration-none text-strikethrough-none\">Warum dorthin gehen<\/span><span class=\"OYPEnA font-feature-liga-off font-feature-clig-off font-feature-calt-off text-decoration-none text-strikethrough-none\">Die Aussicht von der Spitze ist atemberaubend: Kathedrale, D\u00e4cher, Zitronenhaine und der Horizont, der ins Blau \u00fcbergeht.<\/span><\/p>\n<p class=\"cvGsUA direction-ltr align-start para-style-body\"><span class=\"OYPEnA font-feature-liga-off font-feature-clig-off font-feature-calt-off text-decoration-none text-strikethrough-none\">Wann Sie gehen sollten<\/span><span class=\"OYPEnA font-feature-liga-off font-feature-clig-off font-feature-calt-off text-decoration-none text-strikethrough-none\">An einem klaren Morgen oder bei Sonnenuntergang, wenn die Farben alles noch magischer machen.<\/span><\/p>\n<p>&nbsp;<\/p>\n<p class=\"cvGsUA direction-ltr align-start para-style-body\"><strong><span class=\"OYPEnA font-feature-liga-off font-feature-clig-off font-feature-calt-off text-decoration-none text-strikethrough-none\">Tipps f\u00fcr das Erleben (und Fotografieren) der Sehensw\u00fcrdigkeiten von Amalfi<\/span><\/strong><\/p>\n<ul>\n<li><span class=\"OYPEnA font-feature-liga-off font-feature-clig-off font-feature-calt-off text-decoration-none text-strikethrough-none\">Bringen Sie eine Kamera oder ein gutes Smartphone mit, aber auch Augen, die bereit sind zu staunen: Manchmal l\u00e4sst sich die Sch\u00f6nheit am besten ohne Bildschirm erfassen.<\/span><\/li>\n<li><span class=\"OYPEnA font-feature-liga-off font-feature-clig-off font-feature-calt-off text-decoration-none text-strikethrough-none\">Tragen Sie bequeme Schuhe: Viele Aussichtspunkte sind nur zu Fu\u00df \u00fcber Treppen und Wege zu erreichen.<\/span><\/li>\n<li><span class=\"OYPEnA font-feature-liga-off font-feature-clig-off font-feature-calt-off text-decoration-none text-strikethrough-none\">Vermeiden Sie die Mittagsstunden des Sommers, wenn Sie viel zu Fu\u00df unterwegs sind: Der Morgen oder die goldene Stunde sind besser f\u00fcr weicheres Licht und angenehmere Temperaturen.<\/span><\/li>\n<li><span class=\"OYPEnA font-feature-liga-off font-feature-clig-off font-feature-calt-off text-decoration-none text-strikethrough-none\">Nehmen Sie eine kleine Flasche Wasser mit.<\/span><\/li>\n<\/ul>\n<p class=\"cvGsUA direction-ltr align-start para-style-body\"><strong><span class=\"OYPEnA font-feature-liga-off font-feature-clig-off font-feature-calt-off text-decoration-none text-strikethrough-none\">Amalfi aus Ihrer Sicht!<\/span><\/strong><\/p>\n<p class=\"cvGsUA direction-ltr align-start para-style-body\"><span class=\"OYPEnA font-feature-liga-off font-feature-clig-off font-feature-calt-off text-decoration-none text-strikethrough-none\">Jeder Blick auf Amalfi ist eine Postkarte, aber jeder Reisende sieht es mit anderen Augen.<\/span><\/p>\n<p class=\"cvGsUA direction-ltr align-start para-style-body\"><span class=\"OYPEnA font-feature-liga-off font-feature-clig-off font-feature-calt-off text-decoration-none text-strikethrough-none\">Teilen Sie Ihre Panoramamomente auf Instagram mit dem Hashtag <strong>#<\/strong><\/span><strong><span class=\"OYPEnA font-feature-liga-off font-feature-clig-off font-feature-calt-off text-decoration-none text-strikethrough-none\">VisitAmalfi<\/span><span class=\"OYPEnA font-feature-liga-off font-feature-clig-off font-feature-calt-off text-decoration-none text-strikethrough-none\">.<\/span><\/strong><\/p>\n","protected":false},"excerpt":{"rendered":"<p>Unvergessliche Blicke zwischen Himmel und Meer: der ultimative Leitfaden zum Fotografieren der Sch\u00f6nheit der Stadt. Amalfi ist ein Ort, der in Ihren Augen, aber vor allem in Ihrem Herzen bleibt. [&hellip;]<\/p>\n","protected":false},"author":7,"featured_media":15706,"comment_status":"open","ping_status":"closed","sticky":false,"template":"","format":"standard","meta":{"inline_featured_image":false,"footnotes":""},"categories":[896,260],"tags":[],"class_list":["post-22245","post","type-post","status-publish","format-standard","has-post-thumbnail","hentry","category-consigli-di-viaggio-de","category-kuriositaten"],"yoast_head":"<!-- This site is optimized with the Yoast SEO plugin v27.3 - https:\/\/yoast.com\/product\/yoast-seo-wordpress\/ -->\n<title>Die besten Aussichtspunkte (und mehr) in Amalfi, und wann Sie dorthin fahren sollten. - Visit Amalfi<\/title>\n<meta name=\"robots\" content=\"index, follow, max-snippet:-1, max-image-preview:large, max-video-preview:-1\" \/>\n<link rel=\"canonical\" href=\"https:\/\/www.visitamalfi.info\/de\/die-besten-aussichtspunkte-und-mehr-in-amalfi-und-wann-sie-dorthin-fahren-sollten\/\" \/>\n<meta property=\"og:locale\" content=\"de_DE\" \/>\n<meta property=\"og:type\" content=\"article\" \/>\n<meta property=\"og:title\" content=\"Die besten Aussichtspunkte (und mehr) in Amalfi, und wann Sie dorthin fahren sollten. - Visit Amalfi\" \/>\n<meta property=\"og:description\" content=\"Unvergessliche Blicke zwischen Himmel und Meer: der ultimative Leitfaden zum Fotografieren der Sch\u00f6nheit der Stadt. Amalfi ist ein Ort, der in Ihren Augen, aber vor allem in Ihrem Herzen bleibt. [&hellip;]\" \/>\n<meta property=\"og:url\" content=\"https:\/\/www.visitamalfi.info\/de\/die-besten-aussichtspunkte-und-mehr-in-amalfi-und-wann-sie-dorthin-fahren-sollten\/\" \/>\n<meta property=\"og:site_name\" content=\"Visit Amalfi\" \/>\n<meta property=\"article:publisher\" content=\"https:\/\/www.facebook.com\/visitamalfiofficial\" \/>\n<meta property=\"article:published_time\" content=\"2025-06-30T09:35:44+00:00\" \/>\n<meta property=\"og:image\" content=\"https:\/\/www.visitamalfi.info\/wp-content\/uploads\/2024\/03\/ANA_2290-8k.jpg\" \/>\n\t<meta property=\"og:image:width\" content=\"1920\" \/>\n\t<meta property=\"og:image:height\" content=\"1280\" \/>\n\t<meta property=\"og:image:type\" content=\"image\/jpeg\" \/>\n<meta name=\"author\" content=\"Federica Dumont\" \/>\n<meta name=\"twitter:card\" content=\"summary_large_image\" \/>\n<meta name=\"twitter:label1\" content=\"Verfasst von\" \/>\n\t<meta name=\"twitter:data1\" content=\"Federica Dumont\" \/>\n\t<meta name=\"twitter:label2\" content=\"Gesch\u00e4tzte Lesezeit\" \/>\n\t<meta name=\"twitter:data2\" content=\"3\u00a0Minuten\" \/>\n<script type=\"application\/ld+json\" class=\"yoast-schema-graph\">{\"@context\":\"https:\\\/\\\/schema.org\",\"@graph\":[{\"@type\":\"Article\",\"@id\":\"https:\\\/\\\/www.visitamalfi.info\\\/de\\\/die-besten-aussichtspunkte-und-mehr-in-amalfi-und-wann-sie-dorthin-fahren-sollten\\\/#article\",\"isPartOf\":{\"@id\":\"https:\\\/\\\/www.visitamalfi.info\\\/de\\\/die-besten-aussichtspunkte-und-mehr-in-amalfi-und-wann-sie-dorthin-fahren-sollten\\\/\"},\"author\":{\"name\":\"Federica Dumont\",\"@id\":\"https:\\\/\\\/www.visitamalfi.info\\\/de\\\/#\\\/schema\\\/person\\\/0c7584af846d5d2da6c69f7e68f3af96\"},\"headline\":\"Die besten Aussichtspunkte (und mehr) in Amalfi, und wann Sie dorthin fahren sollten.\",\"datePublished\":\"2025-06-30T09:35:44+00:00\",\"mainEntityOfPage\":{\"@id\":\"https:\\\/\\\/www.visitamalfi.info\\\/de\\\/die-besten-aussichtspunkte-und-mehr-in-amalfi-und-wann-sie-dorthin-fahren-sollten\\\/\"},\"wordCount\":588,\"commentCount\":0,\"publisher\":{\"@id\":\"https:\\\/\\\/www.visitamalfi.info\\\/de\\\/#organization\"},\"image\":{\"@id\":\"https:\\\/\\\/www.visitamalfi.info\\\/de\\\/die-besten-aussichtspunkte-und-mehr-in-amalfi-und-wann-sie-dorthin-fahren-sollten\\\/#primaryimage\"},\"thumbnailUrl\":\"https:\\\/\\\/www.visitamalfi.info\\\/wp-content\\\/uploads\\\/2024\\\/03\\\/ANA_2290-8k.jpg\",\"articleSection\":[\"Consigli di viaggio\",\"Kuriosit\u00e4ten\"],\"inLanguage\":\"de\",\"potentialAction\":[{\"@type\":\"CommentAction\",\"name\":\"Comment\",\"target\":[\"https:\\\/\\\/www.visitamalfi.info\\\/de\\\/die-besten-aussichtspunkte-und-mehr-in-amalfi-und-wann-sie-dorthin-fahren-sollten\\\/#respond\"]}]},{\"@type\":\"WebPage\",\"@id\":\"https:\\\/\\\/www.visitamalfi.info\\\/de\\\/die-besten-aussichtspunkte-und-mehr-in-amalfi-und-wann-sie-dorthin-fahren-sollten\\\/\",\"url\":\"https:\\\/\\\/www.visitamalfi.info\\\/de\\\/die-besten-aussichtspunkte-und-mehr-in-amalfi-und-wann-sie-dorthin-fahren-sollten\\\/\",\"name\":\"Die besten Aussichtspunkte (und mehr) in Amalfi, und wann Sie dorthin fahren sollten. - Visit Amalfi\",\"isPartOf\":{\"@id\":\"https:\\\/\\\/www.visitamalfi.info\\\/de\\\/#website\"},\"primaryImageOfPage\":{\"@id\":\"https:\\\/\\\/www.visitamalfi.info\\\/de\\\/die-besten-aussichtspunkte-und-mehr-in-amalfi-und-wann-sie-dorthin-fahren-sollten\\\/#primaryimage\"},\"image\":{\"@id\":\"https:\\\/\\\/www.visitamalfi.info\\\/de\\\/die-besten-aussichtspunkte-und-mehr-in-amalfi-und-wann-sie-dorthin-fahren-sollten\\\/#primaryimage\"},\"thumbnailUrl\":\"https:\\\/\\\/www.visitamalfi.info\\\/wp-content\\\/uploads\\\/2024\\\/03\\\/ANA_2290-8k.jpg\",\"datePublished\":\"2025-06-30T09:35:44+00:00\",\"breadcrumb\":{\"@id\":\"https:\\\/\\\/www.visitamalfi.info\\\/de\\\/die-besten-aussichtspunkte-und-mehr-in-amalfi-und-wann-sie-dorthin-fahren-sollten\\\/#breadcrumb\"},\"inLanguage\":\"de\",\"potentialAction\":[{\"@type\":\"ReadAction\",\"target\":[\"https:\\\/\\\/www.visitamalfi.info\\\/de\\\/die-besten-aussichtspunkte-und-mehr-in-amalfi-und-wann-sie-dorthin-fahren-sollten\\\/\"]}]},{\"@type\":\"ImageObject\",\"inLanguage\":\"de\",\"@id\":\"https:\\\/\\\/www.visitamalfi.info\\\/de\\\/die-besten-aussichtspunkte-und-mehr-in-amalfi-und-wann-sie-dorthin-fahren-sollten\\\/#primaryimage\",\"url\":\"https:\\\/\\\/www.visitamalfi.info\\\/wp-content\\\/uploads\\\/2024\\\/03\\\/ANA_2290-8k.jpg\",\"contentUrl\":\"https:\\\/\\\/www.visitamalfi.info\\\/wp-content\\\/uploads\\\/2024\\\/03\\\/ANA_2290-8k.jpg\",\"width\":1920,\"height\":1280,\"caption\":\"Amalfi_Via Mestra dei Villaggi_Lone_Chiesa della Nativit\u00e0 di Maria SS\"},{\"@type\":\"BreadcrumbList\",\"@id\":\"https:\\\/\\\/www.visitamalfi.info\\\/de\\\/die-besten-aussichtspunkte-und-mehr-in-amalfi-und-wann-sie-dorthin-fahren-sollten\\\/#breadcrumb\",\"itemListElement\":[{\"@type\":\"ListItem\",\"position\":1,\"name\":\"Home\",\"item\":\"https:\\\/\\\/www.visitamalfi.info\\\/de\\\/\"},{\"@type\":\"ListItem\",\"position\":2,\"name\":\"Die besten Aussichtspunkte (und mehr) in Amalfi, und wann Sie dorthin fahren sollten.\"}]},{\"@type\":\"WebSite\",\"@id\":\"https:\\\/\\\/www.visitamalfi.info\\\/de\\\/#website\",\"url\":\"https:\\\/\\\/www.visitamalfi.info\\\/de\\\/\",\"name\":\"Visit Amalfi\",\"description\":\"Amalfi Destination Official Website\",\"publisher\":{\"@id\":\"https:\\\/\\\/www.visitamalfi.info\\\/de\\\/#organization\"},\"potentialAction\":[{\"@type\":\"SearchAction\",\"target\":{\"@type\":\"EntryPoint\",\"urlTemplate\":\"https:\\\/\\\/www.visitamalfi.info\\\/de\\\/?s={search_term_string}\"},\"query-input\":{\"@type\":\"PropertyValueSpecification\",\"valueRequired\":true,\"valueName\":\"search_term_string\"}}],\"inLanguage\":\"de\"},{\"@type\":\"Organization\",\"@id\":\"https:\\\/\\\/www.visitamalfi.info\\\/de\\\/#organization\",\"name\":\"Visit Amalfi\",\"url\":\"https:\\\/\\\/www.visitamalfi.info\\\/de\\\/\",\"logo\":{\"@type\":\"ImageObject\",\"inLanguage\":\"de\",\"@id\":\"https:\\\/\\\/www.visitamalfi.info\\\/de\\\/#\\\/schema\\\/logo\\\/image\\\/\",\"url\":\"https:\\\/\\\/www.visitamalfi.info\\\/wp-content\\\/uploads\\\/2023\\\/04\\\/visit-amalfi-logo-web.png\",\"contentUrl\":\"https:\\\/\\\/www.visitamalfi.info\\\/wp-content\\\/uploads\\\/2023\\\/04\\\/visit-amalfi-logo-web.png\",\"width\":800,\"height\":870,\"caption\":\"Visit Amalfi\"},\"image\":{\"@id\":\"https:\\\/\\\/www.visitamalfi.info\\\/de\\\/#\\\/schema\\\/logo\\\/image\\\/\"},\"sameAs\":[\"https:\\\/\\\/www.facebook.com\\\/visitamalfiofficial\",\"https:\\\/\\\/www.instagram.com\\\/visitamalfiofficial\\\/\"]},{\"@type\":\"Person\",\"@id\":\"https:\\\/\\\/www.visitamalfi.info\\\/de\\\/#\\\/schema\\\/person\\\/0c7584af846d5d2da6c69f7e68f3af96\",\"name\":\"Federica Dumont\",\"image\":{\"@type\":\"ImageObject\",\"inLanguage\":\"de\",\"@id\":\"https:\\\/\\\/secure.gravatar.com\\\/avatar\\\/0803dab414b6c6f1fd2399680f587870a020419b6ebe9d36dd75df06a6a68060?s=96&d=mm&r=g\",\"url\":\"https:\\\/\\\/secure.gravatar.com\\\/avatar\\\/0803dab414b6c6f1fd2399680f587870a020419b6ebe9d36dd75df06a6a68060?s=96&d=mm&r=g\",\"contentUrl\":\"https:\\\/\\\/secure.gravatar.com\\\/avatar\\\/0803dab414b6c6f1fd2399680f587870a020419b6ebe9d36dd75df06a6a68060?s=96&d=mm&r=g\",\"caption\":\"Federica Dumont\"},\"url\":\"https:\\\/\\\/www.visitamalfi.info\\\/de\\\/author\\\/federica\\\/\"}]}<\/script>\n<!-- \/ Yoast SEO plugin. -->","yoast_head_json":{"title":"Die besten Aussichtspunkte (und mehr) in Amalfi, und wann Sie dorthin fahren sollten. - Visit Amalfi","robots":{"index":"index","follow":"follow","max-snippet":"max-snippet:-1","max-image-preview":"max-image-preview:large","max-video-preview":"max-video-preview:-1"},"canonical":"https:\/\/www.visitamalfi.info\/de\/die-besten-aussichtspunkte-und-mehr-in-amalfi-und-wann-sie-dorthin-fahren-sollten\/","og_locale":"de_DE","og_type":"article","og_title":"Die besten Aussichtspunkte (und mehr) in Amalfi, und wann Sie dorthin fahren sollten. - Visit Amalfi","og_description":"Unvergessliche Blicke zwischen Himmel und Meer: der ultimative Leitfaden zum Fotografieren der Sch\u00f6nheit der Stadt. Amalfi ist ein Ort, der in Ihren Augen, aber vor allem in Ihrem Herzen bleibt. [&hellip;]","og_url":"https:\/\/www.visitamalfi.info\/de\/die-besten-aussichtspunkte-und-mehr-in-amalfi-und-wann-sie-dorthin-fahren-sollten\/","og_site_name":"Visit Amalfi","article_publisher":"https:\/\/www.facebook.com\/visitamalfiofficial","article_published_time":"2025-06-30T09:35:44+00:00","og_image":[{"width":1920,"height":1280,"url":"https:\/\/www.visitamalfi.info\/wp-content\/uploads\/2024\/03\/ANA_2290-8k.jpg","type":"image\/jpeg"}],"author":"Federica Dumont","twitter_card":"summary_large_image","twitter_misc":{"Verfasst von":"Federica Dumont","Gesch\u00e4tzte Lesezeit":"3\u00a0Minuten"},"schema":{"@context":"https:\/\/schema.org","@graph":[{"@type":"Article","@id":"https:\/\/www.visitamalfi.info\/de\/die-besten-aussichtspunkte-und-mehr-in-amalfi-und-wann-sie-dorthin-fahren-sollten\/#article","isPartOf":{"@id":"https:\/\/www.visitamalfi.info\/de\/die-besten-aussichtspunkte-und-mehr-in-amalfi-und-wann-sie-dorthin-fahren-sollten\/"},"author":{"name":"Federica Dumont","@id":"https:\/\/www.visitamalfi.info\/de\/#\/schema\/person\/0c7584af846d5d2da6c69f7e68f3af96"},"headline":"Die besten Aussichtspunkte (und mehr) in Amalfi, und wann Sie dorthin fahren sollten.","datePublished":"2025-06-30T09:35:44+00:00","mainEntityOfPage":{"@id":"https:\/\/www.visitamalfi.info\/de\/die-besten-aussichtspunkte-und-mehr-in-amalfi-und-wann-sie-dorthin-fahren-sollten\/"},"wordCount":588,"commentCount":0,"publisher":{"@id":"https:\/\/www.visitamalfi.info\/de\/#organization"},"image":{"@id":"https:\/\/www.visitamalfi.info\/de\/die-besten-aussichtspunkte-und-mehr-in-amalfi-und-wann-sie-dorthin-fahren-sollten\/#primaryimage"},"thumbnailUrl":"https:\/\/www.visitamalfi.info\/wp-content\/uploads\/2024\/03\/ANA_2290-8k.jpg","articleSection":["Consigli di viaggio","Kuriosit\u00e4ten"],"inLanguage":"de","potentialAction":[{"@type":"CommentAction","name":"Comment","target":["https:\/\/www.visitamalfi.info\/de\/die-besten-aussichtspunkte-und-mehr-in-amalfi-und-wann-sie-dorthin-fahren-sollten\/#respond"]}]},{"@type":"WebPage","@id":"https:\/\/www.visitamalfi.info\/de\/die-besten-aussichtspunkte-und-mehr-in-amalfi-und-wann-sie-dorthin-fahren-sollten\/","url":"https:\/\/www.visitamalfi.info\/de\/die-besten-aussichtspunkte-und-mehr-in-amalfi-und-wann-sie-dorthin-fahren-sollten\/","name":"Die besten Aussichtspunkte (und mehr) in Amalfi, und wann Sie dorthin fahren sollten. - Visit Amalfi","isPartOf":{"@id":"https:\/\/www.visitamalfi.info\/de\/#website"},"primaryImageOfPage":{"@id":"https:\/\/www.visitamalfi.info\/de\/die-besten-aussichtspunkte-und-mehr-in-amalfi-und-wann-sie-dorthin-fahren-sollten\/#primaryimage"},"image":{"@id":"https:\/\/www.visitamalfi.info\/de\/die-besten-aussichtspunkte-und-mehr-in-amalfi-und-wann-sie-dorthin-fahren-sollten\/#primaryimage"},"thumbnailUrl":"https:\/\/www.visitamalfi.info\/wp-content\/uploads\/2024\/03\/ANA_2290-8k.jpg","datePublished":"2025-06-30T09:35:44+00:00","breadcrumb":{"@id":"https:\/\/www.visitamalfi.info\/de\/die-besten-aussichtspunkte-und-mehr-in-amalfi-und-wann-sie-dorthin-fahren-sollten\/#breadcrumb"},"inLanguage":"de","potentialAction":[{"@type":"ReadAction","target":["https:\/\/www.visitamalfi.info\/de\/die-besten-aussichtspunkte-und-mehr-in-amalfi-und-wann-sie-dorthin-fahren-sollten\/"]}]},{"@type":"ImageObject","inLanguage":"de","@id":"https:\/\/www.visitamalfi.info\/de\/die-besten-aussichtspunkte-und-mehr-in-amalfi-und-wann-sie-dorthin-fahren-sollten\/#primaryimage","url":"https:\/\/www.visitamalfi.info\/wp-content\/uploads\/2024\/03\/ANA_2290-8k.jpg","contentUrl":"https:\/\/www.visitamalfi.info\/wp-content\/uploads\/2024\/03\/ANA_2290-8k.jpg","width":1920,"height":1280,"caption":"Amalfi_Via Mestra dei Villaggi_Lone_Chiesa della Nativit\u00e0 di Maria SS"},{"@type":"BreadcrumbList","@id":"https:\/\/www.visitamalfi.info\/de\/die-besten-aussichtspunkte-und-mehr-in-amalfi-und-wann-sie-dorthin-fahren-sollten\/#breadcrumb","itemListElement":[{"@type":"ListItem","position":1,"name":"Home","item":"https:\/\/www.visitamalfi.info\/de\/"},{"@type":"ListItem","position":2,"name":"Die besten Aussichtspunkte (und mehr) in Amalfi, und wann Sie dorthin fahren sollten."}]},{"@type":"WebSite","@id":"https:\/\/www.visitamalfi.info\/de\/#website","url":"https:\/\/www.visitamalfi.info\/de\/","name":"Visit Amalfi","description":"Amalfi Destination Official Website","publisher":{"@id":"https:\/\/www.visitamalfi.info\/de\/#organization"},"potentialAction":[{"@type":"SearchAction","target":{"@type":"EntryPoint","urlTemplate":"https:\/\/www.visitamalfi.info\/de\/?s={search_term_string}"},"query-input":{"@type":"PropertyValueSpecification","valueRequired":true,"valueName":"search_term_string"}}],"inLanguage":"de"},{"@type":"Organization","@id":"https:\/\/www.visitamalfi.info\/de\/#organization","name":"Visit Amalfi","url":"https:\/\/www.visitamalfi.info\/de\/","logo":{"@type":"ImageObject","inLanguage":"de","@id":"https:\/\/www.visitamalfi.info\/de\/#\/schema\/logo\/image\/","url":"https:\/\/www.visitamalfi.info\/wp-content\/uploads\/2023\/04\/visit-amalfi-logo-web.png","contentUrl":"https:\/\/www.visitamalfi.info\/wp-content\/uploads\/2023\/04\/visit-amalfi-logo-web.png","width":800,"height":870,"caption":"Visit Amalfi"},"image":{"@id":"https:\/\/www.visitamalfi.info\/de\/#\/schema\/logo\/image\/"},"sameAs":["https:\/\/www.facebook.com\/visitamalfiofficial","https:\/\/www.instagram.com\/visitamalfiofficial\/"]},{"@type":"Person","@id":"https:\/\/www.visitamalfi.info\/de\/#\/schema\/person\/0c7584af846d5d2da6c69f7e68f3af96","name":"Federica Dumont","image":{"@type":"ImageObject","inLanguage":"de","@id":"https:\/\/secure.gravatar.com\/avatar\/0803dab414b6c6f1fd2399680f587870a020419b6ebe9d36dd75df06a6a68060?s=96&d=mm&r=g","url":"https:\/\/secure.gravatar.com\/avatar\/0803dab414b6c6f1fd2399680f587870a020419b6ebe9d36dd75df06a6a68060?s=96&d=mm&r=g","contentUrl":"https:\/\/secure.gravatar.com\/avatar\/0803dab414b6c6f1fd2399680f587870a020419b6ebe9d36dd75df06a6a68060?s=96&d=mm&r=g","caption":"Federica Dumont"},"url":"https:\/\/www.visitamalfi.info\/de\/author\/federica\/"}]}},"_links":{"self":[{"href":"https:\/\/www.visitamalfi.info\/de\/wp-json\/wp\/v2\/posts\/22245","targetHints":{"allow":["GET"]}}],"collection":[{"href":"https:\/\/www.visitamalfi.info\/de\/wp-json\/wp\/v2\/posts"}],"about":[{"href":"https:\/\/www.visitamalfi.info\/de\/wp-json\/wp\/v2\/types\/post"}],"author":[{"embeddable":true,"href":"https:\/\/www.visitamalfi.info\/de\/wp-json\/wp\/v2\/users\/7"}],"replies":[{"embeddable":true,"href":"https:\/\/www.visitamalfi.info\/de\/wp-json\/wp\/v2\/comments?post=22245"}],"version-history":[{"count":0,"href":"https:\/\/www.visitamalfi.info\/de\/wp-json\/wp\/v2\/posts\/22245\/revisions"}],"wp:featuredmedia":[{"embeddable":true,"href":"https:\/\/www.visitamalfi.info\/de\/wp-json\/wp\/v2\/media\/15706"}],"wp:attachment":[{"href":"https:\/\/www.visitamalfi.info\/de\/wp-json\/wp\/v2\/media?parent=22245"}],"wp:term":[{"taxonomy":"category","embeddable":true,"href":"https:\/\/www.visitamalfi.info\/de\/wp-json\/wp\/v2\/categories?post=22245"},{"taxonomy":"post_tag","embeddable":true,"href":"https:\/\/www.visitamalfi.info\/de\/wp-json\/wp\/v2\/tags?post=22245"}],"curies":[{"name":"wp","href":"https:\/\/api.w.org\/{rel}","templated":true}]}}