{"id":21981,"date":"2025-06-19T16:08:23","date_gmt":"2025-06-19T14:08:23","guid":{"rendered":"https:\/\/www.visitamalfi.info\/amalfi-wird-immer-zugaenglicher-ein-inklusiver-strand-fuer-alle-wird-geboren\/"},"modified":"2025-06-19T16:08:23","modified_gmt":"2025-06-19T14:08:23","slug":"amalfi-wird-immer-zugaenglicher-ein-inklusiver-strand-fuer-alle-wird-geboren","status":"publish","type":"post","link":"https:\/\/www.visitamalfi.info\/de\/amalfi-wird-immer-zugaenglicher-ein-inklusiver-strand-fuer-alle-wird-geboren\/","title":{"rendered":"Amalfi wird immer zug\u00e4nglicher: ein inklusiver Strand f\u00fcr alle wird geboren"},"content":{"rendered":"<p>Ab Sommer 2025 macht Amalfi einen wichtigen Schritt hin zu einem zunehmend inklusiven Empfang. Dank eines Projekts, das der<strong>Zug\u00e4nglichkeit f\u00fcr Touristen<\/strong> gewidmet ist, wird ein Teil des ber\u00fchmten Strandes \u201eMarina Spiaggia\u201c (Westseite) f\u00fcr Menschen mit Behinderungen oder motorischen Schwierigkeiten ausgestattet und reserviert, damit sie das Meer in v\u00f6lliger Freiheit und Gelassenheit erleben k\u00f6nnen.<img fetchpriority=\"high\" decoding=\"async\" class=\"size-medium wp-image-21942 alignleft\" src=\"https:\/\/www.visitamalfi.info\/wp-content\/uploads\/2025\/06\/20250619_104153-169x300.jpg\" alt=\"\" width=\"169\" height=\"300\" srcset=\"https:\/\/www.visitamalfi.info\/wp-content\/uploads\/2025\/06\/20250619_104153-169x300.jpg 169w, https:\/\/www.visitamalfi.info\/wp-content\/uploads\/2025\/06\/20250619_104153-577x1024.jpg 577w, https:\/\/www.visitamalfi.info\/wp-content\/uploads\/2025\/06\/20250619_104153-768x1364.jpg 768w, https:\/\/www.visitamalfi.info\/wp-content\/uploads\/2025\/06\/20250619_104153-865x1536.jpg 865w, https:\/\/www.visitamalfi.info\/wp-content\/uploads\/2025\/06\/20250619_104153.jpg 1081w\" sizes=\"(max-width: 169px) 100vw, 169px\" \/><\/p>\n<p><strong>Ein mit Sorgfalt und Aufmerksamkeit gestalteter Bereich<\/strong><\/p>\n<p>Von Juni bis Oktober steht den Besuchern ein komfortabler und gut ausgestatteter Raum zur Verf\u00fcgung, der den Zugang und den Aufenthalt am Strand erleichtern soll.<\/p>\n<p>Der Bereich ist ausgestattet mit:<\/p>\n<ul>\n<li>Schwimmende St\u00fchle (um einen sicheren Einstieg ins Wasser zu erm\u00f6glichen),<\/li>\n<li>Ein Job-Stuhl, ideal f\u00fcr den Transport auf Sand,<\/li>\n<li>Ein Steg bietet einfachen Zugang zu den Sonnenliegen und Sonnenschirmen,<\/li>\n<li>Entspannungsstationen mit 6 Liegest\u00fchlen, 6 Sonnenschirmen und Regiest\u00fchlen.<\/li>\n<\/ul>\n<p><strong>Kostenloser Empfang und engagiertes Personal<\/strong><\/p>\n<p>Das Besondere an diesem Projekt ist die Anwesenheit <strong>qualifizierter Mitarbeiter<\/strong>, die bereit sind, jeden Gast zu empfangen und zu unterst\u00fctzen. Die Betreuung ist v\u00f6llig kostenlos und wird von der Cooperativa Sociale L&#8217;Alveare \u00fcbernommen, die auch f\u00fcr die Orientierung und den Zugang sorgt.<img decoding=\"async\" class=\"size-medium wp-image-21952 alignright\" src=\"https:\/\/www.visitamalfi.info\/wp-content\/uploads\/2025\/06\/20250619_105039-300x169.jpg\" alt=\"\" width=\"300\" height=\"169\" srcset=\"https:\/\/www.visitamalfi.info\/wp-content\/uploads\/2025\/06\/20250619_105039-300x169.jpg 300w, https:\/\/www.visitamalfi.info\/wp-content\/uploads\/2025\/06\/20250619_105039-1024x577.jpg 1024w, https:\/\/www.visitamalfi.info\/wp-content\/uploads\/2025\/06\/20250619_105039-768x432.jpg 768w, https:\/\/www.visitamalfi.info\/wp-content\/uploads\/2025\/06\/20250619_105039-1536x865.jpg 1536w, https:\/\/www.visitamalfi.info\/wp-content\/uploads\/2025\/06\/20250619_105039.jpg 1920w\" sizes=\"(max-width: 300px) 100vw, 300px\" \/><\/p>\n<p><strong>Ein konkretes Engagement f\u00fcr den Tourismus, das niemanden ausschlie\u00dft<\/strong><\/p>\n<p>Mit dieser Initiative erneuert Amalfi sein Engagement f\u00fcr einen barrierefreien Tourismus, der auf die Bed\u00fcrfnisse aller eingeht. F\u00fcr diejenigen, die gerne reisen, erkunden und am Meer entspannen, macht es den Unterschied aus, zu wissen, dass sie sich auf einen gut ausgestatteten und inklusiven Ort verlassen k\u00f6nnen.<\/p>\n<p>Ob es sich um einen Familienurlaub, einen Aufenthalt mit Freunden oder eine pers\u00f6nliche Auszeit handelt, ab diesem Sommer wird Amalfi noch einladender f\u00fcr alle sein.<\/p>\n<p>&nbsp;<\/p>\n<div id='gallery-1' class='gallery galleryid-21981 gallery-columns-3 gallery-size-thumbnail'><figure class='gallery-item'>\n\t\t\t<div class='gallery-icon portrait'>\n\t\t\t\t<a href='https:\/\/www.visitamalfi.info\/de\/amalfi-wird-immer-zugaenglicher-ein-inklusiver-strand-fuer-alle-wird-geboren\/20250619_103953-2\/'><img decoding=\"async\" width=\"300\" height=\"300\" src=\"https:\/\/www.visitamalfi.info\/wp-content\/uploads\/2025\/06\/20250619_103953-300x300.jpg\" class=\"attachment-thumbnail size-thumbnail\" alt=\"\" srcset=\"https:\/\/www.visitamalfi.info\/wp-content\/uploads\/2025\/06\/20250619_103953-300x300.jpg 300w, https:\/\/www.visitamalfi.info\/wp-content\/uploads\/2025\/06\/20250619_103953-510x510.jpg 510w, https:\/\/www.visitamalfi.info\/wp-content\/uploads\/2025\/06\/20250619_103953-160x160.jpg 160w\" sizes=\"(max-width: 300px) 100vw, 300px\" \/><\/a>\n\t\t\t<\/div><\/figure><figure class='gallery-item'>\n\t\t\t<div class='gallery-icon portrait'>\n\t\t\t\t<a href='https:\/\/www.visitamalfi.info\/de\/amalfi-wird-immer-zugaenglicher-ein-inklusiver-strand-fuer-alle-wird-geboren\/20250619_104001-2\/'><img loading=\"lazy\" decoding=\"async\" width=\"300\" height=\"300\" src=\"https:\/\/www.visitamalfi.info\/wp-content\/uploads\/2025\/06\/20250619_104001-300x300.jpg\" class=\"attachment-thumbnail size-thumbnail\" alt=\"\" srcset=\"https:\/\/www.visitamalfi.info\/wp-content\/uploads\/2025\/06\/20250619_104001-300x300.jpg 300w, https:\/\/www.visitamalfi.info\/wp-content\/uploads\/2025\/06\/20250619_104001-510x510.jpg 510w, https:\/\/www.visitamalfi.info\/wp-content\/uploads\/2025\/06\/20250619_104001-160x160.jpg 160w\" sizes=\"(max-width: 300px) 100vw, 300px\" \/><\/a>\n\t\t\t<\/div><\/figure><figure class='gallery-item'>\n\t\t\t<div class='gallery-icon portrait'>\n\t\t\t\t<a href='https:\/\/www.visitamalfi.info\/de\/amalfi-wird-immer-zugaenglicher-ein-inklusiver-strand-fuer-alle-wird-geboren\/20250619_104153-2\/'><img loading=\"lazy\" decoding=\"async\" width=\"300\" height=\"300\" src=\"https:\/\/www.visitamalfi.info\/wp-content\/uploads\/2025\/06\/20250619_104153-300x300.jpg\" class=\"attachment-thumbnail size-thumbnail\" alt=\"\" srcset=\"https:\/\/www.visitamalfi.info\/wp-content\/uploads\/2025\/06\/20250619_104153-300x300.jpg 300w, https:\/\/www.visitamalfi.info\/wp-content\/uploads\/2025\/06\/20250619_104153-510x510.jpg 510w, https:\/\/www.visitamalfi.info\/wp-content\/uploads\/2025\/06\/20250619_104153-160x160.jpg 160w\" sizes=\"(max-width: 300px) 100vw, 300px\" \/><\/a>\n\t\t\t<\/div><\/figure><figure class='gallery-item'>\n\t\t\t<div class='gallery-icon landscape'>\n\t\t\t\t<a href='https:\/\/www.visitamalfi.info\/de\/amalfi-wird-immer-zugaenglicher-ein-inklusiver-strand-fuer-alle-wird-geboren\/20250619_104215-2\/'><img loading=\"lazy\" decoding=\"async\" width=\"300\" height=\"300\" src=\"https:\/\/www.visitamalfi.info\/wp-content\/uploads\/2025\/06\/20250619_104215-300x300.jpg\" class=\"attachment-thumbnail size-thumbnail\" alt=\"\" srcset=\"https:\/\/www.visitamalfi.info\/wp-content\/uploads\/2025\/06\/20250619_104215-300x300.jpg 300w, https:\/\/www.visitamalfi.info\/wp-content\/uploads\/2025\/06\/20250619_104215-510x510.jpg 510w, https:\/\/www.visitamalfi.info\/wp-content\/uploads\/2025\/06\/20250619_104215-160x160.jpg 160w\" sizes=\"(max-width: 300px) 100vw, 300px\" \/><\/a>\n\t\t\t<\/div><\/figure><figure class='gallery-item'>\n\t\t\t<div class='gallery-icon landscape'>\n\t\t\t\t<a href='https:\/\/www.visitamalfi.info\/de\/amalfi-wird-immer-zugaenglicher-ein-inklusiver-strand-fuer-alle-wird-geboren\/20250619_105039-2\/'><img loading=\"lazy\" decoding=\"async\" width=\"300\" height=\"300\" src=\"https:\/\/www.visitamalfi.info\/wp-content\/uploads\/2025\/06\/20250619_105039-300x300.jpg\" class=\"attachment-thumbnail size-thumbnail\" alt=\"\" srcset=\"https:\/\/www.visitamalfi.info\/wp-content\/uploads\/2025\/06\/20250619_105039-300x300.jpg 300w, https:\/\/www.visitamalfi.info\/wp-content\/uploads\/2025\/06\/20250619_105039-510x510.jpg 510w, https:\/\/www.visitamalfi.info\/wp-content\/uploads\/2025\/06\/20250619_105039-160x160.jpg 160w\" sizes=\"(max-width: 300px) 100vw, 300px\" \/><\/a>\n\t\t\t<\/div><\/figure><figure class='gallery-item'>\n\t\t\t<div class='gallery-icon landscape'>\n\t\t\t\t<a href='https:\/\/www.visitamalfi.info\/de\/amalfi-wird-immer-zugaenglicher-ein-inklusiver-strand-fuer-alle-wird-geboren\/20250619_105711-2\/'><img loading=\"lazy\" decoding=\"async\" width=\"300\" height=\"300\" src=\"https:\/\/www.visitamalfi.info\/wp-content\/uploads\/2025\/06\/20250619_105711-300x300.jpg\" class=\"attachment-thumbnail size-thumbnail\" alt=\"\" srcset=\"https:\/\/www.visitamalfi.info\/wp-content\/uploads\/2025\/06\/20250619_105711-300x300.jpg 300w, https:\/\/www.visitamalfi.info\/wp-content\/uploads\/2025\/06\/20250619_105711-510x510.jpg 510w, https:\/\/www.visitamalfi.info\/wp-content\/uploads\/2025\/06\/20250619_105711-160x160.jpg 160w\" sizes=\"(max-width: 300px) 100vw, 300px\" \/><\/a>\n\t\t\t<\/div><\/figure><figure class='gallery-item'>\n\t\t\t<div class='gallery-icon portrait'>\n\t\t\t\t<a href='https:\/\/www.visitamalfi.info\/de\/amalfi-wird-immer-zugaenglicher-ein-inklusiver-strand-fuer-alle-wird-geboren\/20250619_105740-2\/'><img loading=\"lazy\" decoding=\"async\" width=\"300\" height=\"300\" src=\"https:\/\/www.visitamalfi.info\/wp-content\/uploads\/2025\/06\/20250619_105740-300x300.jpg\" class=\"attachment-thumbnail size-thumbnail\" alt=\"\" srcset=\"https:\/\/www.visitamalfi.info\/wp-content\/uploads\/2025\/06\/20250619_105740-300x300.jpg 300w, https:\/\/www.visitamalfi.info\/wp-content\/uploads\/2025\/06\/20250619_105740-510x510.jpg 510w, https:\/\/www.visitamalfi.info\/wp-content\/uploads\/2025\/06\/20250619_105740-160x160.jpg 160w\" sizes=\"(max-width: 300px) 100vw, 300px\" \/><\/a>\n\t\t\t<\/div><\/figure><figure class='gallery-item'>\n\t\t\t<div class='gallery-icon portrait'>\n\t\t\t\t<a href='https:\/\/www.visitamalfi.info\/de\/amalfi-wird-immer-zugaenglicher-ein-inklusiver-strand-fuer-alle-wird-geboren\/20250619_105909-2\/'><img loading=\"lazy\" decoding=\"async\" width=\"300\" height=\"300\" src=\"https:\/\/www.visitamalfi.info\/wp-content\/uploads\/2025\/06\/20250619_105909-300x300.jpg\" class=\"attachment-thumbnail size-thumbnail\" alt=\"\" srcset=\"https:\/\/www.visitamalfi.info\/wp-content\/uploads\/2025\/06\/20250619_105909-300x300.jpg 300w, https:\/\/www.visitamalfi.info\/wp-content\/uploads\/2025\/06\/20250619_105909-510x510.jpg 510w, https:\/\/www.visitamalfi.info\/wp-content\/uploads\/2025\/06\/20250619_105909-160x160.jpg 160w\" sizes=\"(max-width: 300px) 100vw, 300px\" \/><\/a>\n\t\t\t<\/div><\/figure><figure class='gallery-item'>\n\t\t\t<div class='gallery-icon landscape'>\n\t\t\t\t<a href='https:\/\/www.visitamalfi.info\/de\/amalfi-wird-immer-zugaenglicher-ein-inklusiver-strand-fuer-alle-wird-geboren\/whatsapp-image-2025-06-19-at-11-48-33-2\/'><img loading=\"lazy\" decoding=\"async\" width=\"300\" height=\"300\" src=\"https:\/\/www.visitamalfi.info\/wp-content\/uploads\/2025\/06\/WhatsApp-Image-2025-06-19-at-11.48.33-300x300.jpeg\" class=\"attachment-thumbnail size-thumbnail\" alt=\"\" srcset=\"https:\/\/www.visitamalfi.info\/wp-content\/uploads\/2025\/06\/WhatsApp-Image-2025-06-19-at-11.48.33-300x300.jpeg 300w, https:\/\/www.visitamalfi.info\/wp-content\/uploads\/2025\/06\/WhatsApp-Image-2025-06-19-at-11.48.33-510x510.jpeg 510w, https:\/\/www.visitamalfi.info\/wp-content\/uploads\/2025\/06\/WhatsApp-Image-2025-06-19-at-11.48.33-160x160.jpeg 160w\" sizes=\"(max-width: 300px) 100vw, 300px\" \/><\/a>\n\t\t\t<\/div><\/figure>\n\t\t<\/div>\n\n","protected":false},"excerpt":{"rendered":"<p>Ab Sommer 2025 macht Amalfi einen wichtigen Schritt hin zu einem zunehmend inklusiven Empfang. Dank eines Projekts, das derZug\u00e4nglichkeit f\u00fcr Touristen gewidmet ist, wird ein Teil des ber\u00fchmten Strandes \u201eMarina [&hellip;]<\/p>\n","protected":false},"author":7,"featured_media":21930,"comment_status":"open","ping_status":"closed","sticky":false,"template":"","format":"standard","meta":{"inline_featured_image":false,"footnotes":""},"categories":[896,260],"tags":[],"class_list":["post-21981","post","type-post","status-publish","format-standard","has-post-thumbnail","hentry","category-consigli-di-viaggio-de","category-kuriositaten"],"yoast_head":"<!-- This site is optimized with the Yoast SEO plugin v27.3 - https:\/\/yoast.com\/product\/yoast-seo-wordpress\/ -->\n<title>Amalfi wird immer zug\u00e4nglicher: ein inklusiver Strand f\u00fcr alle wird geboren - Visit Amalfi<\/title>\n<meta name=\"robots\" content=\"index, follow, max-snippet:-1, max-image-preview:large, max-video-preview:-1\" \/>\n<link rel=\"canonical\" href=\"https:\/\/www.visitamalfi.info\/de\/amalfi-wird-immer-zugaenglicher-ein-inklusiver-strand-fuer-alle-wird-geboren\/\" \/>\n<meta property=\"og:locale\" content=\"de_DE\" \/>\n<meta property=\"og:type\" content=\"article\" \/>\n<meta property=\"og:title\" content=\"Amalfi wird immer zug\u00e4nglicher: ein inklusiver Strand f\u00fcr alle wird geboren - Visit Amalfi\" \/>\n<meta property=\"og:description\" content=\"Ab Sommer 2025 macht Amalfi einen wichtigen Schritt hin zu einem zunehmend inklusiven Empfang. Dank eines Projekts, das derZug\u00e4nglichkeit f\u00fcr Touristen gewidmet ist, wird ein Teil des ber\u00fchmten Strandes \u201eMarina [&hellip;]\" \/>\n<meta property=\"og:url\" content=\"https:\/\/www.visitamalfi.info\/de\/amalfi-wird-immer-zugaenglicher-ein-inklusiver-strand-fuer-alle-wird-geboren\/\" \/>\n<meta property=\"og:site_name\" content=\"Visit Amalfi\" \/>\n<meta property=\"article:publisher\" content=\"https:\/\/www.facebook.com\/visitamalfiofficial\" \/>\n<meta property=\"article:published_time\" content=\"2025-06-19T14:08:23+00:00\" \/>\n<meta property=\"og:image\" content=\"https:\/\/www.visitamalfi.info\/wp-content\/uploads\/2025\/06\/WhatsApp-Image-2025-06-19-at-11.48.33.jpeg\" \/>\n\t<meta property=\"og:image:width\" content=\"1920\" \/>\n\t<meta property=\"og:image:height\" content=\"1081\" \/>\n\t<meta property=\"og:image:type\" content=\"image\/jpeg\" \/>\n<meta name=\"author\" content=\"Federica Dumont\" \/>\n<meta name=\"twitter:card\" content=\"summary_large_image\" \/>\n<meta name=\"twitter:label1\" content=\"Verfasst von\" \/>\n\t<meta name=\"twitter:data1\" content=\"Federica Dumont\" \/>\n\t<meta name=\"twitter:label2\" content=\"Gesch\u00e4tzte Lesezeit\" \/>\n\t<meta name=\"twitter:data2\" content=\"1\u00a0Minute\" \/>\n<script type=\"application\/ld+json\" class=\"yoast-schema-graph\">{\"@context\":\"https:\\\/\\\/schema.org\",\"@graph\":[{\"@type\":\"Article\",\"@id\":\"https:\\\/\\\/www.visitamalfi.info\\\/de\\\/amalfi-wird-immer-zugaenglicher-ein-inklusiver-strand-fuer-alle-wird-geboren\\\/#article\",\"isPartOf\":{\"@id\":\"https:\\\/\\\/www.visitamalfi.info\\\/de\\\/amalfi-wird-immer-zugaenglicher-ein-inklusiver-strand-fuer-alle-wird-geboren\\\/\"},\"author\":{\"name\":\"Federica Dumont\",\"@id\":\"https:\\\/\\\/www.visitamalfi.info\\\/de\\\/#\\\/schema\\\/person\\\/0c7584af846d5d2da6c69f7e68f3af96\"},\"headline\":\"Amalfi wird immer zug\u00e4nglicher: ein inklusiver Strand f\u00fcr alle wird geboren\",\"datePublished\":\"2025-06-19T14:08:23+00:00\",\"mainEntityOfPage\":{\"@id\":\"https:\\\/\\\/www.visitamalfi.info\\\/de\\\/amalfi-wird-immer-zugaenglicher-ein-inklusiver-strand-fuer-alle-wird-geboren\\\/\"},\"wordCount\":290,\"commentCount\":0,\"publisher\":{\"@id\":\"https:\\\/\\\/www.visitamalfi.info\\\/de\\\/#organization\"},\"image\":{\"@id\":\"https:\\\/\\\/www.visitamalfi.info\\\/de\\\/amalfi-wird-immer-zugaenglicher-ein-inklusiver-strand-fuer-alle-wird-geboren\\\/#primaryimage\"},\"thumbnailUrl\":\"https:\\\/\\\/www.visitamalfi.info\\\/wp-content\\\/uploads\\\/2025\\\/06\\\/WhatsApp-Image-2025-06-19-at-11.48.33.jpeg\",\"articleSection\":[\"Consigli di viaggio\",\"Kuriosit\u00e4ten\"],\"inLanguage\":\"de\",\"potentialAction\":[{\"@type\":\"CommentAction\",\"name\":\"Comment\",\"target\":[\"https:\\\/\\\/www.visitamalfi.info\\\/de\\\/amalfi-wird-immer-zugaenglicher-ein-inklusiver-strand-fuer-alle-wird-geboren\\\/#respond\"]}]},{\"@type\":\"WebPage\",\"@id\":\"https:\\\/\\\/www.visitamalfi.info\\\/de\\\/amalfi-wird-immer-zugaenglicher-ein-inklusiver-strand-fuer-alle-wird-geboren\\\/\",\"url\":\"https:\\\/\\\/www.visitamalfi.info\\\/de\\\/amalfi-wird-immer-zugaenglicher-ein-inklusiver-strand-fuer-alle-wird-geboren\\\/\",\"name\":\"Amalfi wird immer zug\u00e4nglicher: ein inklusiver Strand f\u00fcr alle wird geboren - Visit Amalfi\",\"isPartOf\":{\"@id\":\"https:\\\/\\\/www.visitamalfi.info\\\/de\\\/#website\"},\"primaryImageOfPage\":{\"@id\":\"https:\\\/\\\/www.visitamalfi.info\\\/de\\\/amalfi-wird-immer-zugaenglicher-ein-inklusiver-strand-fuer-alle-wird-geboren\\\/#primaryimage\"},\"image\":{\"@id\":\"https:\\\/\\\/www.visitamalfi.info\\\/de\\\/amalfi-wird-immer-zugaenglicher-ein-inklusiver-strand-fuer-alle-wird-geboren\\\/#primaryimage\"},\"thumbnailUrl\":\"https:\\\/\\\/www.visitamalfi.info\\\/wp-content\\\/uploads\\\/2025\\\/06\\\/WhatsApp-Image-2025-06-19-at-11.48.33.jpeg\",\"datePublished\":\"2025-06-19T14:08:23+00:00\",\"breadcrumb\":{\"@id\":\"https:\\\/\\\/www.visitamalfi.info\\\/de\\\/amalfi-wird-immer-zugaenglicher-ein-inklusiver-strand-fuer-alle-wird-geboren\\\/#breadcrumb\"},\"inLanguage\":\"de\",\"potentialAction\":[{\"@type\":\"ReadAction\",\"target\":[\"https:\\\/\\\/www.visitamalfi.info\\\/de\\\/amalfi-wird-immer-zugaenglicher-ein-inklusiver-strand-fuer-alle-wird-geboren\\\/\"]}]},{\"@type\":\"ImageObject\",\"inLanguage\":\"de\",\"@id\":\"https:\\\/\\\/www.visitamalfi.info\\\/de\\\/amalfi-wird-immer-zugaenglicher-ein-inklusiver-strand-fuer-alle-wird-geboren\\\/#primaryimage\",\"url\":\"https:\\\/\\\/www.visitamalfi.info\\\/wp-content\\\/uploads\\\/2025\\\/06\\\/WhatsApp-Image-2025-06-19-at-11.48.33.jpeg\",\"contentUrl\":\"https:\\\/\\\/www.visitamalfi.info\\\/wp-content\\\/uploads\\\/2025\\\/06\\\/WhatsApp-Image-2025-06-19-at-11.48.33.jpeg\",\"width\":1920,\"height\":1081},{\"@type\":\"BreadcrumbList\",\"@id\":\"https:\\\/\\\/www.visitamalfi.info\\\/de\\\/amalfi-wird-immer-zugaenglicher-ein-inklusiver-strand-fuer-alle-wird-geboren\\\/#breadcrumb\",\"itemListElement\":[{\"@type\":\"ListItem\",\"position\":1,\"name\":\"Home\",\"item\":\"https:\\\/\\\/www.visitamalfi.info\\\/de\\\/\"},{\"@type\":\"ListItem\",\"position\":2,\"name\":\"Amalfi wird immer zug\u00e4nglicher: ein inklusiver Strand f\u00fcr alle wird geboren\"}]},{\"@type\":\"WebSite\",\"@id\":\"https:\\\/\\\/www.visitamalfi.info\\\/de\\\/#website\",\"url\":\"https:\\\/\\\/www.visitamalfi.info\\\/de\\\/\",\"name\":\"Visit Amalfi\",\"description\":\"Amalfi Destination Official Website\",\"publisher\":{\"@id\":\"https:\\\/\\\/www.visitamalfi.info\\\/de\\\/#organization\"},\"potentialAction\":[{\"@type\":\"SearchAction\",\"target\":{\"@type\":\"EntryPoint\",\"urlTemplate\":\"https:\\\/\\\/www.visitamalfi.info\\\/de\\\/?s={search_term_string}\"},\"query-input\":{\"@type\":\"PropertyValueSpecification\",\"valueRequired\":true,\"valueName\":\"search_term_string\"}}],\"inLanguage\":\"de\"},{\"@type\":\"Organization\",\"@id\":\"https:\\\/\\\/www.visitamalfi.info\\\/de\\\/#organization\",\"name\":\"Visit Amalfi\",\"url\":\"https:\\\/\\\/www.visitamalfi.info\\\/de\\\/\",\"logo\":{\"@type\":\"ImageObject\",\"inLanguage\":\"de\",\"@id\":\"https:\\\/\\\/www.visitamalfi.info\\\/de\\\/#\\\/schema\\\/logo\\\/image\\\/\",\"url\":\"https:\\\/\\\/www.visitamalfi.info\\\/wp-content\\\/uploads\\\/2023\\\/04\\\/visit-amalfi-logo-web.png\",\"contentUrl\":\"https:\\\/\\\/www.visitamalfi.info\\\/wp-content\\\/uploads\\\/2023\\\/04\\\/visit-amalfi-logo-web.png\",\"width\":800,\"height\":870,\"caption\":\"Visit Amalfi\"},\"image\":{\"@id\":\"https:\\\/\\\/www.visitamalfi.info\\\/de\\\/#\\\/schema\\\/logo\\\/image\\\/\"},\"sameAs\":[\"https:\\\/\\\/www.facebook.com\\\/visitamalfiofficial\",\"https:\\\/\\\/www.instagram.com\\\/visitamalfiofficial\\\/\"]},{\"@type\":\"Person\",\"@id\":\"https:\\\/\\\/www.visitamalfi.info\\\/de\\\/#\\\/schema\\\/person\\\/0c7584af846d5d2da6c69f7e68f3af96\",\"name\":\"Federica Dumont\",\"image\":{\"@type\":\"ImageObject\",\"inLanguage\":\"de\",\"@id\":\"https:\\\/\\\/secure.gravatar.com\\\/avatar\\\/0803dab414b6c6f1fd2399680f587870a020419b6ebe9d36dd75df06a6a68060?s=96&d=mm&r=g\",\"url\":\"https:\\\/\\\/secure.gravatar.com\\\/avatar\\\/0803dab414b6c6f1fd2399680f587870a020419b6ebe9d36dd75df06a6a68060?s=96&d=mm&r=g\",\"contentUrl\":\"https:\\\/\\\/secure.gravatar.com\\\/avatar\\\/0803dab414b6c6f1fd2399680f587870a020419b6ebe9d36dd75df06a6a68060?s=96&d=mm&r=g\",\"caption\":\"Federica Dumont\"},\"url\":\"https:\\\/\\\/www.visitamalfi.info\\\/de\\\/author\\\/federica\\\/\"}]}<\/script>\n<!-- \/ Yoast SEO plugin. -->","yoast_head_json":{"title":"Amalfi wird immer zug\u00e4nglicher: ein inklusiver Strand f\u00fcr alle wird geboren - Visit Amalfi","robots":{"index":"index","follow":"follow","max-snippet":"max-snippet:-1","max-image-preview":"max-image-preview:large","max-video-preview":"max-video-preview:-1"},"canonical":"https:\/\/www.visitamalfi.info\/de\/amalfi-wird-immer-zugaenglicher-ein-inklusiver-strand-fuer-alle-wird-geboren\/","og_locale":"de_DE","og_type":"article","og_title":"Amalfi wird immer zug\u00e4nglicher: ein inklusiver Strand f\u00fcr alle wird geboren - Visit Amalfi","og_description":"Ab Sommer 2025 macht Amalfi einen wichtigen Schritt hin zu einem zunehmend inklusiven Empfang. Dank eines Projekts, das derZug\u00e4nglichkeit f\u00fcr Touristen gewidmet ist, wird ein Teil des ber\u00fchmten Strandes \u201eMarina [&hellip;]","og_url":"https:\/\/www.visitamalfi.info\/de\/amalfi-wird-immer-zugaenglicher-ein-inklusiver-strand-fuer-alle-wird-geboren\/","og_site_name":"Visit Amalfi","article_publisher":"https:\/\/www.facebook.com\/visitamalfiofficial","article_published_time":"2025-06-19T14:08:23+00:00","og_image":[{"width":1920,"height":1081,"url":"https:\/\/www.visitamalfi.info\/wp-content\/uploads\/2025\/06\/WhatsApp-Image-2025-06-19-at-11.48.33.jpeg","type":"image\/jpeg"}],"author":"Federica Dumont","twitter_card":"summary_large_image","twitter_misc":{"Verfasst von":"Federica Dumont","Gesch\u00e4tzte Lesezeit":"1\u00a0Minute"},"schema":{"@context":"https:\/\/schema.org","@graph":[{"@type":"Article","@id":"https:\/\/www.visitamalfi.info\/de\/amalfi-wird-immer-zugaenglicher-ein-inklusiver-strand-fuer-alle-wird-geboren\/#article","isPartOf":{"@id":"https:\/\/www.visitamalfi.info\/de\/amalfi-wird-immer-zugaenglicher-ein-inklusiver-strand-fuer-alle-wird-geboren\/"},"author":{"name":"Federica Dumont","@id":"https:\/\/www.visitamalfi.info\/de\/#\/schema\/person\/0c7584af846d5d2da6c69f7e68f3af96"},"headline":"Amalfi wird immer zug\u00e4nglicher: ein inklusiver Strand f\u00fcr alle wird geboren","datePublished":"2025-06-19T14:08:23+00:00","mainEntityOfPage":{"@id":"https:\/\/www.visitamalfi.info\/de\/amalfi-wird-immer-zugaenglicher-ein-inklusiver-strand-fuer-alle-wird-geboren\/"},"wordCount":290,"commentCount":0,"publisher":{"@id":"https:\/\/www.visitamalfi.info\/de\/#organization"},"image":{"@id":"https:\/\/www.visitamalfi.info\/de\/amalfi-wird-immer-zugaenglicher-ein-inklusiver-strand-fuer-alle-wird-geboren\/#primaryimage"},"thumbnailUrl":"https:\/\/www.visitamalfi.info\/wp-content\/uploads\/2025\/06\/WhatsApp-Image-2025-06-19-at-11.48.33.jpeg","articleSection":["Consigli di viaggio","Kuriosit\u00e4ten"],"inLanguage":"de","potentialAction":[{"@type":"CommentAction","name":"Comment","target":["https:\/\/www.visitamalfi.info\/de\/amalfi-wird-immer-zugaenglicher-ein-inklusiver-strand-fuer-alle-wird-geboren\/#respond"]}]},{"@type":"WebPage","@id":"https:\/\/www.visitamalfi.info\/de\/amalfi-wird-immer-zugaenglicher-ein-inklusiver-strand-fuer-alle-wird-geboren\/","url":"https:\/\/www.visitamalfi.info\/de\/amalfi-wird-immer-zugaenglicher-ein-inklusiver-strand-fuer-alle-wird-geboren\/","name":"Amalfi wird immer zug\u00e4nglicher: ein inklusiver Strand f\u00fcr alle wird geboren - Visit Amalfi","isPartOf":{"@id":"https:\/\/www.visitamalfi.info\/de\/#website"},"primaryImageOfPage":{"@id":"https:\/\/www.visitamalfi.info\/de\/amalfi-wird-immer-zugaenglicher-ein-inklusiver-strand-fuer-alle-wird-geboren\/#primaryimage"},"image":{"@id":"https:\/\/www.visitamalfi.info\/de\/amalfi-wird-immer-zugaenglicher-ein-inklusiver-strand-fuer-alle-wird-geboren\/#primaryimage"},"thumbnailUrl":"https:\/\/www.visitamalfi.info\/wp-content\/uploads\/2025\/06\/WhatsApp-Image-2025-06-19-at-11.48.33.jpeg","datePublished":"2025-06-19T14:08:23+00:00","breadcrumb":{"@id":"https:\/\/www.visitamalfi.info\/de\/amalfi-wird-immer-zugaenglicher-ein-inklusiver-strand-fuer-alle-wird-geboren\/#breadcrumb"},"inLanguage":"de","potentialAction":[{"@type":"ReadAction","target":["https:\/\/www.visitamalfi.info\/de\/amalfi-wird-immer-zugaenglicher-ein-inklusiver-strand-fuer-alle-wird-geboren\/"]}]},{"@type":"ImageObject","inLanguage":"de","@id":"https:\/\/www.visitamalfi.info\/de\/amalfi-wird-immer-zugaenglicher-ein-inklusiver-strand-fuer-alle-wird-geboren\/#primaryimage","url":"https:\/\/www.visitamalfi.info\/wp-content\/uploads\/2025\/06\/WhatsApp-Image-2025-06-19-at-11.48.33.jpeg","contentUrl":"https:\/\/www.visitamalfi.info\/wp-content\/uploads\/2025\/06\/WhatsApp-Image-2025-06-19-at-11.48.33.jpeg","width":1920,"height":1081},{"@type":"BreadcrumbList","@id":"https:\/\/www.visitamalfi.info\/de\/amalfi-wird-immer-zugaenglicher-ein-inklusiver-strand-fuer-alle-wird-geboren\/#breadcrumb","itemListElement":[{"@type":"ListItem","position":1,"name":"Home","item":"https:\/\/www.visitamalfi.info\/de\/"},{"@type":"ListItem","position":2,"name":"Amalfi wird immer zug\u00e4nglicher: ein inklusiver Strand f\u00fcr alle wird geboren"}]},{"@type":"WebSite","@id":"https:\/\/www.visitamalfi.info\/de\/#website","url":"https:\/\/www.visitamalfi.info\/de\/","name":"Visit Amalfi","description":"Amalfi Destination Official Website","publisher":{"@id":"https:\/\/www.visitamalfi.info\/de\/#organization"},"potentialAction":[{"@type":"SearchAction","target":{"@type":"EntryPoint","urlTemplate":"https:\/\/www.visitamalfi.info\/de\/?s={search_term_string}"},"query-input":{"@type":"PropertyValueSpecification","valueRequired":true,"valueName":"search_term_string"}}],"inLanguage":"de"},{"@type":"Organization","@id":"https:\/\/www.visitamalfi.info\/de\/#organization","name":"Visit Amalfi","url":"https:\/\/www.visitamalfi.info\/de\/","logo":{"@type":"ImageObject","inLanguage":"de","@id":"https:\/\/www.visitamalfi.info\/de\/#\/schema\/logo\/image\/","url":"https:\/\/www.visitamalfi.info\/wp-content\/uploads\/2023\/04\/visit-amalfi-logo-web.png","contentUrl":"https:\/\/www.visitamalfi.info\/wp-content\/uploads\/2023\/04\/visit-amalfi-logo-web.png","width":800,"height":870,"caption":"Visit Amalfi"},"image":{"@id":"https:\/\/www.visitamalfi.info\/de\/#\/schema\/logo\/image\/"},"sameAs":["https:\/\/www.facebook.com\/visitamalfiofficial","https:\/\/www.instagram.com\/visitamalfiofficial\/"]},{"@type":"Person","@id":"https:\/\/www.visitamalfi.info\/de\/#\/schema\/person\/0c7584af846d5d2da6c69f7e68f3af96","name":"Federica Dumont","image":{"@type":"ImageObject","inLanguage":"de","@id":"https:\/\/secure.gravatar.com\/avatar\/0803dab414b6c6f1fd2399680f587870a020419b6ebe9d36dd75df06a6a68060?s=96&d=mm&r=g","url":"https:\/\/secure.gravatar.com\/avatar\/0803dab414b6c6f1fd2399680f587870a020419b6ebe9d36dd75df06a6a68060?s=96&d=mm&r=g","contentUrl":"https:\/\/secure.gravatar.com\/avatar\/0803dab414b6c6f1fd2399680f587870a020419b6ebe9d36dd75df06a6a68060?s=96&d=mm&r=g","caption":"Federica Dumont"},"url":"https:\/\/www.visitamalfi.info\/de\/author\/federica\/"}]}},"_links":{"self":[{"href":"https:\/\/www.visitamalfi.info\/de\/wp-json\/wp\/v2\/posts\/21981","targetHints":{"allow":["GET"]}}],"collection":[{"href":"https:\/\/www.visitamalfi.info\/de\/wp-json\/wp\/v2\/posts"}],"about":[{"href":"https:\/\/www.visitamalfi.info\/de\/wp-json\/wp\/v2\/types\/post"}],"author":[{"embeddable":true,"href":"https:\/\/www.visitamalfi.info\/de\/wp-json\/wp\/v2\/users\/7"}],"replies":[{"embeddable":true,"href":"https:\/\/www.visitamalfi.info\/de\/wp-json\/wp\/v2\/comments?post=21981"}],"version-history":[{"count":0,"href":"https:\/\/www.visitamalfi.info\/de\/wp-json\/wp\/v2\/posts\/21981\/revisions"}],"wp:featuredmedia":[{"embeddable":true,"href":"https:\/\/www.visitamalfi.info\/de\/wp-json\/wp\/v2\/media\/21930"}],"wp:attachment":[{"href":"https:\/\/www.visitamalfi.info\/de\/wp-json\/wp\/v2\/media?parent=21981"}],"wp:term":[{"taxonomy":"category","embeddable":true,"href":"https:\/\/www.visitamalfi.info\/de\/wp-json\/wp\/v2\/categories?post=21981"},{"taxonomy":"post_tag","embeddable":true,"href":"https:\/\/www.visitamalfi.info\/de\/wp-json\/wp\/v2\/tags?post=21981"}],"curies":[{"name":"wp","href":"https:\/\/api.w.org\/{rel}","templated":true}]}}