{"id":21854,"date":"2025-06-03T11:22:13","date_gmt":"2025-06-03T09:22:13","guid":{"rendered":"https:\/\/www.visitamalfi.info\/das-fest-des-heiligen-andreas-in-amalfi-zwischen-glaube-folklore-und-spektakel-am-meer\/"},"modified":"2025-06-03T11:22:13","modified_gmt":"2025-06-03T09:22:13","slug":"das-fest-des-heiligen-andreas-in-amalfi-zwischen-glaube-folklore-und-spektakel-am-meer","status":"publish","type":"post","link":"https:\/\/www.visitamalfi.info\/de\/das-fest-des-heiligen-andreas-in-amalfi-zwischen-glaube-folklore-und-spektakel-am-meer\/","title":{"rendered":"Das Fest des Heiligen Andreas in Amalfi: zwischen Glaube, Folklore und Spektakel am Meer"},"content":{"rendered":"<div class=\"page\" title=\"Seite 1\">\n<div class=\"section\">\n<div class=\"layoutArea\">\n<div class=\"column\">\n<p>Vielleicht wei\u00df nicht jeder, dass Amalfi am 27. Juni und am 30. November den Heiligen Andreas, seinen Schutzpatron, feiert und die Stadt sich dabei herausputzt.<br \/>\nEs ist ein besonderes Ereignis, das Tradition, Heiligkeit und Spektakel vereint und alle, B\u00fcrger und Besucher, in seinen Bann zieht. Aber worum geht es dabei eigentlich?<\/p>\n<p><img fetchpriority=\"high\" decoding=\"async\" class=\"size-medium wp-image-21836 alignright\" src=\"https:\/\/www.visitamalfi.info\/wp-content\/uploads\/2025\/06\/51-Cattedrale-foto-abbagnara-300x200.jpg\" alt=\"\" width=\"300\" height=\"200\" srcset=\"https:\/\/www.visitamalfi.info\/wp-content\/uploads\/2025\/06\/51-Cattedrale-foto-abbagnara-300x200.jpg 300w, https:\/\/www.visitamalfi.info\/wp-content\/uploads\/2025\/06\/51-Cattedrale-foto-abbagnara-1024x683.jpg 1024w, https:\/\/www.visitamalfi.info\/wp-content\/uploads\/2025\/06\/51-Cattedrale-foto-abbagnara-768x512.jpg 768w, https:\/\/www.visitamalfi.info\/wp-content\/uploads\/2025\/06\/51-Cattedrale-foto-abbagnara-1536x1024.jpg 1536w, https:\/\/www.visitamalfi.info\/wp-content\/uploads\/2025\/06\/51-Cattedrale-foto-abbagnara-870x580.jpg 870w, https:\/\/www.visitamalfi.info\/wp-content\/uploads\/2025\/06\/51-Cattedrale-foto-abbagnara-615x410.jpg 615w, https:\/\/www.visitamalfi.info\/wp-content\/uploads\/2025\/06\/51-Cattedrale-foto-abbagnara-1240x825.jpg 1240w, https:\/\/www.visitamalfi.info\/wp-content\/uploads\/2025\/06\/51-Cattedrale-foto-abbagnara.jpg 1920w\" sizes=\"(max-width: 300px) 100vw, 300px\" \/><strong>Eine liebgewonnene Tradition<\/strong><\/p>\n<p>Seit 1208, als seine Reliquien aus Konstantinopel hierher gebracht wurden, steht der Fischerapostel im Mittelpunkt von zwei feierlichen Feiern: einer im Sommer (27. Juni) zum Gedenken an das Wunder von 1544, als er die Stadt vor einem Piratenangriff gerettet haben soll, und einer im Winter (30. November), die intimer und spiritueller ist, am liturgischen Tag des Heiligen.<\/p>\n<p><strong>Das Herz des Festivals: die Kathedrale und die Krypta<\/strong><\/p>\n<p><img decoding=\"async\" class=\"size-medium wp-image-21841 alignleft\" src=\"https:\/\/www.visitamalfi.info\/wp-content\/uploads\/2025\/06\/01-Cattedrale-foto-abbagnara-200x300.jpg\" alt=\"\" width=\"200\" height=\"300\" srcset=\"https:\/\/www.visitamalfi.info\/wp-content\/uploads\/2025\/06\/01-Cattedrale-foto-abbagnara-200x300.jpg 200w, https:\/\/www.visitamalfi.info\/wp-content\/uploads\/2025\/06\/01-Cattedrale-foto-abbagnara-683x1024.jpg 683w, https:\/\/www.visitamalfi.info\/wp-content\/uploads\/2025\/06\/01-Cattedrale-foto-abbagnara-768x1152.jpg 768w, https:\/\/www.visitamalfi.info\/wp-content\/uploads\/2025\/06\/01-Cattedrale-foto-abbagnara-1024x1536.jpg 1024w, https:\/\/www.visitamalfi.info\/wp-content\/uploads\/2025\/06\/01-Cattedrale-foto-abbagnara.jpg 1280w\" sizes=\"(max-width: 200px) 100vw, 200px\" \/>Das Herzst\u00fcck der Feierlichkeiten ist der majest\u00e4tische Dom von Amalfi, der dem Heiligen Andreas gewidmet ist. Hier wird die feierliche Messe in Anwesenheit der zivilen und religi\u00f6sen Autorit\u00e4ten abgehalten. Von hier aus startet die beeindruckende Prozession mit der Statue des Heiligen auf den Schultern, begleitet von Liedern, Gebeten und einer ganzen feiernden Gemeinde.<\/p>\n<p><strong>Der am sehnlichsten erwartete Moment: der Statuenlauf<\/strong><br \/>\nEiner der sch\u00f6nsten Momente der Feierlichkeiten ist der Lauf der Statue des Heiligen Andreas die monumentalen Stufen der Kathedrale hinunter, unter dem Beifall der Menge. Es ist eine spektakul\u00e4re Geste und ein Akt des Glaubens.<\/p>\n<p><strong>Die Party am Meer<\/strong><\/p>\n<p>Nach der Prozession verlagern sich die Feierlichkeiten auf das Meer und in den Himmel: Marschkapellen, beleuchtete Boote entlang der K\u00fcste und vor allem ein Feuerwerk \u00fcber dem Meer sorgen f\u00fcr einen der aufregendsten Momente des amalfitanischen Sommers.<\/p>\n<p>Das Andreasfest ist nicht nur ein religi\u00f6ses Ereignis: Es ist ein umfassendes und traditionelles Erlebnis. Hier erleben Sie Amalfi von seiner authentischsten Seite, zwischen Geschichte, Legende, Fr\u00f6mmigkeit und Spektakel.<\/p>\n<p>Ob Sie gl\u00e4ubig sind oder nicht, diese Feier ist eine einzigartige Gelegenheit, mit der tiefsten Seele der Stadt in Kontakt zu kommen.<\/p>\n<\/div>\n<\/div>\n<\/div>\n<\/div>\n","protected":false},"excerpt":{"rendered":"<p>Vielleicht wei\u00df nicht jeder, dass Amalfi am 27. Juni und am 30. November den Heiligen Andreas, seinen Schutzpatron, feiert und die Stadt sich dabei herausputzt. Es ist ein besonderes Ereignis, [&hellip;]<\/p>\n","protected":false},"author":7,"featured_media":21849,"comment_status":"open","ping_status":"closed","sticky":false,"template":"","format":"standard","meta":{"inline_featured_image":false,"footnotes":""},"categories":[260],"tags":[],"class_list":["post-21854","post","type-post","status-publish","format-standard","has-post-thumbnail","hentry","category-kuriositaten"],"yoast_head":"<!-- This site is optimized with the Yoast SEO plugin v27.3 - https:\/\/yoast.com\/product\/yoast-seo-wordpress\/ -->\n<title>Das Fest des Heiligen Andreas in Amalfi: zwischen Glaube, Folklore und Spektakel am Meer - Visit Amalfi<\/title>\n<meta name=\"robots\" content=\"index, follow, max-snippet:-1, max-image-preview:large, max-video-preview:-1\" \/>\n<link rel=\"canonical\" href=\"https:\/\/www.visitamalfi.info\/de\/das-fest-des-heiligen-andreas-in-amalfi-zwischen-glaube-folklore-und-spektakel-am-meer\/\" \/>\n<meta property=\"og:locale\" content=\"de_DE\" \/>\n<meta property=\"og:type\" content=\"article\" \/>\n<meta property=\"og:title\" content=\"Das Fest des Heiligen Andreas in Amalfi: zwischen Glaube, Folklore und Spektakel am Meer - Visit Amalfi\" \/>\n<meta property=\"og:description\" content=\"Vielleicht wei\u00df nicht jeder, dass Amalfi am 27. Juni und am 30. November den Heiligen Andreas, seinen Schutzpatron, feiert und die Stadt sich dabei herausputzt. Es ist ein besonderes Ereignis, [&hellip;]\" \/>\n<meta property=\"og:url\" content=\"https:\/\/www.visitamalfi.info\/de\/das-fest-des-heiligen-andreas-in-amalfi-zwischen-glaube-folklore-und-spektakel-am-meer\/\" \/>\n<meta property=\"og:site_name\" content=\"Visit Amalfi\" \/>\n<meta property=\"article:publisher\" content=\"https:\/\/www.facebook.com\/visitamalfiofficial\" \/>\n<meta property=\"article:published_time\" content=\"2025-06-03T09:22:13+00:00\" \/>\n<meta property=\"og:image\" content=\"https:\/\/www.visitamalfi.info\/wp-content\/uploads\/2025\/06\/08-Cattedrale-foto-abbagnara.jpg\" \/>\n\t<meta property=\"og:image:width\" content=\"1920\" \/>\n\t<meta property=\"og:image:height\" content=\"1280\" \/>\n\t<meta property=\"og:image:type\" content=\"image\/jpeg\" \/>\n<meta name=\"author\" content=\"Federica Dumont\" \/>\n<meta name=\"twitter:card\" content=\"summary_large_image\" \/>\n<meta name=\"twitter:label1\" content=\"Verfasst von\" \/>\n\t<meta name=\"twitter:data1\" content=\"Federica Dumont\" \/>\n\t<meta name=\"twitter:label2\" content=\"Gesch\u00e4tzte Lesezeit\" \/>\n\t<meta name=\"twitter:data2\" content=\"2\u00a0Minuten\" \/>\n<script type=\"application\/ld+json\" class=\"yoast-schema-graph\">{\"@context\":\"https:\\\/\\\/schema.org\",\"@graph\":[{\"@type\":\"Article\",\"@id\":\"https:\\\/\\\/www.visitamalfi.info\\\/de\\\/das-fest-des-heiligen-andreas-in-amalfi-zwischen-glaube-folklore-und-spektakel-am-meer\\\/#article\",\"isPartOf\":{\"@id\":\"https:\\\/\\\/www.visitamalfi.info\\\/de\\\/das-fest-des-heiligen-andreas-in-amalfi-zwischen-glaube-folklore-und-spektakel-am-meer\\\/\"},\"author\":{\"name\":\"Federica Dumont\",\"@id\":\"https:\\\/\\\/www.visitamalfi.info\\\/de\\\/#\\\/schema\\\/person\\\/0c7584af846d5d2da6c69f7e68f3af96\"},\"headline\":\"Das Fest des Heiligen Andreas in Amalfi: zwischen Glaube, Folklore und Spektakel am Meer\",\"datePublished\":\"2025-06-03T09:22:13+00:00\",\"mainEntityOfPage\":{\"@id\":\"https:\\\/\\\/www.visitamalfi.info\\\/de\\\/das-fest-des-heiligen-andreas-in-amalfi-zwischen-glaube-folklore-und-spektakel-am-meer\\\/\"},\"wordCount\":327,\"commentCount\":0,\"publisher\":{\"@id\":\"https:\\\/\\\/www.visitamalfi.info\\\/de\\\/#organization\"},\"image\":{\"@id\":\"https:\\\/\\\/www.visitamalfi.info\\\/de\\\/das-fest-des-heiligen-andreas-in-amalfi-zwischen-glaube-folklore-und-spektakel-am-meer\\\/#primaryimage\"},\"thumbnailUrl\":\"https:\\\/\\\/www.visitamalfi.info\\\/wp-content\\\/uploads\\\/2025\\\/06\\\/08-Cattedrale-foto-abbagnara.jpg\",\"articleSection\":[\"Kuriosit\u00e4ten\"],\"inLanguage\":\"de\",\"potentialAction\":[{\"@type\":\"CommentAction\",\"name\":\"Comment\",\"target\":[\"https:\\\/\\\/www.visitamalfi.info\\\/de\\\/das-fest-des-heiligen-andreas-in-amalfi-zwischen-glaube-folklore-und-spektakel-am-meer\\\/#respond\"]}]},{\"@type\":\"WebPage\",\"@id\":\"https:\\\/\\\/www.visitamalfi.info\\\/de\\\/das-fest-des-heiligen-andreas-in-amalfi-zwischen-glaube-folklore-und-spektakel-am-meer\\\/\",\"url\":\"https:\\\/\\\/www.visitamalfi.info\\\/de\\\/das-fest-des-heiligen-andreas-in-amalfi-zwischen-glaube-folklore-und-spektakel-am-meer\\\/\",\"name\":\"Das Fest des Heiligen Andreas in Amalfi: zwischen Glaube, Folklore und Spektakel am Meer - Visit Amalfi\",\"isPartOf\":{\"@id\":\"https:\\\/\\\/www.visitamalfi.info\\\/de\\\/#website\"},\"primaryImageOfPage\":{\"@id\":\"https:\\\/\\\/www.visitamalfi.info\\\/de\\\/das-fest-des-heiligen-andreas-in-amalfi-zwischen-glaube-folklore-und-spektakel-am-meer\\\/#primaryimage\"},\"image\":{\"@id\":\"https:\\\/\\\/www.visitamalfi.info\\\/de\\\/das-fest-des-heiligen-andreas-in-amalfi-zwischen-glaube-folklore-und-spektakel-am-meer\\\/#primaryimage\"},\"thumbnailUrl\":\"https:\\\/\\\/www.visitamalfi.info\\\/wp-content\\\/uploads\\\/2025\\\/06\\\/08-Cattedrale-foto-abbagnara.jpg\",\"datePublished\":\"2025-06-03T09:22:13+00:00\",\"breadcrumb\":{\"@id\":\"https:\\\/\\\/www.visitamalfi.info\\\/de\\\/das-fest-des-heiligen-andreas-in-amalfi-zwischen-glaube-folklore-und-spektakel-am-meer\\\/#breadcrumb\"},\"inLanguage\":\"de\",\"potentialAction\":[{\"@type\":\"ReadAction\",\"target\":[\"https:\\\/\\\/www.visitamalfi.info\\\/de\\\/das-fest-des-heiligen-andreas-in-amalfi-zwischen-glaube-folklore-und-spektakel-am-meer\\\/\"]}]},{\"@type\":\"ImageObject\",\"inLanguage\":\"de\",\"@id\":\"https:\\\/\\\/www.visitamalfi.info\\\/de\\\/das-fest-des-heiligen-andreas-in-amalfi-zwischen-glaube-folklore-und-spektakel-am-meer\\\/#primaryimage\",\"url\":\"https:\\\/\\\/www.visitamalfi.info\\\/wp-content\\\/uploads\\\/2025\\\/06\\\/08-Cattedrale-foto-abbagnara.jpg\",\"contentUrl\":\"https:\\\/\\\/www.visitamalfi.info\\\/wp-content\\\/uploads\\\/2025\\\/06\\\/08-Cattedrale-foto-abbagnara.jpg\",\"width\":1920,\"height\":1280},{\"@type\":\"BreadcrumbList\",\"@id\":\"https:\\\/\\\/www.visitamalfi.info\\\/de\\\/das-fest-des-heiligen-andreas-in-amalfi-zwischen-glaube-folklore-und-spektakel-am-meer\\\/#breadcrumb\",\"itemListElement\":[{\"@type\":\"ListItem\",\"position\":1,\"name\":\"Home\",\"item\":\"https:\\\/\\\/www.visitamalfi.info\\\/de\\\/\"},{\"@type\":\"ListItem\",\"position\":2,\"name\":\"Das Fest des Heiligen Andreas in Amalfi: zwischen Glaube, Folklore und Spektakel am Meer\"}]},{\"@type\":\"WebSite\",\"@id\":\"https:\\\/\\\/www.visitamalfi.info\\\/de\\\/#website\",\"url\":\"https:\\\/\\\/www.visitamalfi.info\\\/de\\\/\",\"name\":\"Visit Amalfi\",\"description\":\"Amalfi Destination Official Website\",\"publisher\":{\"@id\":\"https:\\\/\\\/www.visitamalfi.info\\\/de\\\/#organization\"},\"potentialAction\":[{\"@type\":\"SearchAction\",\"target\":{\"@type\":\"EntryPoint\",\"urlTemplate\":\"https:\\\/\\\/www.visitamalfi.info\\\/de\\\/?s={search_term_string}\"},\"query-input\":{\"@type\":\"PropertyValueSpecification\",\"valueRequired\":true,\"valueName\":\"search_term_string\"}}],\"inLanguage\":\"de\"},{\"@type\":\"Organization\",\"@id\":\"https:\\\/\\\/www.visitamalfi.info\\\/de\\\/#organization\",\"name\":\"Visit Amalfi\",\"url\":\"https:\\\/\\\/www.visitamalfi.info\\\/de\\\/\",\"logo\":{\"@type\":\"ImageObject\",\"inLanguage\":\"de\",\"@id\":\"https:\\\/\\\/www.visitamalfi.info\\\/de\\\/#\\\/schema\\\/logo\\\/image\\\/\",\"url\":\"https:\\\/\\\/www.visitamalfi.info\\\/wp-content\\\/uploads\\\/2023\\\/04\\\/visit-amalfi-logo-web.png\",\"contentUrl\":\"https:\\\/\\\/www.visitamalfi.info\\\/wp-content\\\/uploads\\\/2023\\\/04\\\/visit-amalfi-logo-web.png\",\"width\":800,\"height\":870,\"caption\":\"Visit Amalfi\"},\"image\":{\"@id\":\"https:\\\/\\\/www.visitamalfi.info\\\/de\\\/#\\\/schema\\\/logo\\\/image\\\/\"},\"sameAs\":[\"https:\\\/\\\/www.facebook.com\\\/visitamalfiofficial\",\"https:\\\/\\\/www.instagram.com\\\/visitamalfiofficial\\\/\"]},{\"@type\":\"Person\",\"@id\":\"https:\\\/\\\/www.visitamalfi.info\\\/de\\\/#\\\/schema\\\/person\\\/0c7584af846d5d2da6c69f7e68f3af96\",\"name\":\"Federica Dumont\",\"image\":{\"@type\":\"ImageObject\",\"inLanguage\":\"de\",\"@id\":\"https:\\\/\\\/secure.gravatar.com\\\/avatar\\\/0803dab414b6c6f1fd2399680f587870a020419b6ebe9d36dd75df06a6a68060?s=96&d=mm&r=g\",\"url\":\"https:\\\/\\\/secure.gravatar.com\\\/avatar\\\/0803dab414b6c6f1fd2399680f587870a020419b6ebe9d36dd75df06a6a68060?s=96&d=mm&r=g\",\"contentUrl\":\"https:\\\/\\\/secure.gravatar.com\\\/avatar\\\/0803dab414b6c6f1fd2399680f587870a020419b6ebe9d36dd75df06a6a68060?s=96&d=mm&r=g\",\"caption\":\"Federica Dumont\"},\"url\":\"https:\\\/\\\/www.visitamalfi.info\\\/de\\\/author\\\/federica\\\/\"}]}<\/script>\n<!-- \/ Yoast SEO plugin. -->","yoast_head_json":{"title":"Das Fest des Heiligen Andreas in Amalfi: zwischen Glaube, Folklore und Spektakel am Meer - Visit Amalfi","robots":{"index":"index","follow":"follow","max-snippet":"max-snippet:-1","max-image-preview":"max-image-preview:large","max-video-preview":"max-video-preview:-1"},"canonical":"https:\/\/www.visitamalfi.info\/de\/das-fest-des-heiligen-andreas-in-amalfi-zwischen-glaube-folklore-und-spektakel-am-meer\/","og_locale":"de_DE","og_type":"article","og_title":"Das Fest des Heiligen Andreas in Amalfi: zwischen Glaube, Folklore und Spektakel am Meer - Visit Amalfi","og_description":"Vielleicht wei\u00df nicht jeder, dass Amalfi am 27. Juni und am 30. November den Heiligen Andreas, seinen Schutzpatron, feiert und die Stadt sich dabei herausputzt. Es ist ein besonderes Ereignis, [&hellip;]","og_url":"https:\/\/www.visitamalfi.info\/de\/das-fest-des-heiligen-andreas-in-amalfi-zwischen-glaube-folklore-und-spektakel-am-meer\/","og_site_name":"Visit Amalfi","article_publisher":"https:\/\/www.facebook.com\/visitamalfiofficial","article_published_time":"2025-06-03T09:22:13+00:00","og_image":[{"width":1920,"height":1280,"url":"https:\/\/www.visitamalfi.info\/wp-content\/uploads\/2025\/06\/08-Cattedrale-foto-abbagnara.jpg","type":"image\/jpeg"}],"author":"Federica Dumont","twitter_card":"summary_large_image","twitter_misc":{"Verfasst von":"Federica Dumont","Gesch\u00e4tzte Lesezeit":"2\u00a0Minuten"},"schema":{"@context":"https:\/\/schema.org","@graph":[{"@type":"Article","@id":"https:\/\/www.visitamalfi.info\/de\/das-fest-des-heiligen-andreas-in-amalfi-zwischen-glaube-folklore-und-spektakel-am-meer\/#article","isPartOf":{"@id":"https:\/\/www.visitamalfi.info\/de\/das-fest-des-heiligen-andreas-in-amalfi-zwischen-glaube-folklore-und-spektakel-am-meer\/"},"author":{"name":"Federica Dumont","@id":"https:\/\/www.visitamalfi.info\/de\/#\/schema\/person\/0c7584af846d5d2da6c69f7e68f3af96"},"headline":"Das Fest des Heiligen Andreas in Amalfi: zwischen Glaube, Folklore und Spektakel am Meer","datePublished":"2025-06-03T09:22:13+00:00","mainEntityOfPage":{"@id":"https:\/\/www.visitamalfi.info\/de\/das-fest-des-heiligen-andreas-in-amalfi-zwischen-glaube-folklore-und-spektakel-am-meer\/"},"wordCount":327,"commentCount":0,"publisher":{"@id":"https:\/\/www.visitamalfi.info\/de\/#organization"},"image":{"@id":"https:\/\/www.visitamalfi.info\/de\/das-fest-des-heiligen-andreas-in-amalfi-zwischen-glaube-folklore-und-spektakel-am-meer\/#primaryimage"},"thumbnailUrl":"https:\/\/www.visitamalfi.info\/wp-content\/uploads\/2025\/06\/08-Cattedrale-foto-abbagnara.jpg","articleSection":["Kuriosit\u00e4ten"],"inLanguage":"de","potentialAction":[{"@type":"CommentAction","name":"Comment","target":["https:\/\/www.visitamalfi.info\/de\/das-fest-des-heiligen-andreas-in-amalfi-zwischen-glaube-folklore-und-spektakel-am-meer\/#respond"]}]},{"@type":"WebPage","@id":"https:\/\/www.visitamalfi.info\/de\/das-fest-des-heiligen-andreas-in-amalfi-zwischen-glaube-folklore-und-spektakel-am-meer\/","url":"https:\/\/www.visitamalfi.info\/de\/das-fest-des-heiligen-andreas-in-amalfi-zwischen-glaube-folklore-und-spektakel-am-meer\/","name":"Das Fest des Heiligen Andreas in Amalfi: zwischen Glaube, Folklore und Spektakel am Meer - Visit Amalfi","isPartOf":{"@id":"https:\/\/www.visitamalfi.info\/de\/#website"},"primaryImageOfPage":{"@id":"https:\/\/www.visitamalfi.info\/de\/das-fest-des-heiligen-andreas-in-amalfi-zwischen-glaube-folklore-und-spektakel-am-meer\/#primaryimage"},"image":{"@id":"https:\/\/www.visitamalfi.info\/de\/das-fest-des-heiligen-andreas-in-amalfi-zwischen-glaube-folklore-und-spektakel-am-meer\/#primaryimage"},"thumbnailUrl":"https:\/\/www.visitamalfi.info\/wp-content\/uploads\/2025\/06\/08-Cattedrale-foto-abbagnara.jpg","datePublished":"2025-06-03T09:22:13+00:00","breadcrumb":{"@id":"https:\/\/www.visitamalfi.info\/de\/das-fest-des-heiligen-andreas-in-amalfi-zwischen-glaube-folklore-und-spektakel-am-meer\/#breadcrumb"},"inLanguage":"de","potentialAction":[{"@type":"ReadAction","target":["https:\/\/www.visitamalfi.info\/de\/das-fest-des-heiligen-andreas-in-amalfi-zwischen-glaube-folklore-und-spektakel-am-meer\/"]}]},{"@type":"ImageObject","inLanguage":"de","@id":"https:\/\/www.visitamalfi.info\/de\/das-fest-des-heiligen-andreas-in-amalfi-zwischen-glaube-folklore-und-spektakel-am-meer\/#primaryimage","url":"https:\/\/www.visitamalfi.info\/wp-content\/uploads\/2025\/06\/08-Cattedrale-foto-abbagnara.jpg","contentUrl":"https:\/\/www.visitamalfi.info\/wp-content\/uploads\/2025\/06\/08-Cattedrale-foto-abbagnara.jpg","width":1920,"height":1280},{"@type":"BreadcrumbList","@id":"https:\/\/www.visitamalfi.info\/de\/das-fest-des-heiligen-andreas-in-amalfi-zwischen-glaube-folklore-und-spektakel-am-meer\/#breadcrumb","itemListElement":[{"@type":"ListItem","position":1,"name":"Home","item":"https:\/\/www.visitamalfi.info\/de\/"},{"@type":"ListItem","position":2,"name":"Das Fest des Heiligen Andreas in Amalfi: zwischen Glaube, Folklore und Spektakel am Meer"}]},{"@type":"WebSite","@id":"https:\/\/www.visitamalfi.info\/de\/#website","url":"https:\/\/www.visitamalfi.info\/de\/","name":"Visit Amalfi","description":"Amalfi Destination Official Website","publisher":{"@id":"https:\/\/www.visitamalfi.info\/de\/#organization"},"potentialAction":[{"@type":"SearchAction","target":{"@type":"EntryPoint","urlTemplate":"https:\/\/www.visitamalfi.info\/de\/?s={search_term_string}"},"query-input":{"@type":"PropertyValueSpecification","valueRequired":true,"valueName":"search_term_string"}}],"inLanguage":"de"},{"@type":"Organization","@id":"https:\/\/www.visitamalfi.info\/de\/#organization","name":"Visit Amalfi","url":"https:\/\/www.visitamalfi.info\/de\/","logo":{"@type":"ImageObject","inLanguage":"de","@id":"https:\/\/www.visitamalfi.info\/de\/#\/schema\/logo\/image\/","url":"https:\/\/www.visitamalfi.info\/wp-content\/uploads\/2023\/04\/visit-amalfi-logo-web.png","contentUrl":"https:\/\/www.visitamalfi.info\/wp-content\/uploads\/2023\/04\/visit-amalfi-logo-web.png","width":800,"height":870,"caption":"Visit Amalfi"},"image":{"@id":"https:\/\/www.visitamalfi.info\/de\/#\/schema\/logo\/image\/"},"sameAs":["https:\/\/www.facebook.com\/visitamalfiofficial","https:\/\/www.instagram.com\/visitamalfiofficial\/"]},{"@type":"Person","@id":"https:\/\/www.visitamalfi.info\/de\/#\/schema\/person\/0c7584af846d5d2da6c69f7e68f3af96","name":"Federica Dumont","image":{"@type":"ImageObject","inLanguage":"de","@id":"https:\/\/secure.gravatar.com\/avatar\/0803dab414b6c6f1fd2399680f587870a020419b6ebe9d36dd75df06a6a68060?s=96&d=mm&r=g","url":"https:\/\/secure.gravatar.com\/avatar\/0803dab414b6c6f1fd2399680f587870a020419b6ebe9d36dd75df06a6a68060?s=96&d=mm&r=g","contentUrl":"https:\/\/secure.gravatar.com\/avatar\/0803dab414b6c6f1fd2399680f587870a020419b6ebe9d36dd75df06a6a68060?s=96&d=mm&r=g","caption":"Federica Dumont"},"url":"https:\/\/www.visitamalfi.info\/de\/author\/federica\/"}]}},"_links":{"self":[{"href":"https:\/\/www.visitamalfi.info\/de\/wp-json\/wp\/v2\/posts\/21854","targetHints":{"allow":["GET"]}}],"collection":[{"href":"https:\/\/www.visitamalfi.info\/de\/wp-json\/wp\/v2\/posts"}],"about":[{"href":"https:\/\/www.visitamalfi.info\/de\/wp-json\/wp\/v2\/types\/post"}],"author":[{"embeddable":true,"href":"https:\/\/www.visitamalfi.info\/de\/wp-json\/wp\/v2\/users\/7"}],"replies":[{"embeddable":true,"href":"https:\/\/www.visitamalfi.info\/de\/wp-json\/wp\/v2\/comments?post=21854"}],"version-history":[{"count":0,"href":"https:\/\/www.visitamalfi.info\/de\/wp-json\/wp\/v2\/posts\/21854\/revisions"}],"wp:featuredmedia":[{"embeddable":true,"href":"https:\/\/www.visitamalfi.info\/de\/wp-json\/wp\/v2\/media\/21849"}],"wp:attachment":[{"href":"https:\/\/www.visitamalfi.info\/de\/wp-json\/wp\/v2\/media?parent=21854"}],"wp:term":[{"taxonomy":"category","embeddable":true,"href":"https:\/\/www.visitamalfi.info\/de\/wp-json\/wp\/v2\/categories?post=21854"},{"taxonomy":"post_tag","embeddable":true,"href":"https:\/\/www.visitamalfi.info\/de\/wp-json\/wp\/v2\/tags?post=21854"}],"curies":[{"name":"wp","href":"https:\/\/api.w.org\/{rel}","templated":true}]}}