{"id":21640,"date":"2025-05-15T18:27:38","date_gmt":"2025-05-15T16:27:38","guid":{"rendered":"https:\/\/www.visitamalfi.info\/amalfi-ist-bereit-die-seerepubliken-zu-empfangen-vorhang-auf-fuer-den-palio-der-koeniginnen-der-meere\/"},"modified":"2025-05-15T18:27:38","modified_gmt":"2025-05-15T16:27:38","slug":"amalfi-ist-bereit-die-seerepubliken-zu-empfangen-vorhang-auf-fuer-den-palio-der-koeniginnen-der-meere","status":"publish","type":"post","link":"https:\/\/www.visitamalfi.info\/de\/amalfi-ist-bereit-die-seerepubliken-zu-empfangen-vorhang-auf-fuer-den-palio-der-koeniginnen-der-meere\/","title":{"rendered":"Amalfi ist bereit, die Seerepubliken zu empfangen: Vorhang auf f\u00fcr den Palio der K\u00f6niginnen der Meere"},"content":{"rendered":"<p class=\"cvGsUA direction-ltr align-start para-style-body\"><span class=\"OYPEnA font-feature-liga-off font-feature-clig-off font-feature-calt-off text-decoration-none text-strikethrough-none\">Am heutigen Donnerstag, den 15. Mai, war das Arsenal der Republik Schauplatz eines symboltr\u00e4chtigen, k\u00fcnstlerischen und stimmungsvollen Moments: die <\/span><span class=\"OYPEnA font-feature-liga-off font-feature-clig-off font-feature-calt-off text-decoration-none text-strikethrough-none\">erste kulturelle Veranstaltung<\/span><span class=\"OYPEnA font-feature-liga-off font-feature-clig-off font-feature-calt-off text-decoration-none text-strikethrough-none\"> mit dem die Feierlichkeiten zur Regatta der alten Seerepubliken offiziell er\u00f6ffnet wurden.<img fetchpriority=\"high\" decoding=\"async\" class=\"size-medium wp-image-21602 alignright\" src=\"https:\/\/www.visitamalfi.info\/wp-content\/uploads\/2025\/05\/496053856_1109743344528032_975839270209202004_n-300x200.jpg\" alt=\"\" width=\"300\" height=\"200\" srcset=\"https:\/\/www.visitamalfi.info\/wp-content\/uploads\/2025\/05\/496053856_1109743344528032_975839270209202004_n-300x200.jpg 300w, https:\/\/www.visitamalfi.info\/wp-content\/uploads\/2025\/05\/496053856_1109743344528032_975839270209202004_n-1024x682.jpg 1024w, https:\/\/www.visitamalfi.info\/wp-content\/uploads\/2025\/05\/496053856_1109743344528032_975839270209202004_n-768x512.jpg 768w, https:\/\/www.visitamalfi.info\/wp-content\/uploads\/2025\/05\/496053856_1109743344528032_975839270209202004_n-1536x1023.jpg 1536w, https:\/\/www.visitamalfi.info\/wp-content\/uploads\/2025\/05\/496053856_1109743344528032_975839270209202004_n-870x580.jpg 870w, https:\/\/www.visitamalfi.info\/wp-content\/uploads\/2025\/05\/496053856_1109743344528032_975839270209202004_n-615x410.jpg 615w, https:\/\/www.visitamalfi.info\/wp-content\/uploads\/2025\/05\/496053856_1109743344528032_975839270209202004_n-1240x825.jpg 1240w, https:\/\/www.visitamalfi.info\/wp-content\/uploads\/2025\/05\/496053856_1109743344528032_975839270209202004_n.jpg 1600w\" sizes=\"(max-width: 300px) 100vw, 300px\" \/><\/span><\/p>\n<p class=\"cvGsUA direction-ltr align-start para-style-body\"><strong><span class=\"OYPEnA font-feature-liga-off font-feature-clig-off font-feature-calt-off text-decoration-none text-strikethrough-none\">Die Ausstellung<\/span><\/strong><\/p>\n<p class=\"cvGsUA direction-ltr align-start para-style-body\"><span class=\"OYPEnA font-feature-liga-off font-feature-clig-off font-feature-calt-off text-decoration-none text-strikethrough-none\">Das erste Ereignis ist eine echte Reise in die Erinnerung und die Sch\u00f6nheit der Veranstaltung: die Er\u00f6ffnung einer<em> Ausstellung, die den wichtigsten Plakaten der 70 Ausgaben der Regatta gewidmet ist<\/em>. Dies ist eine einzigartige und aufregende Gelegenheit, vergangene Momente, die mit der Geschichte der Regatta verbunden sind, durch die Entwicklung ihres <em>grafischen Bildes<\/em> wieder zu erleben.<\/span><\/p>\n<p class=\"cvGsUA direction-ltr align-start para-style-body\"><span class=\"OYPEnA font-feature-liga-off font-feature-clig-off font-feature-calt-off text-decoration-none text-strikethrough-none\"><img decoding=\"async\" class=\"size-medium wp-image-21607 alignleft\" src=\"https:\/\/www.visitamalfi.info\/wp-content\/uploads\/2025\/05\/2r-300x200.jpg\" alt=\"\" width=\"300\" height=\"200\" srcset=\"https:\/\/www.visitamalfi.info\/wp-content\/uploads\/2025\/05\/2r-300x200.jpg 300w, https:\/\/www.visitamalfi.info\/wp-content\/uploads\/2025\/05\/2r-1024x682.jpg 1024w, https:\/\/www.visitamalfi.info\/wp-content\/uploads\/2025\/05\/2r-768x512.jpg 768w, https:\/\/www.visitamalfi.info\/wp-content\/uploads\/2025\/05\/2r-1536x1023.jpg 1536w, https:\/\/www.visitamalfi.info\/wp-content\/uploads\/2025\/05\/2r-870x580.jpg 870w, https:\/\/www.visitamalfi.info\/wp-content\/uploads\/2025\/05\/2r-615x410.jpg 615w, https:\/\/www.visitamalfi.info\/wp-content\/uploads\/2025\/05\/2r-1240x825.jpg 1240w, https:\/\/www.visitamalfi.info\/wp-content\/uploads\/2025\/05\/2r.jpg 1600w\" sizes=\"(max-width: 300px) 100vw, 300px\" \/>Um den Abend zu bereichern, wurde die Pr\u00e4sentation der &#8220;<\/span><em><span class=\"OYPEnA font-feature-liga-off font-feature-clig-off font-feature-calt-off text-decoration-none text-strikethrough-none\">einzigartigen Nummer<\/span><\/em><span class=\"OYPEnA font-feature-liga-off font-feature-clig-off font-feature-calt-off text-decoration-none text-strikethrough-none\">&#8216;, d.h. der Publikation, mit der Amalfi das Ereignis feiert und die vom Centro di Cultura e Storia Amalfitana herausgegeben wird, und der <em>8 neuen Kost\u00fcme der Figuren<\/em>, die in der <em>historischen Prozession<\/em> (Samstag, 17. Mai, 19.30 Uhr) ihr Deb\u00fct geben werden: eine Hommage an die Tradition, die durch sorgf\u00e4ltige historische und sartoriale Recherchen elegant erneuert wird und die Identit\u00e4t der Stadt hervorhebt.<\/span><\/p>\n<p class=\"cvGsUA direction-ltr align-start para-style-body\"><span class=\"OYPEnA font-feature-liga-off font-feature-clig-off font-feature-calt-off text-decoration-none text-strikethrough-none\">&#8220;<em>Es handelt sich um vier Ritter, die als<strong>&#8216;Milites<\/strong>&#8216; bekannt sind und deren Figuren auf einem Fresko in der tausend Jahre alten Abtei <strong>Santa Maria dell&#8217;Olearia<\/strong> in Maiori zu sehen sind, zwei Kaufleute, von denen der erste dem amalfitanischen Adel angeh\u00f6rt und der andere Ausdruck der so genannten<strong>&#8216;mediocres<\/strong>&#8216; Klasse ist, und zwei Adelige: die <strong>Ducissa<\/strong>, Gemahlin des Herzogs, Patriziers und Antipatriarchen <strong>Mansone I<\/strong>., und die <strong>Ducissa Regale<\/strong>, Ehefrau des korrigierenden Herzogs <strong>Giovanni I.,<\/strong> deren visuelle Referenzen aus ebenso vielen Skulpturen stammen, die auf eine Dama di Scala bzw. Sigilgaida della Marra zur\u00fcckgehen&#8230;.<\/em>&#8220;<\/span><\/p>\n<p class=\"cvGsUA direction-ltr align-start para-style-body\"><strong><span class=\"OYPEnA font-feature-liga-off font-feature-clig-off font-feature-calt-off text-decoration-none text-strikethrough-none\">Das Arsenal wird wieder zum pulsierenden Herzen der Kultur<\/span><\/strong><\/p>\n<p class=\"cvGsUA direction-ltr align-start para-style-body\"><span class=\"OYPEnA font-feature-liga-off font-feature-clig-off font-feature-calt-off text-decoration-none text-strikethrough-none\">Das antike Arsenal, ein unbestrittenes Symbol der Seefahrermacht von Amalfi, ist heute wieder ein Zentrum des kulturellen Lebens und ein Treffpunkt <em>zwischen Vergangenheit und Gegenwart<\/em>. Diese erste Veranstaltung ist nicht nur eine Vorschau auf die Regatta, sondern auch eine Einladung, den Wert der Wurzeln neu zu entdecken.<img decoding=\"async\" class=\"size-medium wp-image-21597 alignright\" src=\"https:\/\/www.visitamalfi.info\/wp-content\/uploads\/2025\/05\/f-300x200.jpg\" alt=\"\" width=\"300\" height=\"200\" srcset=\"https:\/\/www.visitamalfi.info\/wp-content\/uploads\/2025\/05\/f-300x200.jpg 300w, https:\/\/www.visitamalfi.info\/wp-content\/uploads\/2025\/05\/f-1024x682.jpg 1024w, https:\/\/www.visitamalfi.info\/wp-content\/uploads\/2025\/05\/f-768x512.jpg 768w, https:\/\/www.visitamalfi.info\/wp-content\/uploads\/2025\/05\/f-1536x1023.jpg 1536w, https:\/\/www.visitamalfi.info\/wp-content\/uploads\/2025\/05\/f-870x580.jpg 870w, https:\/\/www.visitamalfi.info\/wp-content\/uploads\/2025\/05\/f-615x410.jpg 615w, https:\/\/www.visitamalfi.info\/wp-content\/uploads\/2025\/05\/f-1240x825.jpg 1240w, https:\/\/www.visitamalfi.info\/wp-content\/uploads\/2025\/05\/f.jpg 1600w\" sizes=\"(max-width: 300px) 100vw, 300px\" \/><\/span><\/p>\n<p class=\"cvGsUA direction-ltr align-start para-style-body\"><strong><span class=\"OYPEnA font-feature-liga-off font-feature-clig-off font-feature-calt-off text-decoration-none text-strikethrough-none\">Warten auf das gro\u00dfe Ereignis<\/span><\/strong><\/p>\n<p class=\"cvGsUA direction-ltr align-start para-style-body\"><span class=\"OYPEnA font-feature-liga-off font-feature-clig-off font-feature-calt-off text-decoration-none text-strikethrough-none\">Amalfi hat sich also fein herausgeputzt, um G\u00e4ste, Schaulustige und Enthusiasten aus aller Welt zu empfangen. Die Seerepubliken &#8211; Amalfi, Genua, Pisa und Venedig &#8211; kreuzen erneut ihre Wege zwischen Geschichte und Sport, Kultur und Unterhaltung.<\/span><\/p>\n<p class=\"cvGsUA direction-ltr align-start para-style-body\"><span class=\"OYPEnA font-feature-liga-off font-feature-clig-off font-feature-calt-off text-decoration-none text-strikethrough-none\">Und alles beginnt genau hier, mit diesem ersten, aufregenden Schritt.<\/span><\/p>\n<p>Sind Sie bereit, Amalfi zu bejubeln?<\/p>\n<div id='gallery-1' class='gallery galleryid-21640 gallery-columns-3 gallery-size-thumbnail'><figure class='gallery-item'>\n\t\t\t<div class='gallery-icon portrait'>\n\t\t\t\t<a href='https:\/\/www.visitamalfi.info\/de\/amalfi-ist-bereit-die-seerepubliken-zu-empfangen-vorhang-auf-fuer-den-palio-der-koeniginnen-der-meere\/497350292_1109743221194711_8657796789485730696_n-2\/'><img loading=\"lazy\" decoding=\"async\" width=\"300\" height=\"300\" src=\"https:\/\/www.visitamalfi.info\/wp-content\/uploads\/2025\/05\/497350292_1109743221194711_8657796789485730696_n-300x300.jpg\" class=\"attachment-thumbnail size-thumbnail\" alt=\"\" srcset=\"https:\/\/www.visitamalfi.info\/wp-content\/uploads\/2025\/05\/497350292_1109743221194711_8657796789485730696_n-300x300.jpg 300w, https:\/\/www.visitamalfi.info\/wp-content\/uploads\/2025\/05\/497350292_1109743221194711_8657796789485730696_n-510x510.jpg 510w, https:\/\/www.visitamalfi.info\/wp-content\/uploads\/2025\/05\/497350292_1109743221194711_8657796789485730696_n-160x160.jpg 160w\" sizes=\"(max-width: 300px) 100vw, 300px\" \/><\/a>\n\t\t\t<\/div><\/figure><figure class='gallery-item'>\n\t\t\t<div class='gallery-icon portrait'>\n\t\t\t\t<a href='https:\/\/www.visitamalfi.info\/de\/amalfi-ist-bereit-die-seerepubliken-zu-empfangen-vorhang-auf-fuer-den-palio-der-koeniginnen-der-meere\/497524614_1109743251194708_2611088161515784241_n-2\/'><img loading=\"lazy\" decoding=\"async\" width=\"300\" height=\"300\" src=\"https:\/\/www.visitamalfi.info\/wp-content\/uploads\/2025\/05\/497524614_1109743251194708_2611088161515784241_n-300x300.jpg\" class=\"attachment-thumbnail size-thumbnail\" alt=\"\" srcset=\"https:\/\/www.visitamalfi.info\/wp-content\/uploads\/2025\/05\/497524614_1109743251194708_2611088161515784241_n-300x300.jpg 300w, https:\/\/www.visitamalfi.info\/wp-content\/uploads\/2025\/05\/497524614_1109743251194708_2611088161515784241_n-510x510.jpg 510w, https:\/\/www.visitamalfi.info\/wp-content\/uploads\/2025\/05\/497524614_1109743251194708_2611088161515784241_n-160x160.jpg 160w\" sizes=\"(max-width: 300px) 100vw, 300px\" \/><\/a>\n\t\t\t<\/div><\/figure><figure class='gallery-item'>\n\t\t\t<div class='gallery-icon portrait'>\n\t\t\t\t<a href='https:\/\/www.visitamalfi.info\/de\/amalfi-ist-bereit-die-seerepubliken-zu-empfangen-vorhang-auf-fuer-den-palio-der-koeniginnen-der-meere\/497672790_1109743107861389_8584494237515674312_n-2\/'><img loading=\"lazy\" decoding=\"async\" width=\"300\" height=\"300\" src=\"https:\/\/www.visitamalfi.info\/wp-content\/uploads\/2025\/05\/497672790_1109743107861389_8584494237515674312_n-300x300.jpg\" class=\"attachment-thumbnail size-thumbnail\" alt=\"\" srcset=\"https:\/\/www.visitamalfi.info\/wp-content\/uploads\/2025\/05\/497672790_1109743107861389_8584494237515674312_n-300x300.jpg 300w, https:\/\/www.visitamalfi.info\/wp-content\/uploads\/2025\/05\/497672790_1109743107861389_8584494237515674312_n-510x510.jpg 510w, https:\/\/www.visitamalfi.info\/wp-content\/uploads\/2025\/05\/497672790_1109743107861389_8584494237515674312_n-160x160.jpg 160w\" sizes=\"(max-width: 300px) 100vw, 300px\" \/><\/a>\n\t\t\t<\/div><\/figure><figure class='gallery-item'>\n\t\t\t<div class='gallery-icon landscape'>\n\t\t\t\t<a href='https:\/\/www.visitamalfi.info\/de\/amalfi-ist-bereit-die-seerepubliken-zu-empfangen-vorhang-auf-fuer-den-palio-der-koeniginnen-der-meere\/2r-2\/'><img loading=\"lazy\" decoding=\"async\" width=\"300\" height=\"300\" src=\"https:\/\/www.visitamalfi.info\/wp-content\/uploads\/2025\/05\/2r-300x300.jpg\" class=\"attachment-thumbnail size-thumbnail\" alt=\"\" srcset=\"https:\/\/www.visitamalfi.info\/wp-content\/uploads\/2025\/05\/2r-300x300.jpg 300w, https:\/\/www.visitamalfi.info\/wp-content\/uploads\/2025\/05\/2r-510x510.jpg 510w, https:\/\/www.visitamalfi.info\/wp-content\/uploads\/2025\/05\/2r-160x160.jpg 160w\" sizes=\"(max-width: 300px) 100vw, 300px\" \/><\/a>\n\t\t\t<\/div><\/figure><figure class='gallery-item'>\n\t\t\t<div class='gallery-icon landscape'>\n\t\t\t\t<a href='https:\/\/www.visitamalfi.info\/de\/amalfi-ist-bereit-die-seerepubliken-zu-empfangen-vorhang-auf-fuer-den-palio-der-koeniginnen-der-meere\/496053856_1109743344528032_975839270209202004_n-2\/'><img loading=\"lazy\" decoding=\"async\" width=\"300\" height=\"300\" src=\"https:\/\/www.visitamalfi.info\/wp-content\/uploads\/2025\/05\/496053856_1109743344528032_975839270209202004_n-300x300.jpg\" class=\"attachment-thumbnail size-thumbnail\" alt=\"\" srcset=\"https:\/\/www.visitamalfi.info\/wp-content\/uploads\/2025\/05\/496053856_1109743344528032_975839270209202004_n-300x300.jpg 300w, https:\/\/www.visitamalfi.info\/wp-content\/uploads\/2025\/05\/496053856_1109743344528032_975839270209202004_n-510x510.jpg 510w, https:\/\/www.visitamalfi.info\/wp-content\/uploads\/2025\/05\/496053856_1109743344528032_975839270209202004_n-160x160.jpg 160w\" sizes=\"(max-width: 300px) 100vw, 300px\" \/><\/a>\n\t\t\t<\/div><\/figure><figure class='gallery-item'>\n\t\t\t<div class='gallery-icon landscape'>\n\t\t\t\t<a href='https:\/\/www.visitamalfi.info\/de\/amalfi-ist-bereit-die-seerepubliken-zu-empfangen-vorhang-auf-fuer-den-palio-der-koeniginnen-der-meere\/f-2\/'><img loading=\"lazy\" decoding=\"async\" width=\"300\" height=\"300\" src=\"https:\/\/www.visitamalfi.info\/wp-content\/uploads\/2025\/05\/f-300x300.jpg\" class=\"attachment-thumbnail size-thumbnail\" alt=\"\" srcset=\"https:\/\/www.visitamalfi.info\/wp-content\/uploads\/2025\/05\/f-300x300.jpg 300w, https:\/\/www.visitamalfi.info\/wp-content\/uploads\/2025\/05\/f-510x510.jpg 510w, https:\/\/www.visitamalfi.info\/wp-content\/uploads\/2025\/05\/f-160x160.jpg 160w\" sizes=\"(max-width: 300px) 100vw, 300px\" \/><\/a>\n\t\t\t<\/div><\/figure><figure class='gallery-item'>\n\t\t\t<div class='gallery-icon landscape'>\n\t\t\t\t<a href='https:\/\/www.visitamalfi.info\/de\/amalfi-ist-bereit-die-seerepubliken-zu-empfangen-vorhang-auf-fuer-den-palio-der-koeniginnen-der-meere\/3s-2\/'><img loading=\"lazy\" decoding=\"async\" width=\"300\" height=\"300\" src=\"https:\/\/www.visitamalfi.info\/wp-content\/uploads\/2025\/05\/3s-300x300.jpg\" class=\"attachment-thumbnail size-thumbnail\" alt=\"\" srcset=\"https:\/\/www.visitamalfi.info\/wp-content\/uploads\/2025\/05\/3s-300x300.jpg 300w, https:\/\/www.visitamalfi.info\/wp-content\/uploads\/2025\/05\/3s-510x510.jpg 510w, https:\/\/www.visitamalfi.info\/wp-content\/uploads\/2025\/05\/3s-160x160.jpg 160w\" sizes=\"(max-width: 300px) 100vw, 300px\" \/><\/a>\n\t\t\t<\/div><\/figure><figure class='gallery-item'>\n\t\t\t<div class='gallery-icon portrait'>\n\t\t\t\t<a href='https:\/\/www.visitamalfi.info\/de\/amalfi-ist-bereit-die-seerepubliken-zu-empfangen-vorhang-auf-fuer-den-palio-der-koeniginnen-der-meere\/494305486_1109743151194718_6352148661008959502_n-2\/'><img loading=\"lazy\" decoding=\"async\" width=\"300\" height=\"300\" src=\"https:\/\/www.visitamalfi.info\/wp-content\/uploads\/2025\/05\/494305486_1109743151194718_6352148661008959502_n-300x300.jpg\" class=\"attachment-thumbnail size-thumbnail\" alt=\"\" srcset=\"https:\/\/www.visitamalfi.info\/wp-content\/uploads\/2025\/05\/494305486_1109743151194718_6352148661008959502_n-300x300.jpg 300w, https:\/\/www.visitamalfi.info\/wp-content\/uploads\/2025\/05\/494305486_1109743151194718_6352148661008959502_n-510x510.jpg 510w, https:\/\/www.visitamalfi.info\/wp-content\/uploads\/2025\/05\/494305486_1109743151194718_6352148661008959502_n-160x160.jpg 160w\" sizes=\"(max-width: 300px) 100vw, 300px\" \/><\/a>\n\t\t\t<\/div><\/figure><figure class='gallery-item'>\n\t\t\t<div class='gallery-icon portrait'>\n\t\t\t\t<a href='https:\/\/www.visitamalfi.info\/de\/amalfi-ist-bereit-die-seerepubliken-zu-empfangen-vorhang-auf-fuer-den-palio-der-koeniginnen-der-meere\/494421358_1109743184528048_4258256673229505645_n-2\/'><img loading=\"lazy\" decoding=\"async\" width=\"300\" height=\"300\" src=\"https:\/\/www.visitamalfi.info\/wp-content\/uploads\/2025\/05\/494421358_1109743184528048_4258256673229505645_n-300x300.jpg\" class=\"attachment-thumbnail size-thumbnail\" alt=\"\" srcset=\"https:\/\/www.visitamalfi.info\/wp-content\/uploads\/2025\/05\/494421358_1109743184528048_4258256673229505645_n-300x300.jpg 300w, https:\/\/www.visitamalfi.info\/wp-content\/uploads\/2025\/05\/494421358_1109743184528048_4258256673229505645_n-510x510.jpg 510w, https:\/\/www.visitamalfi.info\/wp-content\/uploads\/2025\/05\/494421358_1109743184528048_4258256673229505645_n-160x160.jpg 160w\" sizes=\"(max-width: 300px) 100vw, 300px\" \/><\/a>\n\t\t\t<\/div><\/figure>\n\t\t<\/div>\n\n","protected":false},"excerpt":{"rendered":"<p>Am heutigen Donnerstag, den 15. Mai, war das Arsenal der Republik Schauplatz eines symboltr\u00e4chtigen, k\u00fcnstlerischen und stimmungsvollen Moments: die erste kulturelle Veranstaltung mit dem die Feierlichkeiten zur Regatta der alten [&hellip;]<\/p>\n","protected":false},"author":7,"featured_media":21600,"comment_status":"open","ping_status":"closed","sticky":false,"template":"","format":"standard","meta":{"inline_featured_image":false,"footnotes":""},"categories":[896,816,817,725,818],"tags":[],"class_list":["post-21640","post","type-post","status-publish","format-standard","has-post-thumbnail","hentry","category-consigli-di-viaggio-de","category-eventi-de","category-geschichte","category-kunst","category-tradition-de"],"yoast_head":"<!-- This site is optimized with the Yoast SEO plugin v27.3 - https:\/\/yoast.com\/product\/yoast-seo-wordpress\/ -->\n<title>Amalfi ist bereit, die Seerepubliken zu empfangen: Vorhang auf f\u00fcr den Palio der K\u00f6niginnen der Meere - Visit Amalfi<\/title>\n<meta name=\"robots\" content=\"index, follow, max-snippet:-1, max-image-preview:large, max-video-preview:-1\" \/>\n<link rel=\"canonical\" href=\"https:\/\/www.visitamalfi.info\/de\/amalfi-ist-bereit-die-seerepubliken-zu-empfangen-vorhang-auf-fuer-den-palio-der-koeniginnen-der-meere\/\" \/>\n<meta property=\"og:locale\" content=\"de_DE\" \/>\n<meta property=\"og:type\" content=\"article\" \/>\n<meta property=\"og:title\" content=\"Amalfi ist bereit, die Seerepubliken zu empfangen: Vorhang auf f\u00fcr den Palio der K\u00f6niginnen der Meere - Visit Amalfi\" \/>\n<meta property=\"og:description\" content=\"Am heutigen Donnerstag, den 15. Mai, war das Arsenal der Republik Schauplatz eines symboltr\u00e4chtigen, k\u00fcnstlerischen und stimmungsvollen Moments: die erste kulturelle Veranstaltung mit dem die Feierlichkeiten zur Regatta der alten [&hellip;]\" \/>\n<meta property=\"og:url\" content=\"https:\/\/www.visitamalfi.info\/de\/amalfi-ist-bereit-die-seerepubliken-zu-empfangen-vorhang-auf-fuer-den-palio-der-koeniginnen-der-meere\/\" \/>\n<meta property=\"og:site_name\" content=\"Visit Amalfi\" \/>\n<meta property=\"article:publisher\" content=\"https:\/\/www.facebook.com\/visitamalfiofficial\" \/>\n<meta property=\"article:published_time\" content=\"2025-05-15T16:27:38+00:00\" \/>\n<meta property=\"og:image\" content=\"https:\/\/www.visitamalfi.info\/wp-content\/uploads\/2025\/05\/f.jpg\" \/>\n\t<meta property=\"og:image:width\" content=\"1600\" \/>\n\t<meta property=\"og:image:height\" content=\"1066\" \/>\n\t<meta property=\"og:image:type\" content=\"image\/jpeg\" \/>\n<meta name=\"author\" content=\"Federica Dumont\" \/>\n<meta name=\"twitter:card\" content=\"summary_large_image\" \/>\n<meta name=\"twitter:label1\" content=\"Verfasst von\" \/>\n\t<meta name=\"twitter:data1\" content=\"Federica Dumont\" \/>\n\t<meta name=\"twitter:label2\" content=\"Gesch\u00e4tzte Lesezeit\" \/>\n\t<meta name=\"twitter:data2\" content=\"2\u00a0Minuten\" \/>\n<script type=\"application\/ld+json\" class=\"yoast-schema-graph\">{\"@context\":\"https:\\\/\\\/schema.org\",\"@graph\":[{\"@type\":\"Article\",\"@id\":\"https:\\\/\\\/www.visitamalfi.info\\\/de\\\/amalfi-ist-bereit-die-seerepubliken-zu-empfangen-vorhang-auf-fuer-den-palio-der-koeniginnen-der-meere\\\/#article\",\"isPartOf\":{\"@id\":\"https:\\\/\\\/www.visitamalfi.info\\\/de\\\/amalfi-ist-bereit-die-seerepubliken-zu-empfangen-vorhang-auf-fuer-den-palio-der-koeniginnen-der-meere\\\/\"},\"author\":{\"name\":\"Federica Dumont\",\"@id\":\"https:\\\/\\\/www.visitamalfi.info\\\/de\\\/#\\\/schema\\\/person\\\/0c7584af846d5d2da6c69f7e68f3af96\"},\"headline\":\"Amalfi ist bereit, die Seerepubliken zu empfangen: Vorhang auf f\u00fcr den Palio der K\u00f6niginnen der Meere\",\"datePublished\":\"2025-05-15T16:27:38+00:00\",\"mainEntityOfPage\":{\"@id\":\"https:\\\/\\\/www.visitamalfi.info\\\/de\\\/amalfi-ist-bereit-die-seerepubliken-zu-empfangen-vorhang-auf-fuer-den-palio-der-koeniginnen-der-meere\\\/\"},\"wordCount\":402,\"commentCount\":0,\"publisher\":{\"@id\":\"https:\\\/\\\/www.visitamalfi.info\\\/de\\\/#organization\"},\"image\":{\"@id\":\"https:\\\/\\\/www.visitamalfi.info\\\/de\\\/amalfi-ist-bereit-die-seerepubliken-zu-empfangen-vorhang-auf-fuer-den-palio-der-koeniginnen-der-meere\\\/#primaryimage\"},\"thumbnailUrl\":\"https:\\\/\\\/www.visitamalfi.info\\\/wp-content\\\/uploads\\\/2025\\\/05\\\/f.jpg\",\"articleSection\":[\"Consigli di viaggio\",\"Eventi\",\"Geschichte\",\"Kunst\",\"Tradition\"],\"inLanguage\":\"de\",\"potentialAction\":[{\"@type\":\"CommentAction\",\"name\":\"Comment\",\"target\":[\"https:\\\/\\\/www.visitamalfi.info\\\/de\\\/amalfi-ist-bereit-die-seerepubliken-zu-empfangen-vorhang-auf-fuer-den-palio-der-koeniginnen-der-meere\\\/#respond\"]}]},{\"@type\":\"WebPage\",\"@id\":\"https:\\\/\\\/www.visitamalfi.info\\\/de\\\/amalfi-ist-bereit-die-seerepubliken-zu-empfangen-vorhang-auf-fuer-den-palio-der-koeniginnen-der-meere\\\/\",\"url\":\"https:\\\/\\\/www.visitamalfi.info\\\/de\\\/amalfi-ist-bereit-die-seerepubliken-zu-empfangen-vorhang-auf-fuer-den-palio-der-koeniginnen-der-meere\\\/\",\"name\":\"Amalfi ist bereit, die Seerepubliken zu empfangen: Vorhang auf f\u00fcr den Palio der K\u00f6niginnen der Meere - Visit Amalfi\",\"isPartOf\":{\"@id\":\"https:\\\/\\\/www.visitamalfi.info\\\/de\\\/#website\"},\"primaryImageOfPage\":{\"@id\":\"https:\\\/\\\/www.visitamalfi.info\\\/de\\\/amalfi-ist-bereit-die-seerepubliken-zu-empfangen-vorhang-auf-fuer-den-palio-der-koeniginnen-der-meere\\\/#primaryimage\"},\"image\":{\"@id\":\"https:\\\/\\\/www.visitamalfi.info\\\/de\\\/amalfi-ist-bereit-die-seerepubliken-zu-empfangen-vorhang-auf-fuer-den-palio-der-koeniginnen-der-meere\\\/#primaryimage\"},\"thumbnailUrl\":\"https:\\\/\\\/www.visitamalfi.info\\\/wp-content\\\/uploads\\\/2025\\\/05\\\/f.jpg\",\"datePublished\":\"2025-05-15T16:27:38+00:00\",\"breadcrumb\":{\"@id\":\"https:\\\/\\\/www.visitamalfi.info\\\/de\\\/amalfi-ist-bereit-die-seerepubliken-zu-empfangen-vorhang-auf-fuer-den-palio-der-koeniginnen-der-meere\\\/#breadcrumb\"},\"inLanguage\":\"de\",\"potentialAction\":[{\"@type\":\"ReadAction\",\"target\":[\"https:\\\/\\\/www.visitamalfi.info\\\/de\\\/amalfi-ist-bereit-die-seerepubliken-zu-empfangen-vorhang-auf-fuer-den-palio-der-koeniginnen-der-meere\\\/\"]}]},{\"@type\":\"ImageObject\",\"inLanguage\":\"de\",\"@id\":\"https:\\\/\\\/www.visitamalfi.info\\\/de\\\/amalfi-ist-bereit-die-seerepubliken-zu-empfangen-vorhang-auf-fuer-den-palio-der-koeniginnen-der-meere\\\/#primaryimage\",\"url\":\"https:\\\/\\\/www.visitamalfi.info\\\/wp-content\\\/uploads\\\/2025\\\/05\\\/f.jpg\",\"contentUrl\":\"https:\\\/\\\/www.visitamalfi.info\\\/wp-content\\\/uploads\\\/2025\\\/05\\\/f.jpg\",\"width\":1600,\"height\":1066},{\"@type\":\"BreadcrumbList\",\"@id\":\"https:\\\/\\\/www.visitamalfi.info\\\/de\\\/amalfi-ist-bereit-die-seerepubliken-zu-empfangen-vorhang-auf-fuer-den-palio-der-koeniginnen-der-meere\\\/#breadcrumb\",\"itemListElement\":[{\"@type\":\"ListItem\",\"position\":1,\"name\":\"Home\",\"item\":\"https:\\\/\\\/www.visitamalfi.info\\\/de\\\/\"},{\"@type\":\"ListItem\",\"position\":2,\"name\":\"Amalfi ist bereit, die Seerepubliken zu empfangen: Vorhang auf f\u00fcr den Palio der K\u00f6niginnen der Meere\"}]},{\"@type\":\"WebSite\",\"@id\":\"https:\\\/\\\/www.visitamalfi.info\\\/de\\\/#website\",\"url\":\"https:\\\/\\\/www.visitamalfi.info\\\/de\\\/\",\"name\":\"Visit Amalfi\",\"description\":\"Amalfi Destination Official Website\",\"publisher\":{\"@id\":\"https:\\\/\\\/www.visitamalfi.info\\\/de\\\/#organization\"},\"potentialAction\":[{\"@type\":\"SearchAction\",\"target\":{\"@type\":\"EntryPoint\",\"urlTemplate\":\"https:\\\/\\\/www.visitamalfi.info\\\/de\\\/?s={search_term_string}\"},\"query-input\":{\"@type\":\"PropertyValueSpecification\",\"valueRequired\":true,\"valueName\":\"search_term_string\"}}],\"inLanguage\":\"de\"},{\"@type\":\"Organization\",\"@id\":\"https:\\\/\\\/www.visitamalfi.info\\\/de\\\/#organization\",\"name\":\"Visit Amalfi\",\"url\":\"https:\\\/\\\/www.visitamalfi.info\\\/de\\\/\",\"logo\":{\"@type\":\"ImageObject\",\"inLanguage\":\"de\",\"@id\":\"https:\\\/\\\/www.visitamalfi.info\\\/de\\\/#\\\/schema\\\/logo\\\/image\\\/\",\"url\":\"https:\\\/\\\/www.visitamalfi.info\\\/wp-content\\\/uploads\\\/2023\\\/04\\\/visit-amalfi-logo-web.png\",\"contentUrl\":\"https:\\\/\\\/www.visitamalfi.info\\\/wp-content\\\/uploads\\\/2023\\\/04\\\/visit-amalfi-logo-web.png\",\"width\":800,\"height\":870,\"caption\":\"Visit Amalfi\"},\"image\":{\"@id\":\"https:\\\/\\\/www.visitamalfi.info\\\/de\\\/#\\\/schema\\\/logo\\\/image\\\/\"},\"sameAs\":[\"https:\\\/\\\/www.facebook.com\\\/visitamalfiofficial\",\"https:\\\/\\\/www.instagram.com\\\/visitamalfiofficial\\\/\"]},{\"@type\":\"Person\",\"@id\":\"https:\\\/\\\/www.visitamalfi.info\\\/de\\\/#\\\/schema\\\/person\\\/0c7584af846d5d2da6c69f7e68f3af96\",\"name\":\"Federica Dumont\",\"image\":{\"@type\":\"ImageObject\",\"inLanguage\":\"de\",\"@id\":\"https:\\\/\\\/secure.gravatar.com\\\/avatar\\\/0803dab414b6c6f1fd2399680f587870a020419b6ebe9d36dd75df06a6a68060?s=96&d=mm&r=g\",\"url\":\"https:\\\/\\\/secure.gravatar.com\\\/avatar\\\/0803dab414b6c6f1fd2399680f587870a020419b6ebe9d36dd75df06a6a68060?s=96&d=mm&r=g\",\"contentUrl\":\"https:\\\/\\\/secure.gravatar.com\\\/avatar\\\/0803dab414b6c6f1fd2399680f587870a020419b6ebe9d36dd75df06a6a68060?s=96&d=mm&r=g\",\"caption\":\"Federica Dumont\"},\"url\":\"https:\\\/\\\/www.visitamalfi.info\\\/de\\\/author\\\/federica\\\/\"}]}<\/script>\n<!-- \/ Yoast SEO plugin. -->","yoast_head_json":{"title":"Amalfi ist bereit, die Seerepubliken zu empfangen: Vorhang auf f\u00fcr den Palio der K\u00f6niginnen der Meere - Visit Amalfi","robots":{"index":"index","follow":"follow","max-snippet":"max-snippet:-1","max-image-preview":"max-image-preview:large","max-video-preview":"max-video-preview:-1"},"canonical":"https:\/\/www.visitamalfi.info\/de\/amalfi-ist-bereit-die-seerepubliken-zu-empfangen-vorhang-auf-fuer-den-palio-der-koeniginnen-der-meere\/","og_locale":"de_DE","og_type":"article","og_title":"Amalfi ist bereit, die Seerepubliken zu empfangen: Vorhang auf f\u00fcr den Palio der K\u00f6niginnen der Meere - Visit Amalfi","og_description":"Am heutigen Donnerstag, den 15. Mai, war das Arsenal der Republik Schauplatz eines symboltr\u00e4chtigen, k\u00fcnstlerischen und stimmungsvollen Moments: die erste kulturelle Veranstaltung mit dem die Feierlichkeiten zur Regatta der alten [&hellip;]","og_url":"https:\/\/www.visitamalfi.info\/de\/amalfi-ist-bereit-die-seerepubliken-zu-empfangen-vorhang-auf-fuer-den-palio-der-koeniginnen-der-meere\/","og_site_name":"Visit Amalfi","article_publisher":"https:\/\/www.facebook.com\/visitamalfiofficial","article_published_time":"2025-05-15T16:27:38+00:00","og_image":[{"width":1600,"height":1066,"url":"https:\/\/www.visitamalfi.info\/wp-content\/uploads\/2025\/05\/f.jpg","type":"image\/jpeg"}],"author":"Federica Dumont","twitter_card":"summary_large_image","twitter_misc":{"Verfasst von":"Federica Dumont","Gesch\u00e4tzte Lesezeit":"2\u00a0Minuten"},"schema":{"@context":"https:\/\/schema.org","@graph":[{"@type":"Article","@id":"https:\/\/www.visitamalfi.info\/de\/amalfi-ist-bereit-die-seerepubliken-zu-empfangen-vorhang-auf-fuer-den-palio-der-koeniginnen-der-meere\/#article","isPartOf":{"@id":"https:\/\/www.visitamalfi.info\/de\/amalfi-ist-bereit-die-seerepubliken-zu-empfangen-vorhang-auf-fuer-den-palio-der-koeniginnen-der-meere\/"},"author":{"name":"Federica Dumont","@id":"https:\/\/www.visitamalfi.info\/de\/#\/schema\/person\/0c7584af846d5d2da6c69f7e68f3af96"},"headline":"Amalfi ist bereit, die Seerepubliken zu empfangen: Vorhang auf f\u00fcr den Palio der K\u00f6niginnen der Meere","datePublished":"2025-05-15T16:27:38+00:00","mainEntityOfPage":{"@id":"https:\/\/www.visitamalfi.info\/de\/amalfi-ist-bereit-die-seerepubliken-zu-empfangen-vorhang-auf-fuer-den-palio-der-koeniginnen-der-meere\/"},"wordCount":402,"commentCount":0,"publisher":{"@id":"https:\/\/www.visitamalfi.info\/de\/#organization"},"image":{"@id":"https:\/\/www.visitamalfi.info\/de\/amalfi-ist-bereit-die-seerepubliken-zu-empfangen-vorhang-auf-fuer-den-palio-der-koeniginnen-der-meere\/#primaryimage"},"thumbnailUrl":"https:\/\/www.visitamalfi.info\/wp-content\/uploads\/2025\/05\/f.jpg","articleSection":["Consigli di viaggio","Eventi","Geschichte","Kunst","Tradition"],"inLanguage":"de","potentialAction":[{"@type":"CommentAction","name":"Comment","target":["https:\/\/www.visitamalfi.info\/de\/amalfi-ist-bereit-die-seerepubliken-zu-empfangen-vorhang-auf-fuer-den-palio-der-koeniginnen-der-meere\/#respond"]}]},{"@type":"WebPage","@id":"https:\/\/www.visitamalfi.info\/de\/amalfi-ist-bereit-die-seerepubliken-zu-empfangen-vorhang-auf-fuer-den-palio-der-koeniginnen-der-meere\/","url":"https:\/\/www.visitamalfi.info\/de\/amalfi-ist-bereit-die-seerepubliken-zu-empfangen-vorhang-auf-fuer-den-palio-der-koeniginnen-der-meere\/","name":"Amalfi ist bereit, die Seerepubliken zu empfangen: Vorhang auf f\u00fcr den Palio der K\u00f6niginnen der Meere - Visit Amalfi","isPartOf":{"@id":"https:\/\/www.visitamalfi.info\/de\/#website"},"primaryImageOfPage":{"@id":"https:\/\/www.visitamalfi.info\/de\/amalfi-ist-bereit-die-seerepubliken-zu-empfangen-vorhang-auf-fuer-den-palio-der-koeniginnen-der-meere\/#primaryimage"},"image":{"@id":"https:\/\/www.visitamalfi.info\/de\/amalfi-ist-bereit-die-seerepubliken-zu-empfangen-vorhang-auf-fuer-den-palio-der-koeniginnen-der-meere\/#primaryimage"},"thumbnailUrl":"https:\/\/www.visitamalfi.info\/wp-content\/uploads\/2025\/05\/f.jpg","datePublished":"2025-05-15T16:27:38+00:00","breadcrumb":{"@id":"https:\/\/www.visitamalfi.info\/de\/amalfi-ist-bereit-die-seerepubliken-zu-empfangen-vorhang-auf-fuer-den-palio-der-koeniginnen-der-meere\/#breadcrumb"},"inLanguage":"de","potentialAction":[{"@type":"ReadAction","target":["https:\/\/www.visitamalfi.info\/de\/amalfi-ist-bereit-die-seerepubliken-zu-empfangen-vorhang-auf-fuer-den-palio-der-koeniginnen-der-meere\/"]}]},{"@type":"ImageObject","inLanguage":"de","@id":"https:\/\/www.visitamalfi.info\/de\/amalfi-ist-bereit-die-seerepubliken-zu-empfangen-vorhang-auf-fuer-den-palio-der-koeniginnen-der-meere\/#primaryimage","url":"https:\/\/www.visitamalfi.info\/wp-content\/uploads\/2025\/05\/f.jpg","contentUrl":"https:\/\/www.visitamalfi.info\/wp-content\/uploads\/2025\/05\/f.jpg","width":1600,"height":1066},{"@type":"BreadcrumbList","@id":"https:\/\/www.visitamalfi.info\/de\/amalfi-ist-bereit-die-seerepubliken-zu-empfangen-vorhang-auf-fuer-den-palio-der-koeniginnen-der-meere\/#breadcrumb","itemListElement":[{"@type":"ListItem","position":1,"name":"Home","item":"https:\/\/www.visitamalfi.info\/de\/"},{"@type":"ListItem","position":2,"name":"Amalfi ist bereit, die Seerepubliken zu empfangen: Vorhang auf f\u00fcr den Palio der K\u00f6niginnen der Meere"}]},{"@type":"WebSite","@id":"https:\/\/www.visitamalfi.info\/de\/#website","url":"https:\/\/www.visitamalfi.info\/de\/","name":"Visit Amalfi","description":"Amalfi Destination Official Website","publisher":{"@id":"https:\/\/www.visitamalfi.info\/de\/#organization"},"potentialAction":[{"@type":"SearchAction","target":{"@type":"EntryPoint","urlTemplate":"https:\/\/www.visitamalfi.info\/de\/?s={search_term_string}"},"query-input":{"@type":"PropertyValueSpecification","valueRequired":true,"valueName":"search_term_string"}}],"inLanguage":"de"},{"@type":"Organization","@id":"https:\/\/www.visitamalfi.info\/de\/#organization","name":"Visit Amalfi","url":"https:\/\/www.visitamalfi.info\/de\/","logo":{"@type":"ImageObject","inLanguage":"de","@id":"https:\/\/www.visitamalfi.info\/de\/#\/schema\/logo\/image\/","url":"https:\/\/www.visitamalfi.info\/wp-content\/uploads\/2023\/04\/visit-amalfi-logo-web.png","contentUrl":"https:\/\/www.visitamalfi.info\/wp-content\/uploads\/2023\/04\/visit-amalfi-logo-web.png","width":800,"height":870,"caption":"Visit Amalfi"},"image":{"@id":"https:\/\/www.visitamalfi.info\/de\/#\/schema\/logo\/image\/"},"sameAs":["https:\/\/www.facebook.com\/visitamalfiofficial","https:\/\/www.instagram.com\/visitamalfiofficial\/"]},{"@type":"Person","@id":"https:\/\/www.visitamalfi.info\/de\/#\/schema\/person\/0c7584af846d5d2da6c69f7e68f3af96","name":"Federica Dumont","image":{"@type":"ImageObject","inLanguage":"de","@id":"https:\/\/secure.gravatar.com\/avatar\/0803dab414b6c6f1fd2399680f587870a020419b6ebe9d36dd75df06a6a68060?s=96&d=mm&r=g","url":"https:\/\/secure.gravatar.com\/avatar\/0803dab414b6c6f1fd2399680f587870a020419b6ebe9d36dd75df06a6a68060?s=96&d=mm&r=g","contentUrl":"https:\/\/secure.gravatar.com\/avatar\/0803dab414b6c6f1fd2399680f587870a020419b6ebe9d36dd75df06a6a68060?s=96&d=mm&r=g","caption":"Federica Dumont"},"url":"https:\/\/www.visitamalfi.info\/de\/author\/federica\/"}]}},"_links":{"self":[{"href":"https:\/\/www.visitamalfi.info\/de\/wp-json\/wp\/v2\/posts\/21640","targetHints":{"allow":["GET"]}}],"collection":[{"href":"https:\/\/www.visitamalfi.info\/de\/wp-json\/wp\/v2\/posts"}],"about":[{"href":"https:\/\/www.visitamalfi.info\/de\/wp-json\/wp\/v2\/types\/post"}],"author":[{"embeddable":true,"href":"https:\/\/www.visitamalfi.info\/de\/wp-json\/wp\/v2\/users\/7"}],"replies":[{"embeddable":true,"href":"https:\/\/www.visitamalfi.info\/de\/wp-json\/wp\/v2\/comments?post=21640"}],"version-history":[{"count":0,"href":"https:\/\/www.visitamalfi.info\/de\/wp-json\/wp\/v2\/posts\/21640\/revisions"}],"wp:featuredmedia":[{"embeddable":true,"href":"https:\/\/www.visitamalfi.info\/de\/wp-json\/wp\/v2\/media\/21600"}],"wp:attachment":[{"href":"https:\/\/www.visitamalfi.info\/de\/wp-json\/wp\/v2\/media?parent=21640"}],"wp:term":[{"taxonomy":"category","embeddable":true,"href":"https:\/\/www.visitamalfi.info\/de\/wp-json\/wp\/v2\/categories?post=21640"},{"taxonomy":"post_tag","embeddable":true,"href":"https:\/\/www.visitamalfi.info\/de\/wp-json\/wp\/v2\/tags?post=21640"}],"curies":[{"name":"wp","href":"https:\/\/api.w.org\/{rel}","templated":true}]}}