{"id":21588,"date":"2025-05-14T19:46:05","date_gmt":"2025-05-14T17:46:05","guid":{"rendered":"https:\/\/www.visitamalfi.info\/eine-kuenstlerische-hommage-an-die-seerepubliken-in-amalfi-vier-vasen-auf-der-piazza-flavio-gioia\/"},"modified":"2025-05-14T19:46:05","modified_gmt":"2025-05-14T17:46:05","slug":"eine-kuenstlerische-hommage-an-die-seerepubliken-in-amalfi-vier-vasen-auf-der-piazza-flavio-gioia","status":"publish","type":"post","link":"https:\/\/www.visitamalfi.info\/de\/eine-kuenstlerische-hommage-an-die-seerepubliken-in-amalfi-vier-vasen-auf-der-piazza-flavio-gioia\/","title":{"rendered":"Eine k\u00fcnstlerische Hommage an die Seerepubliken in Amalfi: vier Vasen auf der Piazza Flavio Gioia"},"content":{"rendered":"<p class=\"cvGsUA direction-ltr align-start para-style-body\"><span class=\"OYPEnA font-feature-liga-off font-feature-clig-off font-feature-calt-off text-decoration-none text-strikethrough-none\"><img fetchpriority=\"high\" decoding=\"async\" class=\"size-medium wp-image-21545 alignright\" src=\"https:\/\/www.visitamalfi.info\/wp-content\/uploads\/2025\/05\/vaso-amalfi-200x300.jpeg\" alt=\"\" width=\"200\" height=\"300\" srcset=\"https:\/\/www.visitamalfi.info\/wp-content\/uploads\/2025\/05\/vaso-amalfi-200x300.jpeg 200w, https:\/\/www.visitamalfi.info\/wp-content\/uploads\/2025\/05\/vaso-amalfi-682x1024.jpeg 682w, https:\/\/www.visitamalfi.info\/wp-content\/uploads\/2025\/05\/vaso-amalfi-768x1153.jpeg 768w, https:\/\/www.visitamalfi.info\/wp-content\/uploads\/2025\/05\/vaso-amalfi-1023x1536.jpeg 1023w, https:\/\/www.visitamalfi.info\/wp-content\/uploads\/2025\/05\/vaso-amalfi.jpeg 1066w\" sizes=\"(max-width: 200px) 100vw, 200px\" \/>Anl\u00e4sslich der 70. Ausgabe der Regatta der alten Seerepubliken hat Amalfi beschlossen, die Vergangenheit und die Tradition mit einer ganz besonderen und k\u00fcnstlerischen Installation zu feiern, die die Stadt versch\u00f6nert. Auf der Piazza Flavio Gioia wurden vier Vasen aufgestellt, die jeweils einem der 4 antiken Stadtstaaten gewidmet sind: Amalfi, Pisa, Genua und Venedig.<\/span><\/p>\n<p class=\"cvGsUA direction-ltr align-start para-style-body\"><strong><span class=\"OYPEnA font-feature-liga-off font-feature-clig-off font-feature-calt-off text-decoration-none text-strikethrough-none\">Eine k\u00fcnstlerische Erz\u00e4hlung in Keramik<\/span><\/strong><\/p>\n<p class=\"cvGsUA direction-ltr align-start para-style-body\"><span class=\"OYPEnA font-feature-liga-off font-feature-clig-off font-feature-calt-off text-decoration-none text-strikethrough-none\">Auf jeder Vase sind jeweils Elemente dargestellt, die die Identit\u00e4t der jeweiligen Stadt verraten:<\/span><\/p>\n<ul>\n<li><span class=\"OYPEnA font-feature-liga-off font-feature-clig-off font-feature-calt-off text-decoration-none text-strikethrough-none\">Die <\/span><span class=\"OYPEnA font-feature-liga-off font-feature-clig-off font-feature-calt-off text-decoration-none text-strikethrough-none\">Banner<\/span><\/li>\n<li><span class=\"OYPEnA font-feature-liga-off font-feature-clig-off font-feature-calt-off text-decoration-none text-strikethrough-none\">La <\/span><span class=\"OYPEnA font-feature-liga-off font-feature-clig-off font-feature-calt-off text-decoration-none text-strikethrough-none\">Galionsfigur<\/span><\/li>\n<li><span class=\"OYPEnA font-feature-liga-off font-feature-clig-off font-feature-calt-off text-decoration-none text-strikethrough-none\">Die <\/span><span class=\"OYPEnA font-feature-liga-off font-feature-clig-off font-feature-calt-off text-decoration-none text-strikethrough-none\">Duke<\/span><\/li>\n<\/ul>\n<p class=\"cvGsUA direction-ltr align-start para-style-body\"><span class=\"OYPEnA font-feature-liga-off font-feature-clig-off font-feature-calt-off text-decoration-none text-strikethrough-none\">Die Vasen<em>&#8220;wurden von dem vietnamesischen Meister <strong>Francesco Raimondi<\/strong> hergestellt, einem der f\u00fchrenden Experten f\u00fcr figurative Kunst auf glasiertem gebranntem Ton, der mit seiner Werkstatt l&#8217;Archetto heute ein Bezugspunkt f\u00fcr viele Keramikliebhaber ist<\/em>&#8230;&#8221;. Diese Werke <\/span>zu einer einzigartigen Erz\u00e4hlung, einem Kunstwerk, das eine Br\u00fccke zwischen Vergangenheit und Gegenwart, Geschichte und Tradition, zwischen Amalfi und seinen &#8216;Schwestern am Meer&#8217; schl\u00e4gt.<\/p>\n<p class=\"cvGsUA direction-ltr align-start para-style-body\"><span class=\"OYPEnA font-feature-liga-off font-feature-clig-off font-feature-calt-off text-decoration-none text-strikethrough-none\"><img decoding=\"async\" class=\" wp-image-21560 alignleft\" src=\"https:\/\/www.visitamalfi.info\/wp-content\/uploads\/2025\/05\/4-200x300.jpg\" alt=\"\" width=\"183\" height=\"275\" srcset=\"https:\/\/www.visitamalfi.info\/wp-content\/uploads\/2025\/05\/4-200x300.jpg 200w, https:\/\/www.visitamalfi.info\/wp-content\/uploads\/2025\/05\/4-682x1024.jpg 682w, https:\/\/www.visitamalfi.info\/wp-content\/uploads\/2025\/05\/4-768x1153.jpg 768w, https:\/\/www.visitamalfi.info\/wp-content\/uploads\/2025\/05\/4-1023x1536.jpg 1023w, https:\/\/www.visitamalfi.info\/wp-content\/uploads\/2025\/05\/4.jpg 1066w\" sizes=\"(max-width: 183px) 100vw, 183px\" \/><\/span><\/p>\n<p class=\"cvGsUA direction-ltr align-start para-style-body\"><strong><span class=\"OYPEnA font-feature-liga-off font-feature-clig-off font-feature-calt-off text-decoration-none text-strikethrough-none\">Amalfi: Kunst, Sch\u00f6nheit und Tradition<\/span><\/strong><\/p>\n<p class=\"cvGsUA direction-ltr align-start para-style-body\"><span class=\"OYPEnA font-feature-liga-off font-feature-clig-off font-feature-calt-off text-decoration-none text-strikethrough-none\"><img decoding=\"async\" class=\"size-medium wp-image-21550 alignright\" src=\"https:\/\/www.visitamalfi.info\/wp-content\/uploads\/2025\/05\/vaso-genova-1-200x300.jpeg\" alt=\"\" width=\"200\" height=\"300\" srcset=\"https:\/\/www.visitamalfi.info\/wp-content\/uploads\/2025\/05\/vaso-genova-1-200x300.jpeg 200w, https:\/\/www.visitamalfi.info\/wp-content\/uploads\/2025\/05\/vaso-genova-1-682x1024.jpeg 682w, https:\/\/www.visitamalfi.info\/wp-content\/uploads\/2025\/05\/vaso-genova-1-768x1153.jpeg 768w, https:\/\/www.visitamalfi.info\/wp-content\/uploads\/2025\/05\/vaso-genova-1-1023x1536.jpeg 1023w, https:\/\/www.visitamalfi.info\/wp-content\/uploads\/2025\/05\/vaso-genova-1.jpeg 1066w\" sizes=\"(max-width: 200px) 100vw, 200px\" \/>Die Initiative ist Teil einer umfassenderen st\u00e4dtebaulichen und kulturellen Aufwertung, die den Platz nicht nur in einen Ort des Durchgangs, sondern auch in einen Raum der Besinnung und Sch\u00f6nheit verwandelt, in dem die Geschichte unter den faszinierten Augen der B\u00fcrger und Besucher wieder zu einem allt\u00e4glichen Protagonisten wird.<\/span><\/p>\n<p class=\"cvGsUA direction-ltr align-start para-style-body\"><strong><span class=\"OYPEnA font-feature-liga-off font-feature-clig-off font-feature-calt-off text-decoration-none text-strikethrough-none\">Ein Werk, das verbindet und erz\u00e4hlt<\/span><\/strong><\/p>\n<p class=\"cvGsUA direction-ltr align-start para-style-body\"><span class=\"OYPEnA font-feature-liga-off font-feature-clig-off font-feature-calt-off text-decoration-none text-strikethrough-none\">Die Hommage an die vier Seerepubliken ist vor allem eine Einladung, die historischen Bande zwischen den vier Stadtstaaten wiederzuentdecken, die einst Rivalen waren und heute mehr denn je vereint sind.<img loading=\"lazy\" decoding=\"async\" class=\" wp-image-21555 alignleft\" src=\"https:\/\/www.visitamalfi.info\/wp-content\/uploads\/2025\/05\/3-200x300.jpg\" alt=\"\" width=\"189\" height=\"284\" srcset=\"https:\/\/www.visitamalfi.info\/wp-content\/uploads\/2025\/05\/3-200x300.jpg 200w, https:\/\/www.visitamalfi.info\/wp-content\/uploads\/2025\/05\/3-682x1024.jpg 682w, https:\/\/www.visitamalfi.info\/wp-content\/uploads\/2025\/05\/3-768x1153.jpg 768w, https:\/\/www.visitamalfi.info\/wp-content\/uploads\/2025\/05\/3-1023x1536.jpg 1023w, https:\/\/www.visitamalfi.info\/wp-content\/uploads\/2025\/05\/3.jpg 1066w\" sizes=\"(max-width: 189px) 100vw, 189px\" \/><\/span><\/p>\n<p class=\"cvGsUA direction-ltr align-start para-style-body\"><span class=\"OYPEnA font-feature-liga-off font-feature-clig-off font-feature-calt-off text-decoration-none text-strikethrough-none\">Ob ein Amalfitaner oder ein Besucher, der f\u00fcr einen einmaligen Urlaub in die Stadt gekommen ist, wer diese Werke auf der Piazza Flavio Gioia bewundern kann, wird aufgefordert, innezuhalten, zu beobachten und sich selbst zu hinterfragen, denn jede Vase ist nicht nur ein einfacher Dekorationsgegenstand, sondern eine Geschichte \u00fcber Geschichte, Tradition, das Meer, Macht und Kunst, die weiter durch die Zeit segelt.<\/span><\/p>\n<div id='gallery-1' class='gallery galleryid-21588 gallery-columns-3 gallery-size-thumbnail'><figure class='gallery-item'>\n\t\t\t<div class='gallery-icon portrait'>\n\t\t\t\t<a href='https:\/\/www.visitamalfi.info\/de\/eine-kuenstlerische-hommage-an-die-seerepubliken-in-amalfi-vier-vasen-auf-der-piazza-flavio-gioia\/vaso-amalfi-2\/'><img loading=\"lazy\" decoding=\"async\" width=\"300\" height=\"300\" src=\"https:\/\/www.visitamalfi.info\/wp-content\/uploads\/2025\/05\/vaso-amalfi-300x300.jpeg\" class=\"attachment-thumbnail size-thumbnail\" alt=\"\" srcset=\"https:\/\/www.visitamalfi.info\/wp-content\/uploads\/2025\/05\/vaso-amalfi-300x300.jpeg 300w, https:\/\/www.visitamalfi.info\/wp-content\/uploads\/2025\/05\/vaso-amalfi-510x510.jpeg 510w, https:\/\/www.visitamalfi.info\/wp-content\/uploads\/2025\/05\/vaso-amalfi-160x160.jpeg 160w\" sizes=\"(max-width: 300px) 100vw, 300px\" \/><\/a>\n\t\t\t<\/div><\/figure><figure class='gallery-item'>\n\t\t\t<div class='gallery-icon portrait'>\n\t\t\t\t<a href='https:\/\/www.visitamalfi.info\/de\/eine-kuenstlerische-hommage-an-die-seerepubliken-in-amalfi-vier-vasen-auf-der-piazza-flavio-gioia\/vaso-genova-1-2\/'><img loading=\"lazy\" decoding=\"async\" width=\"300\" height=\"300\" src=\"https:\/\/www.visitamalfi.info\/wp-content\/uploads\/2025\/05\/vaso-genova-1-300x300.jpeg\" class=\"attachment-thumbnail size-thumbnail\" alt=\"\" srcset=\"https:\/\/www.visitamalfi.info\/wp-content\/uploads\/2025\/05\/vaso-genova-1-300x300.jpeg 300w, https:\/\/www.visitamalfi.info\/wp-content\/uploads\/2025\/05\/vaso-genova-1-510x510.jpeg 510w, https:\/\/www.visitamalfi.info\/wp-content\/uploads\/2025\/05\/vaso-genova-1-160x160.jpeg 160w\" sizes=\"(max-width: 300px) 100vw, 300px\" \/><\/a>\n\t\t\t<\/div><\/figure><figure class='gallery-item'>\n\t\t\t<div class='gallery-icon portrait'>\n\t\t\t\t<a href='https:\/\/www.visitamalfi.info\/de\/eine-kuenstlerische-hommage-an-die-seerepubliken-in-amalfi-vier-vasen-auf-der-piazza-flavio-gioia\/3-11-2\/'><img loading=\"lazy\" decoding=\"async\" width=\"300\" height=\"300\" src=\"https:\/\/www.visitamalfi.info\/wp-content\/uploads\/2025\/05\/3-300x300.jpg\" class=\"attachment-thumbnail size-thumbnail\" alt=\"\" srcset=\"https:\/\/www.visitamalfi.info\/wp-content\/uploads\/2025\/05\/3-300x300.jpg 300w, https:\/\/www.visitamalfi.info\/wp-content\/uploads\/2025\/05\/3-510x510.jpg 510w, https:\/\/www.visitamalfi.info\/wp-content\/uploads\/2025\/05\/3-160x160.jpg 160w\" sizes=\"(max-width: 300px) 100vw, 300px\" \/><\/a>\n\t\t\t<\/div><\/figure><figure class='gallery-item'>\n\t\t\t<div class='gallery-icon portrait'>\n\t\t\t\t<a href='https:\/\/www.visitamalfi.info\/de\/eine-kuenstlerische-hommage-an-die-seerepubliken-in-amalfi-vier-vasen-auf-der-piazza-flavio-gioia\/4-8-2\/'><img loading=\"lazy\" decoding=\"async\" width=\"300\" height=\"300\" src=\"https:\/\/www.visitamalfi.info\/wp-content\/uploads\/2025\/05\/4-300x300.jpg\" class=\"attachment-thumbnail size-thumbnail\" alt=\"\" srcset=\"https:\/\/www.visitamalfi.info\/wp-content\/uploads\/2025\/05\/4-300x300.jpg 300w, https:\/\/www.visitamalfi.info\/wp-content\/uploads\/2025\/05\/4-510x510.jpg 510w, https:\/\/www.visitamalfi.info\/wp-content\/uploads\/2025\/05\/4-160x160.jpg 160w\" sizes=\"(max-width: 300px) 100vw, 300px\" \/><\/a>\n\t\t\t<\/div><\/figure><figure class='gallery-item'>\n\t\t\t<div class='gallery-icon landscape'>\n\t\t\t\t<a href='https:\/\/www.visitamalfi.info\/de\/eine-kuenstlerische-hommage-an-die-seerepubliken-in-amalfi-vier-vasen-auf-der-piazza-flavio-gioia\/polena-vaso-2\/'><img loading=\"lazy\" decoding=\"async\" width=\"300\" height=\"300\" src=\"https:\/\/www.visitamalfi.info\/wp-content\/uploads\/2025\/05\/polena-vaso--300x300.jpeg\" class=\"attachment-thumbnail size-thumbnail\" alt=\"\" srcset=\"https:\/\/www.visitamalfi.info\/wp-content\/uploads\/2025\/05\/polena-vaso--300x300.jpeg 300w, https:\/\/www.visitamalfi.info\/wp-content\/uploads\/2025\/05\/polena-vaso--510x510.jpeg 510w, https:\/\/www.visitamalfi.info\/wp-content\/uploads\/2025\/05\/polena-vaso--160x160.jpeg 160w\" sizes=\"(max-width: 300px) 100vw, 300px\" \/><\/a>\n\t\t\t<\/div><\/figure><figure class='gallery-item'>\n\t\t\t<div class='gallery-icon landscape'>\n\t\t\t\t<a href='https:\/\/www.visitamalfi.info\/de\/eine-kuenstlerische-hommage-an-die-seerepubliken-in-amalfi-vier-vasen-auf-der-piazza-flavio-gioia\/vaso-piazza-2\/'><img loading=\"lazy\" decoding=\"async\" width=\"300\" height=\"300\" src=\"https:\/\/www.visitamalfi.info\/wp-content\/uploads\/2025\/05\/vaso-piazza-300x300.jpeg\" class=\"attachment-thumbnail size-thumbnail\" alt=\"\" srcset=\"https:\/\/www.visitamalfi.info\/wp-content\/uploads\/2025\/05\/vaso-piazza-300x300.jpeg 300w, https:\/\/www.visitamalfi.info\/wp-content\/uploads\/2025\/05\/vaso-piazza-510x510.jpeg 510w, https:\/\/www.visitamalfi.info\/wp-content\/uploads\/2025\/05\/vaso-piazza-160x160.jpeg 160w\" sizes=\"(max-width: 300px) 100vw, 300px\" \/><\/a>\n\t\t\t<\/div><\/figure><figure class='gallery-item'>\n\t\t\t<div class='gallery-icon portrait'>\n\t\t\t\t<a href='https:\/\/www.visitamalfi.info\/de\/eine-kuenstlerische-hommage-an-die-seerepubliken-in-amalfi-vier-vasen-auf-der-piazza-flavio-gioia\/attachment\/0\/'><img loading=\"lazy\" decoding=\"async\" width=\"300\" height=\"300\" src=\"https:\/\/www.visitamalfi.info\/wp-content\/uploads\/2025\/05\/0-300x300.jpeg\" class=\"attachment-thumbnail size-thumbnail\" alt=\"\" srcset=\"https:\/\/www.visitamalfi.info\/wp-content\/uploads\/2025\/05\/0-300x300.jpeg 300w, https:\/\/www.visitamalfi.info\/wp-content\/uploads\/2025\/05\/0-510x510.jpeg 510w, https:\/\/www.visitamalfi.info\/wp-content\/uploads\/2025\/05\/0-160x160.jpeg 160w\" sizes=\"(max-width: 300px) 100vw, 300px\" \/><\/a>\n\t\t\t<\/div><\/figure><figure class='gallery-item'>\n\t\t\t<div class='gallery-icon portrait'>\n\t\t\t\t<a href='https:\/\/www.visitamalfi.info\/de\/eine-kuenstlerische-hommage-an-die-seerepubliken-in-amalfi-vier-vasen-auf-der-piazza-flavio-gioia\/vaso-genova-2-2\/'><img loading=\"lazy\" decoding=\"async\" width=\"300\" height=\"300\" src=\"https:\/\/www.visitamalfi.info\/wp-content\/uploads\/2025\/05\/vaso-genova-2-300x300.jpeg\" class=\"attachment-thumbnail size-thumbnail\" alt=\"\" srcset=\"https:\/\/www.visitamalfi.info\/wp-content\/uploads\/2025\/05\/vaso-genova-2-300x300.jpeg 300w, https:\/\/www.visitamalfi.info\/wp-content\/uploads\/2025\/05\/vaso-genova-2-510x510.jpeg 510w, https:\/\/www.visitamalfi.info\/wp-content\/uploads\/2025\/05\/vaso-genova-2-160x160.jpeg 160w\" sizes=\"(max-width: 300px) 100vw, 300px\" \/><\/a>\n\t\t\t<\/div><\/figure><figure class='gallery-item'>\n\t\t\t<div class='gallery-icon portrait'>\n\t\t\t\t<a href='https:\/\/www.visitamalfi.info\/de\/eine-kuenstlerische-hommage-an-die-seerepubliken-in-amalfi-vier-vasen-auf-der-piazza-flavio-gioia\/ven-2\/'><img loading=\"lazy\" decoding=\"async\" width=\"300\" height=\"300\" src=\"https:\/\/www.visitamalfi.info\/wp-content\/uploads\/2025\/05\/ven-300x300.jpg\" class=\"attachment-thumbnail size-thumbnail\" alt=\"\" srcset=\"https:\/\/www.visitamalfi.info\/wp-content\/uploads\/2025\/05\/ven-300x300.jpg 300w, https:\/\/www.visitamalfi.info\/wp-content\/uploads\/2025\/05\/ven-510x510.jpg 510w, https:\/\/www.visitamalfi.info\/wp-content\/uploads\/2025\/05\/ven-160x160.jpg 160w\" sizes=\"(max-width: 300px) 100vw, 300px\" \/><\/a>\n\t\t\t<\/div><\/figure>\n\t\t<\/div>\n\n","protected":false},"excerpt":{"rendered":"<p>Anl\u00e4sslich der 70. Ausgabe der Regatta der alten Seerepubliken hat Amalfi beschlossen, die Vergangenheit und die Tradition mit einer ganz besonderen und k\u00fcnstlerischen Installation zu feiern, die die Stadt versch\u00f6nert. [&hellip;]<\/p>\n","protected":false},"author":7,"featured_media":21538,"comment_status":"open","ping_status":"closed","sticky":false,"template":"","format":"standard","meta":{"inline_featured_image":false,"footnotes":""},"categories":[725,260],"tags":[],"class_list":["post-21588","post","type-post","status-publish","format-standard","has-post-thumbnail","hentry","category-kunst","category-kuriositaten"],"yoast_head":"<!-- This site is optimized with the Yoast SEO plugin v27.3 - https:\/\/yoast.com\/product\/yoast-seo-wordpress\/ -->\n<title>Eine k\u00fcnstlerische Hommage an die Seerepubliken in Amalfi: vier Vasen auf der Piazza Flavio Gioia - Visit Amalfi<\/title>\n<meta name=\"robots\" content=\"index, follow, max-snippet:-1, max-image-preview:large, max-video-preview:-1\" \/>\n<link rel=\"canonical\" href=\"https:\/\/www.visitamalfi.info\/de\/eine-kuenstlerische-hommage-an-die-seerepubliken-in-amalfi-vier-vasen-auf-der-piazza-flavio-gioia\/\" \/>\n<meta property=\"og:locale\" content=\"de_DE\" \/>\n<meta property=\"og:type\" content=\"article\" \/>\n<meta property=\"og:title\" content=\"Eine k\u00fcnstlerische Hommage an die Seerepubliken in Amalfi: vier Vasen auf der Piazza Flavio Gioia - Visit Amalfi\" \/>\n<meta property=\"og:description\" content=\"Anl\u00e4sslich der 70. Ausgabe der Regatta der alten Seerepubliken hat Amalfi beschlossen, die Vergangenheit und die Tradition mit einer ganz besonderen und k\u00fcnstlerischen Installation zu feiern, die die Stadt versch\u00f6nert. [&hellip;]\" \/>\n<meta property=\"og:url\" content=\"https:\/\/www.visitamalfi.info\/de\/eine-kuenstlerische-hommage-an-die-seerepubliken-in-amalfi-vier-vasen-auf-der-piazza-flavio-gioia\/\" \/>\n<meta property=\"og:site_name\" content=\"Visit Amalfi\" \/>\n<meta property=\"article:publisher\" content=\"https:\/\/www.facebook.com\/visitamalfiofficial\" \/>\n<meta property=\"article:published_time\" content=\"2025-05-14T17:46:05+00:00\" \/>\n<meta property=\"og:image\" content=\"https:\/\/www.visitamalfi.info\/wp-content\/uploads\/2025\/05\/vaso-piazza.jpeg\" \/>\n\t<meta property=\"og:image:width\" content=\"1600\" \/>\n\t<meta property=\"og:image:height\" content=\"1066\" \/>\n\t<meta property=\"og:image:type\" content=\"image\/jpeg\" \/>\n<meta name=\"author\" content=\"Federica Dumont\" \/>\n<meta name=\"twitter:card\" content=\"summary_large_image\" \/>\n<meta name=\"twitter:label1\" content=\"Verfasst von\" \/>\n\t<meta name=\"twitter:data1\" content=\"Federica Dumont\" \/>\n\t<meta name=\"twitter:label2\" content=\"Gesch\u00e4tzte Lesezeit\" \/>\n\t<meta name=\"twitter:data2\" content=\"2\u00a0Minuten\" \/>\n<script type=\"application\/ld+json\" class=\"yoast-schema-graph\">{\"@context\":\"https:\\\/\\\/schema.org\",\"@graph\":[{\"@type\":\"Article\",\"@id\":\"https:\\\/\\\/www.visitamalfi.info\\\/de\\\/eine-kuenstlerische-hommage-an-die-seerepubliken-in-amalfi-vier-vasen-auf-der-piazza-flavio-gioia\\\/#article\",\"isPartOf\":{\"@id\":\"https:\\\/\\\/www.visitamalfi.info\\\/de\\\/eine-kuenstlerische-hommage-an-die-seerepubliken-in-amalfi-vier-vasen-auf-der-piazza-flavio-gioia\\\/\"},\"author\":{\"name\":\"Federica Dumont\",\"@id\":\"https:\\\/\\\/www.visitamalfi.info\\\/de\\\/#\\\/schema\\\/person\\\/0c7584af846d5d2da6c69f7e68f3af96\"},\"headline\":\"Eine k\u00fcnstlerische Hommage an die Seerepubliken in Amalfi: vier Vasen auf der Piazza Flavio Gioia\",\"datePublished\":\"2025-05-14T17:46:05+00:00\",\"mainEntityOfPage\":{\"@id\":\"https:\\\/\\\/www.visitamalfi.info\\\/de\\\/eine-kuenstlerische-hommage-an-die-seerepubliken-in-amalfi-vier-vasen-auf-der-piazza-flavio-gioia\\\/\"},\"wordCount\":324,\"commentCount\":0,\"publisher\":{\"@id\":\"https:\\\/\\\/www.visitamalfi.info\\\/de\\\/#organization\"},\"image\":{\"@id\":\"https:\\\/\\\/www.visitamalfi.info\\\/de\\\/eine-kuenstlerische-hommage-an-die-seerepubliken-in-amalfi-vier-vasen-auf-der-piazza-flavio-gioia\\\/#primaryimage\"},\"thumbnailUrl\":\"https:\\\/\\\/www.visitamalfi.info\\\/wp-content\\\/uploads\\\/2025\\\/05\\\/vaso-piazza.jpeg\",\"articleSection\":[\"Kunst\",\"Kuriosit\u00e4ten\"],\"inLanguage\":\"de\",\"potentialAction\":[{\"@type\":\"CommentAction\",\"name\":\"Comment\",\"target\":[\"https:\\\/\\\/www.visitamalfi.info\\\/de\\\/eine-kuenstlerische-hommage-an-die-seerepubliken-in-amalfi-vier-vasen-auf-der-piazza-flavio-gioia\\\/#respond\"]}]},{\"@type\":\"WebPage\",\"@id\":\"https:\\\/\\\/www.visitamalfi.info\\\/de\\\/eine-kuenstlerische-hommage-an-die-seerepubliken-in-amalfi-vier-vasen-auf-der-piazza-flavio-gioia\\\/\",\"url\":\"https:\\\/\\\/www.visitamalfi.info\\\/de\\\/eine-kuenstlerische-hommage-an-die-seerepubliken-in-amalfi-vier-vasen-auf-der-piazza-flavio-gioia\\\/\",\"name\":\"Eine k\u00fcnstlerische Hommage an die Seerepubliken in Amalfi: vier Vasen auf der Piazza Flavio Gioia - Visit Amalfi\",\"isPartOf\":{\"@id\":\"https:\\\/\\\/www.visitamalfi.info\\\/de\\\/#website\"},\"primaryImageOfPage\":{\"@id\":\"https:\\\/\\\/www.visitamalfi.info\\\/de\\\/eine-kuenstlerische-hommage-an-die-seerepubliken-in-amalfi-vier-vasen-auf-der-piazza-flavio-gioia\\\/#primaryimage\"},\"image\":{\"@id\":\"https:\\\/\\\/www.visitamalfi.info\\\/de\\\/eine-kuenstlerische-hommage-an-die-seerepubliken-in-amalfi-vier-vasen-auf-der-piazza-flavio-gioia\\\/#primaryimage\"},\"thumbnailUrl\":\"https:\\\/\\\/www.visitamalfi.info\\\/wp-content\\\/uploads\\\/2025\\\/05\\\/vaso-piazza.jpeg\",\"datePublished\":\"2025-05-14T17:46:05+00:00\",\"breadcrumb\":{\"@id\":\"https:\\\/\\\/www.visitamalfi.info\\\/de\\\/eine-kuenstlerische-hommage-an-die-seerepubliken-in-amalfi-vier-vasen-auf-der-piazza-flavio-gioia\\\/#breadcrumb\"},\"inLanguage\":\"de\",\"potentialAction\":[{\"@type\":\"ReadAction\",\"target\":[\"https:\\\/\\\/www.visitamalfi.info\\\/de\\\/eine-kuenstlerische-hommage-an-die-seerepubliken-in-amalfi-vier-vasen-auf-der-piazza-flavio-gioia\\\/\"]}]},{\"@type\":\"ImageObject\",\"inLanguage\":\"de\",\"@id\":\"https:\\\/\\\/www.visitamalfi.info\\\/de\\\/eine-kuenstlerische-hommage-an-die-seerepubliken-in-amalfi-vier-vasen-auf-der-piazza-flavio-gioia\\\/#primaryimage\",\"url\":\"https:\\\/\\\/www.visitamalfi.info\\\/wp-content\\\/uploads\\\/2025\\\/05\\\/vaso-piazza.jpeg\",\"contentUrl\":\"https:\\\/\\\/www.visitamalfi.info\\\/wp-content\\\/uploads\\\/2025\\\/05\\\/vaso-piazza.jpeg\",\"width\":1600,\"height\":1066},{\"@type\":\"BreadcrumbList\",\"@id\":\"https:\\\/\\\/www.visitamalfi.info\\\/de\\\/eine-kuenstlerische-hommage-an-die-seerepubliken-in-amalfi-vier-vasen-auf-der-piazza-flavio-gioia\\\/#breadcrumb\",\"itemListElement\":[{\"@type\":\"ListItem\",\"position\":1,\"name\":\"Home\",\"item\":\"https:\\\/\\\/www.visitamalfi.info\\\/de\\\/\"},{\"@type\":\"ListItem\",\"position\":2,\"name\":\"Eine k\u00fcnstlerische Hommage an die Seerepubliken in Amalfi: vier Vasen auf der Piazza Flavio Gioia\"}]},{\"@type\":\"WebSite\",\"@id\":\"https:\\\/\\\/www.visitamalfi.info\\\/de\\\/#website\",\"url\":\"https:\\\/\\\/www.visitamalfi.info\\\/de\\\/\",\"name\":\"Visit Amalfi\",\"description\":\"Amalfi Destination Official Website\",\"publisher\":{\"@id\":\"https:\\\/\\\/www.visitamalfi.info\\\/de\\\/#organization\"},\"potentialAction\":[{\"@type\":\"SearchAction\",\"target\":{\"@type\":\"EntryPoint\",\"urlTemplate\":\"https:\\\/\\\/www.visitamalfi.info\\\/de\\\/?s={search_term_string}\"},\"query-input\":{\"@type\":\"PropertyValueSpecification\",\"valueRequired\":true,\"valueName\":\"search_term_string\"}}],\"inLanguage\":\"de\"},{\"@type\":\"Organization\",\"@id\":\"https:\\\/\\\/www.visitamalfi.info\\\/de\\\/#organization\",\"name\":\"Visit Amalfi\",\"url\":\"https:\\\/\\\/www.visitamalfi.info\\\/de\\\/\",\"logo\":{\"@type\":\"ImageObject\",\"inLanguage\":\"de\",\"@id\":\"https:\\\/\\\/www.visitamalfi.info\\\/de\\\/#\\\/schema\\\/logo\\\/image\\\/\",\"url\":\"https:\\\/\\\/www.visitamalfi.info\\\/wp-content\\\/uploads\\\/2023\\\/04\\\/visit-amalfi-logo-web.png\",\"contentUrl\":\"https:\\\/\\\/www.visitamalfi.info\\\/wp-content\\\/uploads\\\/2023\\\/04\\\/visit-amalfi-logo-web.png\",\"width\":800,\"height\":870,\"caption\":\"Visit Amalfi\"},\"image\":{\"@id\":\"https:\\\/\\\/www.visitamalfi.info\\\/de\\\/#\\\/schema\\\/logo\\\/image\\\/\"},\"sameAs\":[\"https:\\\/\\\/www.facebook.com\\\/visitamalfiofficial\",\"https:\\\/\\\/www.instagram.com\\\/visitamalfiofficial\\\/\"]},{\"@type\":\"Person\",\"@id\":\"https:\\\/\\\/www.visitamalfi.info\\\/de\\\/#\\\/schema\\\/person\\\/0c7584af846d5d2da6c69f7e68f3af96\",\"name\":\"Federica Dumont\",\"image\":{\"@type\":\"ImageObject\",\"inLanguage\":\"de\",\"@id\":\"https:\\\/\\\/secure.gravatar.com\\\/avatar\\\/0803dab414b6c6f1fd2399680f587870a020419b6ebe9d36dd75df06a6a68060?s=96&d=mm&r=g\",\"url\":\"https:\\\/\\\/secure.gravatar.com\\\/avatar\\\/0803dab414b6c6f1fd2399680f587870a020419b6ebe9d36dd75df06a6a68060?s=96&d=mm&r=g\",\"contentUrl\":\"https:\\\/\\\/secure.gravatar.com\\\/avatar\\\/0803dab414b6c6f1fd2399680f587870a020419b6ebe9d36dd75df06a6a68060?s=96&d=mm&r=g\",\"caption\":\"Federica Dumont\"},\"url\":\"https:\\\/\\\/www.visitamalfi.info\\\/de\\\/author\\\/federica\\\/\"}]}<\/script>\n<!-- \/ Yoast SEO plugin. -->","yoast_head_json":{"title":"Eine k\u00fcnstlerische Hommage an die Seerepubliken in Amalfi: vier Vasen auf der Piazza Flavio Gioia - Visit Amalfi","robots":{"index":"index","follow":"follow","max-snippet":"max-snippet:-1","max-image-preview":"max-image-preview:large","max-video-preview":"max-video-preview:-1"},"canonical":"https:\/\/www.visitamalfi.info\/de\/eine-kuenstlerische-hommage-an-die-seerepubliken-in-amalfi-vier-vasen-auf-der-piazza-flavio-gioia\/","og_locale":"de_DE","og_type":"article","og_title":"Eine k\u00fcnstlerische Hommage an die Seerepubliken in Amalfi: vier Vasen auf der Piazza Flavio Gioia - Visit Amalfi","og_description":"Anl\u00e4sslich der 70. Ausgabe der Regatta der alten Seerepubliken hat Amalfi beschlossen, die Vergangenheit und die Tradition mit einer ganz besonderen und k\u00fcnstlerischen Installation zu feiern, die die Stadt versch\u00f6nert. [&hellip;]","og_url":"https:\/\/www.visitamalfi.info\/de\/eine-kuenstlerische-hommage-an-die-seerepubliken-in-amalfi-vier-vasen-auf-der-piazza-flavio-gioia\/","og_site_name":"Visit Amalfi","article_publisher":"https:\/\/www.facebook.com\/visitamalfiofficial","article_published_time":"2025-05-14T17:46:05+00:00","og_image":[{"width":1600,"height":1066,"url":"https:\/\/www.visitamalfi.info\/wp-content\/uploads\/2025\/05\/vaso-piazza.jpeg","type":"image\/jpeg"}],"author":"Federica Dumont","twitter_card":"summary_large_image","twitter_misc":{"Verfasst von":"Federica Dumont","Gesch\u00e4tzte Lesezeit":"2\u00a0Minuten"},"schema":{"@context":"https:\/\/schema.org","@graph":[{"@type":"Article","@id":"https:\/\/www.visitamalfi.info\/de\/eine-kuenstlerische-hommage-an-die-seerepubliken-in-amalfi-vier-vasen-auf-der-piazza-flavio-gioia\/#article","isPartOf":{"@id":"https:\/\/www.visitamalfi.info\/de\/eine-kuenstlerische-hommage-an-die-seerepubliken-in-amalfi-vier-vasen-auf-der-piazza-flavio-gioia\/"},"author":{"name":"Federica Dumont","@id":"https:\/\/www.visitamalfi.info\/de\/#\/schema\/person\/0c7584af846d5d2da6c69f7e68f3af96"},"headline":"Eine k\u00fcnstlerische Hommage an die Seerepubliken in Amalfi: vier Vasen auf der Piazza Flavio Gioia","datePublished":"2025-05-14T17:46:05+00:00","mainEntityOfPage":{"@id":"https:\/\/www.visitamalfi.info\/de\/eine-kuenstlerische-hommage-an-die-seerepubliken-in-amalfi-vier-vasen-auf-der-piazza-flavio-gioia\/"},"wordCount":324,"commentCount":0,"publisher":{"@id":"https:\/\/www.visitamalfi.info\/de\/#organization"},"image":{"@id":"https:\/\/www.visitamalfi.info\/de\/eine-kuenstlerische-hommage-an-die-seerepubliken-in-amalfi-vier-vasen-auf-der-piazza-flavio-gioia\/#primaryimage"},"thumbnailUrl":"https:\/\/www.visitamalfi.info\/wp-content\/uploads\/2025\/05\/vaso-piazza.jpeg","articleSection":["Kunst","Kuriosit\u00e4ten"],"inLanguage":"de","potentialAction":[{"@type":"CommentAction","name":"Comment","target":["https:\/\/www.visitamalfi.info\/de\/eine-kuenstlerische-hommage-an-die-seerepubliken-in-amalfi-vier-vasen-auf-der-piazza-flavio-gioia\/#respond"]}]},{"@type":"WebPage","@id":"https:\/\/www.visitamalfi.info\/de\/eine-kuenstlerische-hommage-an-die-seerepubliken-in-amalfi-vier-vasen-auf-der-piazza-flavio-gioia\/","url":"https:\/\/www.visitamalfi.info\/de\/eine-kuenstlerische-hommage-an-die-seerepubliken-in-amalfi-vier-vasen-auf-der-piazza-flavio-gioia\/","name":"Eine k\u00fcnstlerische Hommage an die Seerepubliken in Amalfi: vier Vasen auf der Piazza Flavio Gioia - Visit Amalfi","isPartOf":{"@id":"https:\/\/www.visitamalfi.info\/de\/#website"},"primaryImageOfPage":{"@id":"https:\/\/www.visitamalfi.info\/de\/eine-kuenstlerische-hommage-an-die-seerepubliken-in-amalfi-vier-vasen-auf-der-piazza-flavio-gioia\/#primaryimage"},"image":{"@id":"https:\/\/www.visitamalfi.info\/de\/eine-kuenstlerische-hommage-an-die-seerepubliken-in-amalfi-vier-vasen-auf-der-piazza-flavio-gioia\/#primaryimage"},"thumbnailUrl":"https:\/\/www.visitamalfi.info\/wp-content\/uploads\/2025\/05\/vaso-piazza.jpeg","datePublished":"2025-05-14T17:46:05+00:00","breadcrumb":{"@id":"https:\/\/www.visitamalfi.info\/de\/eine-kuenstlerische-hommage-an-die-seerepubliken-in-amalfi-vier-vasen-auf-der-piazza-flavio-gioia\/#breadcrumb"},"inLanguage":"de","potentialAction":[{"@type":"ReadAction","target":["https:\/\/www.visitamalfi.info\/de\/eine-kuenstlerische-hommage-an-die-seerepubliken-in-amalfi-vier-vasen-auf-der-piazza-flavio-gioia\/"]}]},{"@type":"ImageObject","inLanguage":"de","@id":"https:\/\/www.visitamalfi.info\/de\/eine-kuenstlerische-hommage-an-die-seerepubliken-in-amalfi-vier-vasen-auf-der-piazza-flavio-gioia\/#primaryimage","url":"https:\/\/www.visitamalfi.info\/wp-content\/uploads\/2025\/05\/vaso-piazza.jpeg","contentUrl":"https:\/\/www.visitamalfi.info\/wp-content\/uploads\/2025\/05\/vaso-piazza.jpeg","width":1600,"height":1066},{"@type":"BreadcrumbList","@id":"https:\/\/www.visitamalfi.info\/de\/eine-kuenstlerische-hommage-an-die-seerepubliken-in-amalfi-vier-vasen-auf-der-piazza-flavio-gioia\/#breadcrumb","itemListElement":[{"@type":"ListItem","position":1,"name":"Home","item":"https:\/\/www.visitamalfi.info\/de\/"},{"@type":"ListItem","position":2,"name":"Eine k\u00fcnstlerische Hommage an die Seerepubliken in Amalfi: vier Vasen auf der Piazza Flavio Gioia"}]},{"@type":"WebSite","@id":"https:\/\/www.visitamalfi.info\/de\/#website","url":"https:\/\/www.visitamalfi.info\/de\/","name":"Visit Amalfi","description":"Amalfi Destination Official Website","publisher":{"@id":"https:\/\/www.visitamalfi.info\/de\/#organization"},"potentialAction":[{"@type":"SearchAction","target":{"@type":"EntryPoint","urlTemplate":"https:\/\/www.visitamalfi.info\/de\/?s={search_term_string}"},"query-input":{"@type":"PropertyValueSpecification","valueRequired":true,"valueName":"search_term_string"}}],"inLanguage":"de"},{"@type":"Organization","@id":"https:\/\/www.visitamalfi.info\/de\/#organization","name":"Visit Amalfi","url":"https:\/\/www.visitamalfi.info\/de\/","logo":{"@type":"ImageObject","inLanguage":"de","@id":"https:\/\/www.visitamalfi.info\/de\/#\/schema\/logo\/image\/","url":"https:\/\/www.visitamalfi.info\/wp-content\/uploads\/2023\/04\/visit-amalfi-logo-web.png","contentUrl":"https:\/\/www.visitamalfi.info\/wp-content\/uploads\/2023\/04\/visit-amalfi-logo-web.png","width":800,"height":870,"caption":"Visit Amalfi"},"image":{"@id":"https:\/\/www.visitamalfi.info\/de\/#\/schema\/logo\/image\/"},"sameAs":["https:\/\/www.facebook.com\/visitamalfiofficial","https:\/\/www.instagram.com\/visitamalfiofficial\/"]},{"@type":"Person","@id":"https:\/\/www.visitamalfi.info\/de\/#\/schema\/person\/0c7584af846d5d2da6c69f7e68f3af96","name":"Federica Dumont","image":{"@type":"ImageObject","inLanguage":"de","@id":"https:\/\/secure.gravatar.com\/avatar\/0803dab414b6c6f1fd2399680f587870a020419b6ebe9d36dd75df06a6a68060?s=96&d=mm&r=g","url":"https:\/\/secure.gravatar.com\/avatar\/0803dab414b6c6f1fd2399680f587870a020419b6ebe9d36dd75df06a6a68060?s=96&d=mm&r=g","contentUrl":"https:\/\/secure.gravatar.com\/avatar\/0803dab414b6c6f1fd2399680f587870a020419b6ebe9d36dd75df06a6a68060?s=96&d=mm&r=g","caption":"Federica Dumont"},"url":"https:\/\/www.visitamalfi.info\/de\/author\/federica\/"}]}},"_links":{"self":[{"href":"https:\/\/www.visitamalfi.info\/de\/wp-json\/wp\/v2\/posts\/21588","targetHints":{"allow":["GET"]}}],"collection":[{"href":"https:\/\/www.visitamalfi.info\/de\/wp-json\/wp\/v2\/posts"}],"about":[{"href":"https:\/\/www.visitamalfi.info\/de\/wp-json\/wp\/v2\/types\/post"}],"author":[{"embeddable":true,"href":"https:\/\/www.visitamalfi.info\/de\/wp-json\/wp\/v2\/users\/7"}],"replies":[{"embeddable":true,"href":"https:\/\/www.visitamalfi.info\/de\/wp-json\/wp\/v2\/comments?post=21588"}],"version-history":[{"count":0,"href":"https:\/\/www.visitamalfi.info\/de\/wp-json\/wp\/v2\/posts\/21588\/revisions"}],"wp:featuredmedia":[{"embeddable":true,"href":"https:\/\/www.visitamalfi.info\/de\/wp-json\/wp\/v2\/media\/21538"}],"wp:attachment":[{"href":"https:\/\/www.visitamalfi.info\/de\/wp-json\/wp\/v2\/media?parent=21588"}],"wp:term":[{"taxonomy":"category","embeddable":true,"href":"https:\/\/www.visitamalfi.info\/de\/wp-json\/wp\/v2\/categories?post=21588"},{"taxonomy":"post_tag","embeddable":true,"href":"https:\/\/www.visitamalfi.info\/de\/wp-json\/wp\/v2\/tags?post=21588"}],"curies":[{"name":"wp","href":"https:\/\/api.w.org\/{rel}","templated":true}]}}