{"id":21292,"date":"2025-04-16T17:26:10","date_gmt":"2025-04-16T15:26:10","guid":{"rendered":"https:\/\/www.visitamalfi.info\/eine-geschichte-die-seit-70-jahren-segelt-amalfi-begruesst-die-70-regatta-der-seerepubliken\/"},"modified":"2025-04-16T17:26:10","modified_gmt":"2025-04-16T15:26:10","slug":"eine-geschichte-die-seit-70-jahren-segelt-amalfi-begruesst-die-70-regatta-der-seerepubliken","status":"publish","type":"post","link":"https:\/\/www.visitamalfi.info\/de\/eine-geschichte-die-seit-70-jahren-segelt-amalfi-begruesst-die-70-regatta-der-seerepubliken\/","title":{"rendered":"Eine Geschichte, die seit 70 Jahren segelt: Amalfi begr\u00fc\u00dft die 70. Regatta der Seerepubliken"},"content":{"rendered":"<p class=\"cvGsUA direction-ltr align-start para-style-body\"><span class=\"OYPEnA font-feature-liga-off font-feature-clig-off font-feature-calt-off text-decoration-none text-strikethrough-none\">Das Meer steht im Mittelpunkt dieses Spektakels, wie die sch\u00f6nste B\u00fchne, die Scharen von Fans &#8211; Amalfis und Nicht-Amalfis &#8211; f\u00fcllen die Skyline der Stadt, und jeder Winkel Amalfis strahlt Energie aus.<\/span><\/p>\n<p class=\"cvGsUA direction-ltr align-start para-style-body\"><strong><span class=\"OYPEnA font-feature-liga-off font-feature-clig-off font-feature-calt-off text-decoration-none text-strikethrough-none\">Sonntag, 18. Mai 2025<\/span><\/strong><span class=\"OYPEnA font-feature-liga-off font-feature-clig-off font-feature-calt-off text-decoration-none text-strikethrough-none\">wird Amalfi Gastgeber der <\/span><em><strong><span class=\"OYPEnA font-feature-liga-off font-feature-clig-off font-feature-calt-off text-decoration-none text-strikethrough-none\">70. Ausgabe der Historischen Regatta der Seerepubliken<\/span><\/strong><\/em><span class=\"OYPEnA font-feature-liga-off font-feature-clig-off font-feature-calt-off text-decoration-none text-strikethrough-none\">eines der am sehnlichsten erwarteten, kultigsten und herzlichsten Ereignisse im kulturellen Kalender von Amalfi. Eine Ruderherausforderung, bei der die vier glorreichen Seest\u00e4dte von <\/span><strong><span class=\"OYPEnA font-feature-liga-off font-feature-clig-off font-feature-calt-off text-decoration-none text-strikethrough-none\">Amalfi, Pisa, Genua und Venedig<\/span><\/strong><span class=\"OYPEnA font-feature-liga-off font-feature-clig-off font-feature-calt-off text-decoration-none text-strikethrough-none\">treffen nun nicht mehr als Rivalen aufeinander, sondern vereint durch die Werte der Zivilisation, der kulturellen Identit\u00e4t und des Sports.<\/span><\/p>\n<p class=\"cvGsUA direction-ltr align-center para-style-body\"><strong><span class=\"OYPEnA font-feature-liga-off font-feature-clig-off font-feature-calt-off text-decoration-none text-strikethrough-none\">Ein Sprung in die Vergangenheit, zur\u00fcck zu den Urspr\u00fcngen<\/span><\/strong><\/p>\n<p class=\"cvGsUA direction-ltr align-start para-style-body\"><span class=\"OYPEnA font-feature-liga-off font-feature-clig-off font-feature-calt-off text-decoration-none text-strikethrough-none\">Die Regata Storica wurde 1955 gegr\u00fcndet, um die maritimen Heldentaten der vier Stadtstaaten zu feiern, die im Mittelalter das Mittelmeer beherrschten. Im Laufe der Jahre hat sich die Regata Storica zu einem tief empfundenen Ereignis entwickelt, das in der Lage ist, Kultur, Unterhaltung und Volksbegeisterung zu verbinden.<\/span><\/p>\n<p class=\"cvGsUA direction-ltr align-start para-style-body\"><span class=\"OYPEnA font-feature-liga-off font-feature-clig-off font-feature-calt-off text-decoration-none text-strikethrough-none\">Amalfi, das bereits 1957 die Hauptrolle spielte, bereitet sich nun auf seine 14. Ausgabe als Gastgeberstadt vor. Die Emotionen steigen ins Unermessliche.<\/span><\/p>\n<p class=\"cvGsUA direction-ltr align-start para-style-body\"><span class=\"OYPEnA font-feature-liga-off font-feature-clig-off font-feature-calt-off text-decoration-none text-strikethrough-none\"><img fetchpriority=\"high\" decoding=\"async\" class=\"size-medium wp-image-21284 alignleft\" src=\"https:\/\/www.visitamalfi.info\/wp-content\/uploads\/2025\/04\/WhatsApp-Image-2025-04-16-at-15.18.58-210x300.jpeg\" alt=\"\" width=\"210\" height=\"300\" srcset=\"https:\/\/www.visitamalfi.info\/wp-content\/uploads\/2025\/04\/WhatsApp-Image-2025-04-16-at-15.18.58-210x300.jpeg 210w, https:\/\/www.visitamalfi.info\/wp-content\/uploads\/2025\/04\/WhatsApp-Image-2025-04-16-at-15.18.58-717x1024.jpeg 717w, https:\/\/www.visitamalfi.info\/wp-content\/uploads\/2025\/04\/WhatsApp-Image-2025-04-16-at-15.18.58-768x1097.jpeg 768w, https:\/\/www.visitamalfi.info\/wp-content\/uploads\/2025\/04\/WhatsApp-Image-2025-04-16-at-15.18.58-1076x1536.jpeg 1076w, https:\/\/www.visitamalfi.info\/wp-content\/uploads\/2025\/04\/WhatsApp-Image-2025-04-16-at-15.18.58-555x790.jpeg 555w, https:\/\/www.visitamalfi.info\/wp-content\/uploads\/2025\/04\/WhatsApp-Image-2025-04-16-at-15.18.58.jpeg 1080w\" sizes=\"(max-width: 210px) 100vw, 210px\" \/>Heute wird das neue <\/span><span class=\"OYPEnA font-feature-liga-off font-feature-clig-off font-feature-calt-off text-decoration-none text-strikethrough-none\">offizielle Grafikdesign<\/span><span class=\"OYPEnA font-feature-liga-off font-feature-clig-off font-feature-calt-off text-decoration-none text-strikethrough-none\">: <\/span><span class=\"OYPEnA font-feature-liga-off font-feature-clig-off font-feature-calt-off text-decoration-none text-strikethrough-none\">vier stilisierte Ruderer in Blau, die die vier Republiken repr\u00e4sentieren<\/span><span class=\"OYPEnA font-feature-liga-off font-feature-clig-off font-feature-calt-off text-decoration-none text-strikethrough-none\"> Maritim, heute mehr denn je vereint. Ein Bild, das sowohl modern und symbolisch ist, als auch tief in der Tradition verwurzelt. Die Wahl sollte &#8211; symbolisch &#8211; an die von 1957 ankn\u00fcpfen, als ein einzelner Ruderer auf den Flaggen der konkurrierenden St\u00e4dte abgebildet war.<\/span><\/p>\n<p class=\"cvGsUA direction-ltr align-center para-style-body\"><strong><span class=\"OYPEnA font-feature-liga-off font-feature-clig-off font-feature-calt-off text-decoration-none text-strikethrough-none\">Wo werden sie konkurrieren?<\/span><\/strong><\/p>\n<p class=\"cvGsUA direction-ltr align-start para-style-body\"><span class=\"OYPEnA font-feature-liga-off font-feature-clig-off font-feature-calt-off text-decoration-none text-strikethrough-none\">Die Regatta findet auf dem Gew\u00e4sser zwischen dem <\/span><span class=\"OYPEnA font-feature-liga-off font-feature-clig-off font-feature-calt-off text-decoration-none text-strikethrough-none\"><strong>Capo di Vettica<\/strong> und der <strong>Bucht von Amalfi<\/strong><\/span><span class=\"OYPEnA font-feature-liga-off font-feature-clig-off font-feature-calt-off text-decoration-none text-strikethrough-none\">eine atemberaubende Naturb\u00fchne, die die Herausforderung des Ruderns noch sch\u00f6ner machen wird. Die Boote, die in Form und Gr\u00f6\u00dfe v\u00f6llig identisch sind, werden in einem Rennen gegeneinander antreten, das nicht nur ein Wettbewerb ist, sondern das Symbol einer wiederentdeckten Verbundenheit.<\/span><\/p>\n<p class=\"cvGsUA direction-ltr align-center para-style-body\"><strong><span class=\"OYPEnA font-feature-liga-off font-feature-clig-off font-feature-calt-off text-decoration-none text-strikethrough-none\">Amalfi in festa: zwischen Ausstellungen, Musik und Kultur<\/span><\/strong><\/p>\n<p class=\"cvGsUA direction-ltr align-start para-style-body\"><span class=\"OYPEnA font-feature-liga-off font-feature-clig-off font-feature-calt-off text-decoration-none text-strikethrough-none\">Wie es Tradition ist, wird die Regatta von unverzichtbaren Rahmenveranstaltungen begleitet, die diesen Moment des Austauschs und der Kultur unvergesslich machen sollen.<\/span><\/p>\n<p class=\"cvGsUA direction-ltr align-start para-style-body\"><span class=\"OYPEnA font-feature-liga-off font-feature-clig-off font-feature-calt-off text-decoration-none text-strikethrough-none\">Dazu geh\u00f6ren eine <\/span><strong><span class=\"OYPEnA font-feature-liga-off font-feature-clig-off font-feature-calt-off text-decoration-none text-strikethrough-none\">Ausstellung <\/span><\/strong><span class=\"OYPEnA font-feature-liga-off font-feature-clig-off font-feature-calt-off text-decoration-none text-strikethrough-none\">spannend und stimmungsvoll <\/span><strong><span class=\"OYPEnA font-feature-liga-off font-feature-clig-off font-feature-calt-off text-decoration-none text-strikethrough-none\">der Plakate zur Feier der 70 Ausgaben der Regatta<\/span><\/strong><span class=\"OYPEnA font-feature-liga-off font-feature-clig-off font-feature-calt-off text-decoration-none text-strikethrough-none\">eine echte emotionale und visuelle Reise durch die Entwicklung der Veranstaltung &#8211; auch in Bezug auf die Grafik.<\/span><\/p>\n<p class=\"cvGsUA direction-ltr align-start para-style-body\"><span class=\"OYPEnA font-feature-liga-off font-feature-clig-off font-feature-calt-off text-decoration-none text-strikethrough-none\">Es wird keinen Mangel an festlichen Momenten geben, die die ganze Stadt und die Besucher mit einbeziehen und Amalfi in ein gro\u00dfes Open-Air-Theater verwandeln.<\/span><\/p>\n<p class=\"cvGsUA direction-ltr align-center para-style-body\"><strong><span class=\"OYPEnA font-feature-liga-off font-feature-clig-off font-feature-calt-off text-decoration-none text-strikethrough-none\">Eine Herausforderung in den Wellen<\/span><\/strong><\/p>\n<p class=\"cvGsUA direction-ltr align-start para-style-body\"><span class=\"OYPEnA font-feature-liga-off font-feature-clig-off font-feature-calt-off text-decoration-none text-strikethrough-none\">Heute haben die Seerepubliken die alten Rivalit\u00e4ten beiseite gelegt und lassen nur noch Platz f\u00fcr die Werte des Teilens und der Br\u00fcderlichkeit.<\/span><\/p>\n<p class=\"cvGsUA direction-ltr align-start para-style-body\"><span class=\"OYPEnA font-feature-liga-off font-feature-clig-off font-feature-calt-off text-decoration-none text-strikethrough-none\">Geschichte, Kultur, Sport und Einheit werden die Protagonisten dieser 70. Ausgabe sein.<\/span><\/p>\n<p class=\"cvGsUA direction-ltr align-start para-style-body\"><span class=\"OYPEnA font-feature-liga-off font-feature-clig-off font-feature-calt-off text-decoration-none text-strikethrough-none\">Amalfi ist bereit. Die Banner werden in K\u00fcrze aufgeh\u00e4ngt. Die Emotionen kochen hoch.<\/span><\/p>\n<p class=\"cvGsUA direction-ltr align-start para-style-body\"><span class=\"OYPEnA font-feature-liga-off font-feature-clig-off font-feature-calt-off text-decoration-none text-strikethrough-none\">Alles, was bleibt, ist, sich vom Rhythmus der Ruder, der W\u00e4rme der Menge und dem Ruf des Meeres mitrei\u00dfen zu lassen.<\/span><\/p>\n<p class=\"cvGsUA direction-ltr align-start para-style-body\"><span class=\"OYPEnA font-feature-liga-off font-feature-clig-off font-feature-calt-off text-decoration-none text-strikethrough-none\"><strong>Speichern Sie das Datum:<\/strong><\/span><\/p>\n<p><span class=\"OYPEnA font-feature-liga-off font-feature-clig-off font-feature-calt-off text-decoration-none text-strikethrough-none\">Amalfi | <\/span><span class=\"OYPEnA font-feature-liga-off font-feature-clig-off font-feature-calt-off text-decoration-none text-strikethrough-none\">Sonntag 18 Mai 2025<\/span><\/p>\n<p><span class=\"OYPEnA font-feature-liga-off font-feature-clig-off font-feature-calt-off text-decoration-none text-strikethrough-none\">70. Historische Regatta der Seerepubliken<\/span><\/p>\n<p class=\"cvGsUA direction-ltr align-start para-style-body\"><em><span class=\"OYPEnA font-feature-liga-off font-feature-clig-off font-feature-calt-off text-decoration-none text-strikethrough-none\">-Eine Geschichte, die schon seit 70 Jahren segelt.<\/span><\/em><\/p>\n","protected":false},"excerpt":{"rendered":"<p>Das Meer steht im Mittelpunkt dieses Spektakels, wie die sch\u00f6nste B\u00fchne, die Scharen von Fans &#8211; Amalfis und Nicht-Amalfis &#8211; f\u00fcllen die Skyline der Stadt, und jeder Winkel Amalfis strahlt [&hellip;]<\/p>\n","protected":false},"author":7,"featured_media":20036,"comment_status":"open","ping_status":"closed","sticky":false,"template":"","format":"standard","meta":{"inline_featured_image":false,"footnotes":""},"categories":[816,817,818],"tags":[1938],"class_list":["post-21292","post","type-post","status-publish","format-standard","has-post-thumbnail","hentry","category-eventi-de","category-geschichte","category-tradition-de","tag-historische-regatta"],"yoast_head":"<!-- This site is optimized with the Yoast SEO plugin v27.3 - https:\/\/yoast.com\/product\/yoast-seo-wordpress\/ -->\n<title>Eine Geschichte, die seit 70 Jahren segelt: Amalfi begr\u00fc\u00dft die 70. Regatta der Seerepubliken - Visit Amalfi<\/title>\n<meta name=\"robots\" content=\"index, follow, max-snippet:-1, max-image-preview:large, max-video-preview:-1\" \/>\n<link rel=\"canonical\" href=\"https:\/\/www.visitamalfi.info\/de\/eine-geschichte-die-seit-70-jahren-segelt-amalfi-begruesst-die-70-regatta-der-seerepubliken\/\" \/>\n<meta property=\"og:locale\" content=\"de_DE\" \/>\n<meta property=\"og:type\" content=\"article\" \/>\n<meta property=\"og:title\" content=\"Eine Geschichte, die seit 70 Jahren segelt: Amalfi begr\u00fc\u00dft die 70. Regatta der Seerepubliken - Visit Amalfi\" \/>\n<meta property=\"og:description\" content=\"Das Meer steht im Mittelpunkt dieses Spektakels, wie die sch\u00f6nste B\u00fchne, die Scharen von Fans &#8211; Amalfis und Nicht-Amalfis &#8211; f\u00fcllen die Skyline der Stadt, und jeder Winkel Amalfis strahlt [&hellip;]\" \/>\n<meta property=\"og:url\" content=\"https:\/\/www.visitamalfi.info\/de\/eine-geschichte-die-seit-70-jahren-segelt-amalfi-begruesst-die-70-regatta-der-seerepubliken\/\" \/>\n<meta property=\"og:site_name\" content=\"Visit Amalfi\" \/>\n<meta property=\"article:publisher\" content=\"https:\/\/www.facebook.com\/visitamalfiofficial\" \/>\n<meta property=\"article:published_time\" content=\"2025-04-16T15:26:10+00:00\" \/>\n<meta property=\"og:image\" content=\"https:\/\/www.visitamalfi.info\/wp-content\/uploads\/2024\/10\/1.jpg\" \/>\n\t<meta property=\"og:image:width\" content=\"1920\" \/>\n\t<meta property=\"og:image:height\" content=\"1280\" \/>\n\t<meta property=\"og:image:type\" content=\"image\/jpeg\" \/>\n<meta name=\"author\" content=\"Federica Dumont\" \/>\n<meta name=\"twitter:card\" content=\"summary_large_image\" \/>\n<meta name=\"twitter:label1\" content=\"Verfasst von\" \/>\n\t<meta name=\"twitter:data1\" content=\"Federica Dumont\" \/>\n\t<meta name=\"twitter:label2\" content=\"Gesch\u00e4tzte Lesezeit\" \/>\n\t<meta name=\"twitter:data2\" content=\"2\u00a0Minuten\" \/>\n<script type=\"application\/ld+json\" class=\"yoast-schema-graph\">{\"@context\":\"https:\\\/\\\/schema.org\",\"@graph\":[{\"@type\":\"Article\",\"@id\":\"https:\\\/\\\/www.visitamalfi.info\\\/de\\\/eine-geschichte-die-seit-70-jahren-segelt-amalfi-begruesst-die-70-regatta-der-seerepubliken\\\/#article\",\"isPartOf\":{\"@id\":\"https:\\\/\\\/www.visitamalfi.info\\\/de\\\/eine-geschichte-die-seit-70-jahren-segelt-amalfi-begruesst-die-70-regatta-der-seerepubliken\\\/\"},\"author\":{\"name\":\"Federica Dumont\",\"@id\":\"https:\\\/\\\/www.visitamalfi.info\\\/de\\\/#\\\/schema\\\/person\\\/0c7584af846d5d2da6c69f7e68f3af96\"},\"headline\":\"Eine Geschichte, die seit 70 Jahren segelt: Amalfi begr\u00fc\u00dft die 70. Regatta der Seerepubliken\",\"datePublished\":\"2025-04-16T15:26:10+00:00\",\"mainEntityOfPage\":{\"@id\":\"https:\\\/\\\/www.visitamalfi.info\\\/de\\\/eine-geschichte-die-seit-70-jahren-segelt-amalfi-begruesst-die-70-regatta-der-seerepubliken\\\/\"},\"wordCount\":501,\"commentCount\":0,\"publisher\":{\"@id\":\"https:\\\/\\\/www.visitamalfi.info\\\/de\\\/#organization\"},\"image\":{\"@id\":\"https:\\\/\\\/www.visitamalfi.info\\\/de\\\/eine-geschichte-die-seit-70-jahren-segelt-amalfi-begruesst-die-70-regatta-der-seerepubliken\\\/#primaryimage\"},\"thumbnailUrl\":\"https:\\\/\\\/www.visitamalfi.info\\\/wp-content\\\/uploads\\\/2024\\\/10\\\/1.jpg\",\"keywords\":[\"historische Regatta\"],\"articleSection\":[\"Eventi\",\"Geschichte\",\"Tradition\"],\"inLanguage\":\"de\",\"potentialAction\":[{\"@type\":\"CommentAction\",\"name\":\"Comment\",\"target\":[\"https:\\\/\\\/www.visitamalfi.info\\\/de\\\/eine-geschichte-die-seit-70-jahren-segelt-amalfi-begruesst-die-70-regatta-der-seerepubliken\\\/#respond\"]}]},{\"@type\":\"WebPage\",\"@id\":\"https:\\\/\\\/www.visitamalfi.info\\\/de\\\/eine-geschichte-die-seit-70-jahren-segelt-amalfi-begruesst-die-70-regatta-der-seerepubliken\\\/\",\"url\":\"https:\\\/\\\/www.visitamalfi.info\\\/de\\\/eine-geschichte-die-seit-70-jahren-segelt-amalfi-begruesst-die-70-regatta-der-seerepubliken\\\/\",\"name\":\"Eine Geschichte, die seit 70 Jahren segelt: Amalfi begr\u00fc\u00dft die 70. Regatta der Seerepubliken - Visit Amalfi\",\"isPartOf\":{\"@id\":\"https:\\\/\\\/www.visitamalfi.info\\\/de\\\/#website\"},\"primaryImageOfPage\":{\"@id\":\"https:\\\/\\\/www.visitamalfi.info\\\/de\\\/eine-geschichte-die-seit-70-jahren-segelt-amalfi-begruesst-die-70-regatta-der-seerepubliken\\\/#primaryimage\"},\"image\":{\"@id\":\"https:\\\/\\\/www.visitamalfi.info\\\/de\\\/eine-geschichte-die-seit-70-jahren-segelt-amalfi-begruesst-die-70-regatta-der-seerepubliken\\\/#primaryimage\"},\"thumbnailUrl\":\"https:\\\/\\\/www.visitamalfi.info\\\/wp-content\\\/uploads\\\/2024\\\/10\\\/1.jpg\",\"datePublished\":\"2025-04-16T15:26:10+00:00\",\"breadcrumb\":{\"@id\":\"https:\\\/\\\/www.visitamalfi.info\\\/de\\\/eine-geschichte-die-seit-70-jahren-segelt-amalfi-begruesst-die-70-regatta-der-seerepubliken\\\/#breadcrumb\"},\"inLanguage\":\"de\",\"potentialAction\":[{\"@type\":\"ReadAction\",\"target\":[\"https:\\\/\\\/www.visitamalfi.info\\\/de\\\/eine-geschichte-die-seit-70-jahren-segelt-amalfi-begruesst-die-70-regatta-der-seerepubliken\\\/\"]}]},{\"@type\":\"ImageObject\",\"inLanguage\":\"de\",\"@id\":\"https:\\\/\\\/www.visitamalfi.info\\\/de\\\/eine-geschichte-die-seit-70-jahren-segelt-amalfi-begruesst-die-70-regatta-der-seerepubliken\\\/#primaryimage\",\"url\":\"https:\\\/\\\/www.visitamalfi.info\\\/wp-content\\\/uploads\\\/2024\\\/10\\\/1.jpg\",\"contentUrl\":\"https:\\\/\\\/www.visitamalfi.info\\\/wp-content\\\/uploads\\\/2024\\\/10\\\/1.jpg\",\"width\":1920,\"height\":1280},{\"@type\":\"BreadcrumbList\",\"@id\":\"https:\\\/\\\/www.visitamalfi.info\\\/de\\\/eine-geschichte-die-seit-70-jahren-segelt-amalfi-begruesst-die-70-regatta-der-seerepubliken\\\/#breadcrumb\",\"itemListElement\":[{\"@type\":\"ListItem\",\"position\":1,\"name\":\"Home\",\"item\":\"https:\\\/\\\/www.visitamalfi.info\\\/de\\\/\"},{\"@type\":\"ListItem\",\"position\":2,\"name\":\"Eine Geschichte, die seit 70 Jahren segelt: Amalfi begr\u00fc\u00dft die 70. Regatta der Seerepubliken\"}]},{\"@type\":\"WebSite\",\"@id\":\"https:\\\/\\\/www.visitamalfi.info\\\/de\\\/#website\",\"url\":\"https:\\\/\\\/www.visitamalfi.info\\\/de\\\/\",\"name\":\"Visit Amalfi\",\"description\":\"Amalfi Destination Official Website\",\"publisher\":{\"@id\":\"https:\\\/\\\/www.visitamalfi.info\\\/de\\\/#organization\"},\"potentialAction\":[{\"@type\":\"SearchAction\",\"target\":{\"@type\":\"EntryPoint\",\"urlTemplate\":\"https:\\\/\\\/www.visitamalfi.info\\\/de\\\/?s={search_term_string}\"},\"query-input\":{\"@type\":\"PropertyValueSpecification\",\"valueRequired\":true,\"valueName\":\"search_term_string\"}}],\"inLanguage\":\"de\"},{\"@type\":\"Organization\",\"@id\":\"https:\\\/\\\/www.visitamalfi.info\\\/de\\\/#organization\",\"name\":\"Visit Amalfi\",\"url\":\"https:\\\/\\\/www.visitamalfi.info\\\/de\\\/\",\"logo\":{\"@type\":\"ImageObject\",\"inLanguage\":\"de\",\"@id\":\"https:\\\/\\\/www.visitamalfi.info\\\/de\\\/#\\\/schema\\\/logo\\\/image\\\/\",\"url\":\"https:\\\/\\\/www.visitamalfi.info\\\/wp-content\\\/uploads\\\/2023\\\/04\\\/visit-amalfi-logo-web.png\",\"contentUrl\":\"https:\\\/\\\/www.visitamalfi.info\\\/wp-content\\\/uploads\\\/2023\\\/04\\\/visit-amalfi-logo-web.png\",\"width\":800,\"height\":870,\"caption\":\"Visit Amalfi\"},\"image\":{\"@id\":\"https:\\\/\\\/www.visitamalfi.info\\\/de\\\/#\\\/schema\\\/logo\\\/image\\\/\"},\"sameAs\":[\"https:\\\/\\\/www.facebook.com\\\/visitamalfiofficial\",\"https:\\\/\\\/www.instagram.com\\\/visitamalfiofficial\\\/\"]},{\"@type\":\"Person\",\"@id\":\"https:\\\/\\\/www.visitamalfi.info\\\/de\\\/#\\\/schema\\\/person\\\/0c7584af846d5d2da6c69f7e68f3af96\",\"name\":\"Federica Dumont\",\"image\":{\"@type\":\"ImageObject\",\"inLanguage\":\"de\",\"@id\":\"https:\\\/\\\/secure.gravatar.com\\\/avatar\\\/0803dab414b6c6f1fd2399680f587870a020419b6ebe9d36dd75df06a6a68060?s=96&d=mm&r=g\",\"url\":\"https:\\\/\\\/secure.gravatar.com\\\/avatar\\\/0803dab414b6c6f1fd2399680f587870a020419b6ebe9d36dd75df06a6a68060?s=96&d=mm&r=g\",\"contentUrl\":\"https:\\\/\\\/secure.gravatar.com\\\/avatar\\\/0803dab414b6c6f1fd2399680f587870a020419b6ebe9d36dd75df06a6a68060?s=96&d=mm&r=g\",\"caption\":\"Federica Dumont\"},\"url\":\"https:\\\/\\\/www.visitamalfi.info\\\/de\\\/author\\\/federica\\\/\"}]}<\/script>\n<!-- \/ Yoast SEO plugin. -->","yoast_head_json":{"title":"Eine Geschichte, die seit 70 Jahren segelt: Amalfi begr\u00fc\u00dft die 70. Regatta der Seerepubliken - Visit Amalfi","robots":{"index":"index","follow":"follow","max-snippet":"max-snippet:-1","max-image-preview":"max-image-preview:large","max-video-preview":"max-video-preview:-1"},"canonical":"https:\/\/www.visitamalfi.info\/de\/eine-geschichte-die-seit-70-jahren-segelt-amalfi-begruesst-die-70-regatta-der-seerepubliken\/","og_locale":"de_DE","og_type":"article","og_title":"Eine Geschichte, die seit 70 Jahren segelt: Amalfi begr\u00fc\u00dft die 70. Regatta der Seerepubliken - Visit Amalfi","og_description":"Das Meer steht im Mittelpunkt dieses Spektakels, wie die sch\u00f6nste B\u00fchne, die Scharen von Fans &#8211; Amalfis und Nicht-Amalfis &#8211; f\u00fcllen die Skyline der Stadt, und jeder Winkel Amalfis strahlt [&hellip;]","og_url":"https:\/\/www.visitamalfi.info\/de\/eine-geschichte-die-seit-70-jahren-segelt-amalfi-begruesst-die-70-regatta-der-seerepubliken\/","og_site_name":"Visit Amalfi","article_publisher":"https:\/\/www.facebook.com\/visitamalfiofficial","article_published_time":"2025-04-16T15:26:10+00:00","og_image":[{"width":1920,"height":1280,"url":"https:\/\/www.visitamalfi.info\/wp-content\/uploads\/2024\/10\/1.jpg","type":"image\/jpeg"}],"author":"Federica Dumont","twitter_card":"summary_large_image","twitter_misc":{"Verfasst von":"Federica Dumont","Gesch\u00e4tzte Lesezeit":"2\u00a0Minuten"},"schema":{"@context":"https:\/\/schema.org","@graph":[{"@type":"Article","@id":"https:\/\/www.visitamalfi.info\/de\/eine-geschichte-die-seit-70-jahren-segelt-amalfi-begruesst-die-70-regatta-der-seerepubliken\/#article","isPartOf":{"@id":"https:\/\/www.visitamalfi.info\/de\/eine-geschichte-die-seit-70-jahren-segelt-amalfi-begruesst-die-70-regatta-der-seerepubliken\/"},"author":{"name":"Federica Dumont","@id":"https:\/\/www.visitamalfi.info\/de\/#\/schema\/person\/0c7584af846d5d2da6c69f7e68f3af96"},"headline":"Eine Geschichte, die seit 70 Jahren segelt: Amalfi begr\u00fc\u00dft die 70. Regatta der Seerepubliken","datePublished":"2025-04-16T15:26:10+00:00","mainEntityOfPage":{"@id":"https:\/\/www.visitamalfi.info\/de\/eine-geschichte-die-seit-70-jahren-segelt-amalfi-begruesst-die-70-regatta-der-seerepubliken\/"},"wordCount":501,"commentCount":0,"publisher":{"@id":"https:\/\/www.visitamalfi.info\/de\/#organization"},"image":{"@id":"https:\/\/www.visitamalfi.info\/de\/eine-geschichte-die-seit-70-jahren-segelt-amalfi-begruesst-die-70-regatta-der-seerepubliken\/#primaryimage"},"thumbnailUrl":"https:\/\/www.visitamalfi.info\/wp-content\/uploads\/2024\/10\/1.jpg","keywords":["historische Regatta"],"articleSection":["Eventi","Geschichte","Tradition"],"inLanguage":"de","potentialAction":[{"@type":"CommentAction","name":"Comment","target":["https:\/\/www.visitamalfi.info\/de\/eine-geschichte-die-seit-70-jahren-segelt-amalfi-begruesst-die-70-regatta-der-seerepubliken\/#respond"]}]},{"@type":"WebPage","@id":"https:\/\/www.visitamalfi.info\/de\/eine-geschichte-die-seit-70-jahren-segelt-amalfi-begruesst-die-70-regatta-der-seerepubliken\/","url":"https:\/\/www.visitamalfi.info\/de\/eine-geschichte-die-seit-70-jahren-segelt-amalfi-begruesst-die-70-regatta-der-seerepubliken\/","name":"Eine Geschichte, die seit 70 Jahren segelt: Amalfi begr\u00fc\u00dft die 70. Regatta der Seerepubliken - Visit Amalfi","isPartOf":{"@id":"https:\/\/www.visitamalfi.info\/de\/#website"},"primaryImageOfPage":{"@id":"https:\/\/www.visitamalfi.info\/de\/eine-geschichte-die-seit-70-jahren-segelt-amalfi-begruesst-die-70-regatta-der-seerepubliken\/#primaryimage"},"image":{"@id":"https:\/\/www.visitamalfi.info\/de\/eine-geschichte-die-seit-70-jahren-segelt-amalfi-begruesst-die-70-regatta-der-seerepubliken\/#primaryimage"},"thumbnailUrl":"https:\/\/www.visitamalfi.info\/wp-content\/uploads\/2024\/10\/1.jpg","datePublished":"2025-04-16T15:26:10+00:00","breadcrumb":{"@id":"https:\/\/www.visitamalfi.info\/de\/eine-geschichte-die-seit-70-jahren-segelt-amalfi-begruesst-die-70-regatta-der-seerepubliken\/#breadcrumb"},"inLanguage":"de","potentialAction":[{"@type":"ReadAction","target":["https:\/\/www.visitamalfi.info\/de\/eine-geschichte-die-seit-70-jahren-segelt-amalfi-begruesst-die-70-regatta-der-seerepubliken\/"]}]},{"@type":"ImageObject","inLanguage":"de","@id":"https:\/\/www.visitamalfi.info\/de\/eine-geschichte-die-seit-70-jahren-segelt-amalfi-begruesst-die-70-regatta-der-seerepubliken\/#primaryimage","url":"https:\/\/www.visitamalfi.info\/wp-content\/uploads\/2024\/10\/1.jpg","contentUrl":"https:\/\/www.visitamalfi.info\/wp-content\/uploads\/2024\/10\/1.jpg","width":1920,"height":1280},{"@type":"BreadcrumbList","@id":"https:\/\/www.visitamalfi.info\/de\/eine-geschichte-die-seit-70-jahren-segelt-amalfi-begruesst-die-70-regatta-der-seerepubliken\/#breadcrumb","itemListElement":[{"@type":"ListItem","position":1,"name":"Home","item":"https:\/\/www.visitamalfi.info\/de\/"},{"@type":"ListItem","position":2,"name":"Eine Geschichte, die seit 70 Jahren segelt: Amalfi begr\u00fc\u00dft die 70. Regatta der Seerepubliken"}]},{"@type":"WebSite","@id":"https:\/\/www.visitamalfi.info\/de\/#website","url":"https:\/\/www.visitamalfi.info\/de\/","name":"Visit Amalfi","description":"Amalfi Destination Official Website","publisher":{"@id":"https:\/\/www.visitamalfi.info\/de\/#organization"},"potentialAction":[{"@type":"SearchAction","target":{"@type":"EntryPoint","urlTemplate":"https:\/\/www.visitamalfi.info\/de\/?s={search_term_string}"},"query-input":{"@type":"PropertyValueSpecification","valueRequired":true,"valueName":"search_term_string"}}],"inLanguage":"de"},{"@type":"Organization","@id":"https:\/\/www.visitamalfi.info\/de\/#organization","name":"Visit Amalfi","url":"https:\/\/www.visitamalfi.info\/de\/","logo":{"@type":"ImageObject","inLanguage":"de","@id":"https:\/\/www.visitamalfi.info\/de\/#\/schema\/logo\/image\/","url":"https:\/\/www.visitamalfi.info\/wp-content\/uploads\/2023\/04\/visit-amalfi-logo-web.png","contentUrl":"https:\/\/www.visitamalfi.info\/wp-content\/uploads\/2023\/04\/visit-amalfi-logo-web.png","width":800,"height":870,"caption":"Visit Amalfi"},"image":{"@id":"https:\/\/www.visitamalfi.info\/de\/#\/schema\/logo\/image\/"},"sameAs":["https:\/\/www.facebook.com\/visitamalfiofficial","https:\/\/www.instagram.com\/visitamalfiofficial\/"]},{"@type":"Person","@id":"https:\/\/www.visitamalfi.info\/de\/#\/schema\/person\/0c7584af846d5d2da6c69f7e68f3af96","name":"Federica Dumont","image":{"@type":"ImageObject","inLanguage":"de","@id":"https:\/\/secure.gravatar.com\/avatar\/0803dab414b6c6f1fd2399680f587870a020419b6ebe9d36dd75df06a6a68060?s=96&d=mm&r=g","url":"https:\/\/secure.gravatar.com\/avatar\/0803dab414b6c6f1fd2399680f587870a020419b6ebe9d36dd75df06a6a68060?s=96&d=mm&r=g","contentUrl":"https:\/\/secure.gravatar.com\/avatar\/0803dab414b6c6f1fd2399680f587870a020419b6ebe9d36dd75df06a6a68060?s=96&d=mm&r=g","caption":"Federica Dumont"},"url":"https:\/\/www.visitamalfi.info\/de\/author\/federica\/"}]}},"_links":{"self":[{"href":"https:\/\/www.visitamalfi.info\/de\/wp-json\/wp\/v2\/posts\/21292","targetHints":{"allow":["GET"]}}],"collection":[{"href":"https:\/\/www.visitamalfi.info\/de\/wp-json\/wp\/v2\/posts"}],"about":[{"href":"https:\/\/www.visitamalfi.info\/de\/wp-json\/wp\/v2\/types\/post"}],"author":[{"embeddable":true,"href":"https:\/\/www.visitamalfi.info\/de\/wp-json\/wp\/v2\/users\/7"}],"replies":[{"embeddable":true,"href":"https:\/\/www.visitamalfi.info\/de\/wp-json\/wp\/v2\/comments?post=21292"}],"version-history":[{"count":0,"href":"https:\/\/www.visitamalfi.info\/de\/wp-json\/wp\/v2\/posts\/21292\/revisions"}],"wp:featuredmedia":[{"embeddable":true,"href":"https:\/\/www.visitamalfi.info\/de\/wp-json\/wp\/v2\/media\/20036"}],"wp:attachment":[{"href":"https:\/\/www.visitamalfi.info\/de\/wp-json\/wp\/v2\/media?parent=21292"}],"wp:term":[{"taxonomy":"category","embeddable":true,"href":"https:\/\/www.visitamalfi.info\/de\/wp-json\/wp\/v2\/categories?post=21292"},{"taxonomy":"post_tag","embeddable":true,"href":"https:\/\/www.visitamalfi.info\/de\/wp-json\/wp\/v2\/tags?post=21292"}],"curies":[{"name":"wp","href":"https:\/\/api.w.org\/{rel}","templated":true}]}}