{"id":21018,"date":"2025-02-26T16:00:14","date_gmt":"2025-02-26T15:00:14","guid":{"rendered":"https:\/\/www.visitamalfi.info\/der-palazzo-san-benedetto-in-amalfi-seine-geschichte-und-sein-neues-aussehen\/"},"modified":"2025-02-26T16:00:14","modified_gmt":"2025-02-26T15:00:14","slug":"der-palazzo-san-benedetto-in-amalfi-seine-geschichte-und-sein-neues-aussehen","status":"publish","type":"post","link":"https:\/\/www.visitamalfi.info\/de\/der-palazzo-san-benedetto-in-amalfi-seine-geschichte-und-sein-neues-aussehen\/","title":{"rendered":"Der Palazzo San Benedetto in Amalfi: seine Geschichte und sein neues Aussehen."},"content":{"rendered":"<p class=\"cvGsUA direction-ltr align-start para-style-body\"><span class=\"OYPEnA font-feature-liga-off font-feature-clig-off font-feature-calt-off text-decoration-none text-strikethrough-none\">Amalfi, ein Juwel in der spektakul\u00e4ren Kulisse der Amalfik\u00fcste, ist der H\u00fcter zahlreicher Sch\u00e4tze von unsch\u00e4tzbarem Wert, architektonisch, k\u00fcnstlerisch, historisch und kulturell. Heute berichten wir Ihnen \u00fcber den <a href=\"https:\/\/www.visitamalfi.info\/poi\/palazzo-san-benedetto\/\"><strong>Palazzo San Benedetto<\/strong><\/a>ein Geb\u00e4ude, das eine jahrhundertelange Geschichte erz\u00e4hlt und seine architektonische Entwicklung mit den Ereignissen in der Stadt verwebt.<\/span> <span class=\"OYPEnA font-feature-liga-off font-feature-clig-off font-feature-calt-off text-decoration-none text-strikethrough-none\">Der Palazzo San Benedetto, heute Sitz der Stadtverwaltung, wurde 1580 als<strong>&#8216;Kloster der Edlen Frauen<\/strong>&#8216; der Heiligen Dreifaltigkeit gegr\u00fcndet.<\/span><\/p>\n<p>&nbsp;<\/p>\n<p class=\"cvGsUA direction-ltr align-start para-style-body\"><strong><span class=\"OYPEnA font-feature-liga-off font-feature-clig-off font-feature-calt-off text-decoration-none text-strikethrough-none\">Kl\u00f6sterliche Urspr\u00fcnge:<\/span><\/strong><\/p>\n<p class=\"cvGsUA direction-ltr align-start para-style-body\"><span class=\"OYPEnA font-feature-liga-off font-feature-clig-off font-feature-calt-off text-decoration-none text-strikethrough-none\">Seine Gr\u00fcndung geht auf die Notwendigkeit zur\u00fcck, Nonnen aus anderen Benediktinerinnenkl\u00f6stern, die aufgel\u00f6st wurden, in einem einzigen Komplex zu vereinen.<\/span><\/p>\n<p class=\"cvGsUA direction-ltr align-start para-style-body\"><span class=\"OYPEnA font-feature-liga-off font-feature-clig-off font-feature-calt-off text-decoration-none text-strikethrough-none\">&#8220;.<em>.<\/em><\/span><span class=\"OYPEnA font-feature-liga-off font-feature-clig-off font-feature-calt-off text-decoration-none text-strikethrough-none\"><em>.zu einer Zeit, als die Republik Amalfi auf dem H\u00f6hepunkt ihrer Seemacht stand, spielte das religi\u00f6se Leben eine grundlegende Rolle in der Gesellschaft. Das Kloster, das dem heiligen Benedikt geweiht war, nahm Nonnen aus adligem Geschlecht auf und trug dazu bei, die Beziehungen zwischen adligen Familien und der Kirche zu st\u00e4rken&#8230;<\/em>&#8220;<\/span><\/p>\n<p class=\"cvGsUA direction-ltr align-start para-style-body\"><strong><span class=\"OYPEnA font-feature-liga-off font-feature-clig-off font-feature-calt-off text-decoration-none text-strikethrough-none\">Merkmale:<\/span><\/strong><\/p>\n<p class=\"cvGsUA direction-ltr align-start para-style-body\"><span class=\"OYPEnA font-feature-liga-off font-feature-clig-off font-feature-calt-off text-decoration-none text-strikethrough-none\">Das Bauwerk zeichnet sich durch Seitenkapellen aus, die Alt\u00e4re, Gem\u00e4lde und Statuen beherbergen. Das Presbyterium hat eine rechteckige Form und wird von einem Stucktosello mit zwei sich \u00fcberlappenden Gem\u00e4lden geschm\u00fcckt. Im 18. Jahrhundert erfuhr die Kirche eine stilistische Erneuerung im Barockstil. In der Halle ist noch der Altarraum mit den &#8216;Gelees&#8217; erhalten, die die Nonnen verstecken sollten. Ein sch\u00f6ner Kachelboden und der Nonnenchor mit Holzb\u00e4nken.<\/span><\/p>\n<p class=\"cvGsUA direction-ltr align-start para-style-body\"><strong><span class=\"OYPEnA font-feature-liga-off font-feature-clig-off font-feature-calt-off text-decoration-underline text-strikethrough-none\">Transformation durch die Jahrhunderte<\/span><span class=\"OYPEnA font-feature-liga-off font-feature-clig-off font-feature-calt-off text-strikethrough-none text-decoration-none\">:<\/span><\/strong><\/p>\n<p class=\"cvGsUA direction-ltr align-start para-style-body\"><span class=\"OYPEnA font-feature-liga-off font-feature-clig-off font-feature-calt-off text-decoration-none text-strikethrough-none\">Mit dem Niedergang der Amalfitanischen Republik begannen sich auch die religi\u00f6sen Institutionen zu ver\u00e4ndern. In der Zeit nach der Wiedervereinigung verlor das Kloster allm\u00e4hlich seine urspr\u00fcngliche Funktion und der architektonische Komplex wurde umgestaltet, um sich den neuen zivilen Bed\u00fcrfnissen anzupassen. <\/span><span class=\"OYPEnA font-feature-liga-off font-feature-clig-off font-feature-calt-off text-decoration-none text-strikethrough-none\">Erst in den ersten Jahrzehnten des 20. Jahrhunderts, nach verschiedenen Ereignissen, wurde es zum Rathaus.<\/span><\/p>\n<p class=\"cvGsUA direction-ltr align-start para-style-body\"><span class=\"OYPEnA font-feature-liga-off font-feature-clig-off font-feature-calt-off text-decoration-none text-strikethrough-none\">Heute bereitet sich der Palazzo darauf vor, die Arbeiten zur &#8220;<\/span><em><span class=\"OYPEnA font-feature-liga-off font-feature-clig-off font-feature-calt-off text-decoration-none text-strikethrough-none\">Restaurierung der Fassade, die von der Stadtverwaltung unter der Leitung des B\u00fcrgermeisters Daniele Milano gew\u00fcnscht wird. Dazu geh\u00f6ren die Wiederherstellung der Stuckarbeiten und die Restaurierung der Majolika-Tafel von Diodoro Cossa, die an der Wand zum Meer hin angebracht ist&#8230;<\/span><\/em><span class=\"OYPEnA font-feature-liga-off font-feature-clig-off font-feature-calt-off text-decoration-none text-strikethrough-none\">&#8220;<\/span><\/p>\n<p class=\"cvGsUA direction-ltr align-start para-style-body\">\n<p class=\"cvGsUA direction-ltr align-start para-style-body\"><span class=\"OYPEnA font-feature-liga-off font-feature-clig-off font-feature-calt-off text-decoration-none text-strikethrough-none\">Der Palazzo San Benedetto ist heute ein Symbol f\u00fcr die F\u00e4higkeit Amalfis, sich weiterzuentwickeln.<\/span><\/p>\n","protected":false},"excerpt":{"rendered":"<p>Amalfi, ein Juwel in der spektakul\u00e4ren Kulisse der Amalfik\u00fcste, ist der H\u00fcter zahlreicher Sch\u00e4tze von unsch\u00e4tzbarem Wert, architektonisch, k\u00fcnstlerisch, historisch und kulturell. Heute berichten wir Ihnen \u00fcber den Palazzo San [&hellip;]<\/p>\n","protected":false},"author":7,"featured_media":14894,"comment_status":"open","ping_status":"closed","sticky":false,"template":"","format":"standard","meta":{"inline_featured_image":false,"footnotes":""},"categories":[260],"tags":[262,819,1924],"class_list":["post-21018","post","type-post","status-publish","format-standard","has-post-thumbnail","hentry","category-kuriositaten","tag-amalfi-de","tag-geschichte","tag-palazzo-san-benedetto-de"],"yoast_head":"<!-- This site is optimized with the Yoast SEO plugin v27.3 - https:\/\/yoast.com\/product\/yoast-seo-wordpress\/ -->\n<title>Der Palazzo San Benedetto in Amalfi: seine Geschichte und sein neues Aussehen. - Visit Amalfi<\/title>\n<meta name=\"robots\" content=\"index, follow, max-snippet:-1, max-image-preview:large, max-video-preview:-1\" \/>\n<link rel=\"canonical\" href=\"https:\/\/www.visitamalfi.info\/de\/der-palazzo-san-benedetto-in-amalfi-seine-geschichte-und-sein-neues-aussehen\/\" \/>\n<meta property=\"og:locale\" content=\"de_DE\" \/>\n<meta property=\"og:type\" content=\"article\" \/>\n<meta property=\"og:title\" content=\"Der Palazzo San Benedetto in Amalfi: seine Geschichte und sein neues Aussehen. - Visit Amalfi\" \/>\n<meta property=\"og:description\" content=\"Amalfi, ein Juwel in der spektakul\u00e4ren Kulisse der Amalfik\u00fcste, ist der H\u00fcter zahlreicher Sch\u00e4tze von unsch\u00e4tzbarem Wert, architektonisch, k\u00fcnstlerisch, historisch und kulturell. Heute berichten wir Ihnen \u00fcber den Palazzo San [&hellip;]\" \/>\n<meta property=\"og:url\" content=\"https:\/\/www.visitamalfi.info\/de\/der-palazzo-san-benedetto-in-amalfi-seine-geschichte-und-sein-neues-aussehen\/\" \/>\n<meta property=\"og:site_name\" content=\"Visit Amalfi\" \/>\n<meta property=\"article:publisher\" content=\"https:\/\/www.facebook.com\/visitamalfiofficial\" \/>\n<meta property=\"article:published_time\" content=\"2025-02-26T15:00:14+00:00\" \/>\n<meta property=\"og:image\" content=\"https:\/\/www.visitamalfi.info\/wp-content\/uploads\/2024\/03\/DSC02628.jpg\" \/>\n\t<meta property=\"og:image:width\" content=\"1920\" \/>\n\t<meta property=\"og:image:height\" content=\"1280\" \/>\n\t<meta property=\"og:image:type\" content=\"image\/jpeg\" \/>\n<meta name=\"author\" content=\"Federica Dumont\" \/>\n<meta name=\"twitter:card\" content=\"summary_large_image\" \/>\n<meta name=\"twitter:label1\" content=\"Verfasst von\" \/>\n\t<meta name=\"twitter:data1\" content=\"Federica Dumont\" \/>\n\t<meta name=\"twitter:label2\" content=\"Gesch\u00e4tzte Lesezeit\" \/>\n\t<meta name=\"twitter:data2\" content=\"2\u00a0Minuten\" \/>\n<script type=\"application\/ld+json\" class=\"yoast-schema-graph\">{\"@context\":\"https:\\\/\\\/schema.org\",\"@graph\":[{\"@type\":\"Article\",\"@id\":\"https:\\\/\\\/www.visitamalfi.info\\\/de\\\/der-palazzo-san-benedetto-in-amalfi-seine-geschichte-und-sein-neues-aussehen\\\/#article\",\"isPartOf\":{\"@id\":\"https:\\\/\\\/www.visitamalfi.info\\\/de\\\/der-palazzo-san-benedetto-in-amalfi-seine-geschichte-und-sein-neues-aussehen\\\/\"},\"author\":{\"name\":\"Federica Dumont\",\"@id\":\"https:\\\/\\\/www.visitamalfi.info\\\/de\\\/#\\\/schema\\\/person\\\/0c7584af846d5d2da6c69f7e68f3af96\"},\"headline\":\"Der Palazzo San Benedetto in Amalfi: seine Geschichte und sein neues Aussehen.\",\"datePublished\":\"2025-02-26T15:00:14+00:00\",\"mainEntityOfPage\":{\"@id\":\"https:\\\/\\\/www.visitamalfi.info\\\/de\\\/der-palazzo-san-benedetto-in-amalfi-seine-geschichte-und-sein-neues-aussehen\\\/\"},\"wordCount\":373,\"commentCount\":0,\"publisher\":{\"@id\":\"https:\\\/\\\/www.visitamalfi.info\\\/de\\\/#organization\"},\"image\":{\"@id\":\"https:\\\/\\\/www.visitamalfi.info\\\/de\\\/der-palazzo-san-benedetto-in-amalfi-seine-geschichte-und-sein-neues-aussehen\\\/#primaryimage\"},\"thumbnailUrl\":\"https:\\\/\\\/www.visitamalfi.info\\\/wp-content\\\/uploads\\\/2024\\\/03\\\/DSC02628.jpg\",\"keywords\":[\"amalfi\",\"Geschichte\",\"Palazzo San Benedetto\"],\"articleSection\":[\"Kuriosit\u00e4ten\"],\"inLanguage\":\"de\",\"potentialAction\":[{\"@type\":\"CommentAction\",\"name\":\"Comment\",\"target\":[\"https:\\\/\\\/www.visitamalfi.info\\\/de\\\/der-palazzo-san-benedetto-in-amalfi-seine-geschichte-und-sein-neues-aussehen\\\/#respond\"]}]},{\"@type\":\"WebPage\",\"@id\":\"https:\\\/\\\/www.visitamalfi.info\\\/de\\\/der-palazzo-san-benedetto-in-amalfi-seine-geschichte-und-sein-neues-aussehen\\\/\",\"url\":\"https:\\\/\\\/www.visitamalfi.info\\\/de\\\/der-palazzo-san-benedetto-in-amalfi-seine-geschichte-und-sein-neues-aussehen\\\/\",\"name\":\"Der Palazzo San Benedetto in Amalfi: seine Geschichte und sein neues Aussehen. - Visit Amalfi\",\"isPartOf\":{\"@id\":\"https:\\\/\\\/www.visitamalfi.info\\\/de\\\/#website\"},\"primaryImageOfPage\":{\"@id\":\"https:\\\/\\\/www.visitamalfi.info\\\/de\\\/der-palazzo-san-benedetto-in-amalfi-seine-geschichte-und-sein-neues-aussehen\\\/#primaryimage\"},\"image\":{\"@id\":\"https:\\\/\\\/www.visitamalfi.info\\\/de\\\/der-palazzo-san-benedetto-in-amalfi-seine-geschichte-und-sein-neues-aussehen\\\/#primaryimage\"},\"thumbnailUrl\":\"https:\\\/\\\/www.visitamalfi.info\\\/wp-content\\\/uploads\\\/2024\\\/03\\\/DSC02628.jpg\",\"datePublished\":\"2025-02-26T15:00:14+00:00\",\"breadcrumb\":{\"@id\":\"https:\\\/\\\/www.visitamalfi.info\\\/de\\\/der-palazzo-san-benedetto-in-amalfi-seine-geschichte-und-sein-neues-aussehen\\\/#breadcrumb\"},\"inLanguage\":\"de\",\"potentialAction\":[{\"@type\":\"ReadAction\",\"target\":[\"https:\\\/\\\/www.visitamalfi.info\\\/de\\\/der-palazzo-san-benedetto-in-amalfi-seine-geschichte-und-sein-neues-aussehen\\\/\"]}]},{\"@type\":\"ImageObject\",\"inLanguage\":\"de\",\"@id\":\"https:\\\/\\\/www.visitamalfi.info\\\/de\\\/der-palazzo-san-benedetto-in-amalfi-seine-geschichte-und-sein-neues-aussehen\\\/#primaryimage\",\"url\":\"https:\\\/\\\/www.visitamalfi.info\\\/wp-content\\\/uploads\\\/2024\\\/03\\\/DSC02628.jpg\",\"contentUrl\":\"https:\\\/\\\/www.visitamalfi.info\\\/wp-content\\\/uploads\\\/2024\\\/03\\\/DSC02628.jpg\",\"width\":1920,\"height\":1280,\"caption\":\"Amalfi_Palazzo San Benedetto\"},{\"@type\":\"BreadcrumbList\",\"@id\":\"https:\\\/\\\/www.visitamalfi.info\\\/de\\\/der-palazzo-san-benedetto-in-amalfi-seine-geschichte-und-sein-neues-aussehen\\\/#breadcrumb\",\"itemListElement\":[{\"@type\":\"ListItem\",\"position\":1,\"name\":\"Home\",\"item\":\"https:\\\/\\\/www.visitamalfi.info\\\/de\\\/\"},{\"@type\":\"ListItem\",\"position\":2,\"name\":\"Der Palazzo San Benedetto in Amalfi: seine Geschichte und sein neues Aussehen.\"}]},{\"@type\":\"WebSite\",\"@id\":\"https:\\\/\\\/www.visitamalfi.info\\\/de\\\/#website\",\"url\":\"https:\\\/\\\/www.visitamalfi.info\\\/de\\\/\",\"name\":\"Visit Amalfi\",\"description\":\"Amalfi Destination Official Website\",\"publisher\":{\"@id\":\"https:\\\/\\\/www.visitamalfi.info\\\/de\\\/#organization\"},\"potentialAction\":[{\"@type\":\"SearchAction\",\"target\":{\"@type\":\"EntryPoint\",\"urlTemplate\":\"https:\\\/\\\/www.visitamalfi.info\\\/de\\\/?s={search_term_string}\"},\"query-input\":{\"@type\":\"PropertyValueSpecification\",\"valueRequired\":true,\"valueName\":\"search_term_string\"}}],\"inLanguage\":\"de\"},{\"@type\":\"Organization\",\"@id\":\"https:\\\/\\\/www.visitamalfi.info\\\/de\\\/#organization\",\"name\":\"Visit Amalfi\",\"url\":\"https:\\\/\\\/www.visitamalfi.info\\\/de\\\/\",\"logo\":{\"@type\":\"ImageObject\",\"inLanguage\":\"de\",\"@id\":\"https:\\\/\\\/www.visitamalfi.info\\\/de\\\/#\\\/schema\\\/logo\\\/image\\\/\",\"url\":\"https:\\\/\\\/www.visitamalfi.info\\\/wp-content\\\/uploads\\\/2023\\\/04\\\/visit-amalfi-logo-web.png\",\"contentUrl\":\"https:\\\/\\\/www.visitamalfi.info\\\/wp-content\\\/uploads\\\/2023\\\/04\\\/visit-amalfi-logo-web.png\",\"width\":800,\"height\":870,\"caption\":\"Visit Amalfi\"},\"image\":{\"@id\":\"https:\\\/\\\/www.visitamalfi.info\\\/de\\\/#\\\/schema\\\/logo\\\/image\\\/\"},\"sameAs\":[\"https:\\\/\\\/www.facebook.com\\\/visitamalfiofficial\",\"https:\\\/\\\/www.instagram.com\\\/visitamalfiofficial\\\/\"]},{\"@type\":\"Person\",\"@id\":\"https:\\\/\\\/www.visitamalfi.info\\\/de\\\/#\\\/schema\\\/person\\\/0c7584af846d5d2da6c69f7e68f3af96\",\"name\":\"Federica Dumont\",\"image\":{\"@type\":\"ImageObject\",\"inLanguage\":\"de\",\"@id\":\"https:\\\/\\\/secure.gravatar.com\\\/avatar\\\/0803dab414b6c6f1fd2399680f587870a020419b6ebe9d36dd75df06a6a68060?s=96&d=mm&r=g\",\"url\":\"https:\\\/\\\/secure.gravatar.com\\\/avatar\\\/0803dab414b6c6f1fd2399680f587870a020419b6ebe9d36dd75df06a6a68060?s=96&d=mm&r=g\",\"contentUrl\":\"https:\\\/\\\/secure.gravatar.com\\\/avatar\\\/0803dab414b6c6f1fd2399680f587870a020419b6ebe9d36dd75df06a6a68060?s=96&d=mm&r=g\",\"caption\":\"Federica Dumont\"},\"url\":\"https:\\\/\\\/www.visitamalfi.info\\\/de\\\/author\\\/federica\\\/\"}]}<\/script>\n<!-- \/ Yoast SEO plugin. -->","yoast_head_json":{"title":"Der Palazzo San Benedetto in Amalfi: seine Geschichte und sein neues Aussehen. - Visit Amalfi","robots":{"index":"index","follow":"follow","max-snippet":"max-snippet:-1","max-image-preview":"max-image-preview:large","max-video-preview":"max-video-preview:-1"},"canonical":"https:\/\/www.visitamalfi.info\/de\/der-palazzo-san-benedetto-in-amalfi-seine-geschichte-und-sein-neues-aussehen\/","og_locale":"de_DE","og_type":"article","og_title":"Der Palazzo San Benedetto in Amalfi: seine Geschichte und sein neues Aussehen. - Visit Amalfi","og_description":"Amalfi, ein Juwel in der spektakul\u00e4ren Kulisse der Amalfik\u00fcste, ist der H\u00fcter zahlreicher Sch\u00e4tze von unsch\u00e4tzbarem Wert, architektonisch, k\u00fcnstlerisch, historisch und kulturell. Heute berichten wir Ihnen \u00fcber den Palazzo San [&hellip;]","og_url":"https:\/\/www.visitamalfi.info\/de\/der-palazzo-san-benedetto-in-amalfi-seine-geschichte-und-sein-neues-aussehen\/","og_site_name":"Visit Amalfi","article_publisher":"https:\/\/www.facebook.com\/visitamalfiofficial","article_published_time":"2025-02-26T15:00:14+00:00","og_image":[{"width":1920,"height":1280,"url":"https:\/\/www.visitamalfi.info\/wp-content\/uploads\/2024\/03\/DSC02628.jpg","type":"image\/jpeg"}],"author":"Federica Dumont","twitter_card":"summary_large_image","twitter_misc":{"Verfasst von":"Federica Dumont","Gesch\u00e4tzte Lesezeit":"2\u00a0Minuten"},"schema":{"@context":"https:\/\/schema.org","@graph":[{"@type":"Article","@id":"https:\/\/www.visitamalfi.info\/de\/der-palazzo-san-benedetto-in-amalfi-seine-geschichte-und-sein-neues-aussehen\/#article","isPartOf":{"@id":"https:\/\/www.visitamalfi.info\/de\/der-palazzo-san-benedetto-in-amalfi-seine-geschichte-und-sein-neues-aussehen\/"},"author":{"name":"Federica Dumont","@id":"https:\/\/www.visitamalfi.info\/de\/#\/schema\/person\/0c7584af846d5d2da6c69f7e68f3af96"},"headline":"Der Palazzo San Benedetto in Amalfi: seine Geschichte und sein neues Aussehen.","datePublished":"2025-02-26T15:00:14+00:00","mainEntityOfPage":{"@id":"https:\/\/www.visitamalfi.info\/de\/der-palazzo-san-benedetto-in-amalfi-seine-geschichte-und-sein-neues-aussehen\/"},"wordCount":373,"commentCount":0,"publisher":{"@id":"https:\/\/www.visitamalfi.info\/de\/#organization"},"image":{"@id":"https:\/\/www.visitamalfi.info\/de\/der-palazzo-san-benedetto-in-amalfi-seine-geschichte-und-sein-neues-aussehen\/#primaryimage"},"thumbnailUrl":"https:\/\/www.visitamalfi.info\/wp-content\/uploads\/2024\/03\/DSC02628.jpg","keywords":["amalfi","Geschichte","Palazzo San Benedetto"],"articleSection":["Kuriosit\u00e4ten"],"inLanguage":"de","potentialAction":[{"@type":"CommentAction","name":"Comment","target":["https:\/\/www.visitamalfi.info\/de\/der-palazzo-san-benedetto-in-amalfi-seine-geschichte-und-sein-neues-aussehen\/#respond"]}]},{"@type":"WebPage","@id":"https:\/\/www.visitamalfi.info\/de\/der-palazzo-san-benedetto-in-amalfi-seine-geschichte-und-sein-neues-aussehen\/","url":"https:\/\/www.visitamalfi.info\/de\/der-palazzo-san-benedetto-in-amalfi-seine-geschichte-und-sein-neues-aussehen\/","name":"Der Palazzo San Benedetto in Amalfi: seine Geschichte und sein neues Aussehen. - Visit Amalfi","isPartOf":{"@id":"https:\/\/www.visitamalfi.info\/de\/#website"},"primaryImageOfPage":{"@id":"https:\/\/www.visitamalfi.info\/de\/der-palazzo-san-benedetto-in-amalfi-seine-geschichte-und-sein-neues-aussehen\/#primaryimage"},"image":{"@id":"https:\/\/www.visitamalfi.info\/de\/der-palazzo-san-benedetto-in-amalfi-seine-geschichte-und-sein-neues-aussehen\/#primaryimage"},"thumbnailUrl":"https:\/\/www.visitamalfi.info\/wp-content\/uploads\/2024\/03\/DSC02628.jpg","datePublished":"2025-02-26T15:00:14+00:00","breadcrumb":{"@id":"https:\/\/www.visitamalfi.info\/de\/der-palazzo-san-benedetto-in-amalfi-seine-geschichte-und-sein-neues-aussehen\/#breadcrumb"},"inLanguage":"de","potentialAction":[{"@type":"ReadAction","target":["https:\/\/www.visitamalfi.info\/de\/der-palazzo-san-benedetto-in-amalfi-seine-geschichte-und-sein-neues-aussehen\/"]}]},{"@type":"ImageObject","inLanguage":"de","@id":"https:\/\/www.visitamalfi.info\/de\/der-palazzo-san-benedetto-in-amalfi-seine-geschichte-und-sein-neues-aussehen\/#primaryimage","url":"https:\/\/www.visitamalfi.info\/wp-content\/uploads\/2024\/03\/DSC02628.jpg","contentUrl":"https:\/\/www.visitamalfi.info\/wp-content\/uploads\/2024\/03\/DSC02628.jpg","width":1920,"height":1280,"caption":"Amalfi_Palazzo San Benedetto"},{"@type":"BreadcrumbList","@id":"https:\/\/www.visitamalfi.info\/de\/der-palazzo-san-benedetto-in-amalfi-seine-geschichte-und-sein-neues-aussehen\/#breadcrumb","itemListElement":[{"@type":"ListItem","position":1,"name":"Home","item":"https:\/\/www.visitamalfi.info\/de\/"},{"@type":"ListItem","position":2,"name":"Der Palazzo San Benedetto in Amalfi: seine Geschichte und sein neues Aussehen."}]},{"@type":"WebSite","@id":"https:\/\/www.visitamalfi.info\/de\/#website","url":"https:\/\/www.visitamalfi.info\/de\/","name":"Visit Amalfi","description":"Amalfi Destination Official Website","publisher":{"@id":"https:\/\/www.visitamalfi.info\/de\/#organization"},"potentialAction":[{"@type":"SearchAction","target":{"@type":"EntryPoint","urlTemplate":"https:\/\/www.visitamalfi.info\/de\/?s={search_term_string}"},"query-input":{"@type":"PropertyValueSpecification","valueRequired":true,"valueName":"search_term_string"}}],"inLanguage":"de"},{"@type":"Organization","@id":"https:\/\/www.visitamalfi.info\/de\/#organization","name":"Visit Amalfi","url":"https:\/\/www.visitamalfi.info\/de\/","logo":{"@type":"ImageObject","inLanguage":"de","@id":"https:\/\/www.visitamalfi.info\/de\/#\/schema\/logo\/image\/","url":"https:\/\/www.visitamalfi.info\/wp-content\/uploads\/2023\/04\/visit-amalfi-logo-web.png","contentUrl":"https:\/\/www.visitamalfi.info\/wp-content\/uploads\/2023\/04\/visit-amalfi-logo-web.png","width":800,"height":870,"caption":"Visit Amalfi"},"image":{"@id":"https:\/\/www.visitamalfi.info\/de\/#\/schema\/logo\/image\/"},"sameAs":["https:\/\/www.facebook.com\/visitamalfiofficial","https:\/\/www.instagram.com\/visitamalfiofficial\/"]},{"@type":"Person","@id":"https:\/\/www.visitamalfi.info\/de\/#\/schema\/person\/0c7584af846d5d2da6c69f7e68f3af96","name":"Federica Dumont","image":{"@type":"ImageObject","inLanguage":"de","@id":"https:\/\/secure.gravatar.com\/avatar\/0803dab414b6c6f1fd2399680f587870a020419b6ebe9d36dd75df06a6a68060?s=96&d=mm&r=g","url":"https:\/\/secure.gravatar.com\/avatar\/0803dab414b6c6f1fd2399680f587870a020419b6ebe9d36dd75df06a6a68060?s=96&d=mm&r=g","contentUrl":"https:\/\/secure.gravatar.com\/avatar\/0803dab414b6c6f1fd2399680f587870a020419b6ebe9d36dd75df06a6a68060?s=96&d=mm&r=g","caption":"Federica Dumont"},"url":"https:\/\/www.visitamalfi.info\/de\/author\/federica\/"}]}},"_links":{"self":[{"href":"https:\/\/www.visitamalfi.info\/de\/wp-json\/wp\/v2\/posts\/21018","targetHints":{"allow":["GET"]}}],"collection":[{"href":"https:\/\/www.visitamalfi.info\/de\/wp-json\/wp\/v2\/posts"}],"about":[{"href":"https:\/\/www.visitamalfi.info\/de\/wp-json\/wp\/v2\/types\/post"}],"author":[{"embeddable":true,"href":"https:\/\/www.visitamalfi.info\/de\/wp-json\/wp\/v2\/users\/7"}],"replies":[{"embeddable":true,"href":"https:\/\/www.visitamalfi.info\/de\/wp-json\/wp\/v2\/comments?post=21018"}],"version-history":[{"count":0,"href":"https:\/\/www.visitamalfi.info\/de\/wp-json\/wp\/v2\/posts\/21018\/revisions"}],"wp:featuredmedia":[{"embeddable":true,"href":"https:\/\/www.visitamalfi.info\/de\/wp-json\/wp\/v2\/media\/14894"}],"wp:attachment":[{"href":"https:\/\/www.visitamalfi.info\/de\/wp-json\/wp\/v2\/media?parent=21018"}],"wp:term":[{"taxonomy":"category","embeddable":true,"href":"https:\/\/www.visitamalfi.info\/de\/wp-json\/wp\/v2\/categories?post=21018"},{"taxonomy":"post_tag","embeddable":true,"href":"https:\/\/www.visitamalfi.info\/de\/wp-json\/wp\/v2\/tags?post=21018"}],"curies":[{"name":"wp","href":"https:\/\/api.w.org\/{rel}","templated":true}]}}