{"id":19972,"date":"2024-10-03T13:33:49","date_gmt":"2024-10-03T11:33:49","guid":{"rendered":"https:\/\/www.visitamalfi.info\/?p=19972"},"modified":"2024-10-03T13:46:32","modified_gmt":"2024-10-03T11:46:32","slug":"die-4-schattierungen-von-amalfi-tastes-5","status":"publish","type":"post","link":"https:\/\/www.visitamalfi.info\/de\/die-4-schattierungen-von-amalfi-tastes-5\/","title":{"rendered":"Alessandro ist in einer Gegend geboren und aufgewachsen, die er liebt und die ihn jeden Tag inspiriert!"},"content":{"rendered":"\t\t<div data-elementor-type=\"wp-post\" data-elementor-id=\"19972\" class=\"elementor elementor-19972 elementor-19971\">\n\t\t\t\t\t\t<section class=\"elementor-section elementor-top-section elementor-element elementor-element-356446cb elementor-section-full_width elementor-section-height-default elementor-section-height-default\" data-id=\"356446cb\" data-element_type=\"section\" data-e-type=\"section\">\n\t\t\t\t\t\t<div class=\"elementor-container elementor-column-gap-no\">\n\t\t\t\t\t<div class=\"elementor-column elementor-col-100 elementor-top-column elementor-element elementor-element-5ec58ce0\" data-id=\"5ec58ce0\" data-element_type=\"column\" data-e-type=\"column\">\n\t\t\t<div class=\"elementor-widget-wrap elementor-element-populated\">\n\t\t\t\t\t\t<div class=\"elementor-element elementor-element-8492fde elementor-drop-cap-yes elementor-drop-cap-view-default elementor-widget elementor-widget-text-editor\" data-id=\"8492fde\" data-element_type=\"widget\" data-e-type=\"widget\" data-settings=\"{&quot;drop_cap&quot;:&quot;yes&quot;}\" data-widget_type=\"text-editor.default\">\n\t\t\t\t<div class=\"elementor-widget-container\">\n\t\t\t\t\t\t\t\t\t<p><span class=\"OYPEnA font-feature-liga-off font-feature-clig-off font-feature-calt-off text-decoration-none text-strikethrough-none\">Alessandros Arbeit kann man nicht als Job bezeichnen, sondern als eine echte Leidenschaft, die mit ihm Jahr f\u00fcr Jahr wuchs und die ihn sicher sein ganzes Leben lang begleiten wird.<\/span><\/p>\n\t\t\t\t\t\t\t\t<\/div>\n\t\t\t\t<\/div>\n\t\t\t\t<div class=\"elementor-element elementor-element-350e35f2 elementor-widget-divider--view-line elementor-widget elementor-widget-divider\" data-id=\"350e35f2\" data-element_type=\"widget\" data-e-type=\"widget\" data-widget_type=\"divider.default\">\n\t\t\t\t<div class=\"elementor-widget-container\">\n\t\t\t\t\t\t\t<div class=\"elementor-divider\">\n\t\t\t<span class=\"elementor-divider-separator\">\n\t\t\t\t\t\t<\/span>\n\t\t<\/div>\n\t\t\t\t\t\t<\/div>\n\t\t\t\t<\/div>\n\t\t\t\t<div class=\"elementor-element elementor-element-8f56c11 elementor-widget elementor-widget-read-more\" data-id=\"8f56c11\" data-element_type=\"widget\" data-e-type=\"widget\" data-widget_type=\"read-more.default\">\n\t\t\t\t<div class=\"elementor-widget-container\">\n\t\t\t\t\t<\/div><\/div><\/div><\/div><\/div><\/section><\/div> <a href=\"https:\/\/www.visitamalfi.info\/de\/die-4-schattierungen-von-amalfi-tastes-5\/#more-19972\" class=\"more-link elementor-more-link\"><span aria-label=\"Alessandro ist in einer Gegend geboren und aufgewachsen, die er liebt und die ihn jeden Tag inspiriert! weiterlesen\">Continua a leggere<\/span><\/a>","protected":false},"excerpt":{"rendered":"<p>Alessandros Arbeit kann man nicht als Job bezeichnen, sondern als eine echte Leidenschaft, die mit ihm Jahr f\u00fcr Jahr wuchs und die ihn sicher sein ganzes Leben lang begleiten wird.<\/p>\n","protected":false},"author":7,"featured_media":9109,"comment_status":"closed","ping_status":"closed","sticky":false,"template":"","format":"standard","meta":{"inline_featured_image":false,"footnotes":""},"categories":[1039,896,817,725,260,818],"tags":[262,1832,1044,897,1860],"class_list":["post-19972","post","type-post","status-publish","format-standard","has-post-thumbnail","hentry","category-ausfluge","category-consigli-di-viaggio-de","category-geschichte","category-kunst","category-kuriositaten","category-tradition-de","tag-amalfi-de","tag-ausfluge","tag-im-freien","tag-kultur","tag-wanderungen"],"yoast_head":"<!-- This site is optimized with the Yoast SEO plugin v27.3 - https:\/\/yoast.com\/product\/yoast-seo-wordpress\/ -->\n<title>Alessandro ist in einer Gegend geboren und aufgewachsen, die er liebt und die ihn jeden Tag inspiriert! - Visit Amalfi<\/title>\n<meta name=\"description\" content=\"Die authentischen Aromen der Amalfik\u00fcste und das Land und das Meer von Amalfi werden sich f\u00fcr immer in Ihr Herz einpr\u00e4gen.\" \/>\n<meta name=\"robots\" content=\"index, follow, max-snippet:-1, max-image-preview:large, max-video-preview:-1\" \/>\n<link rel=\"canonical\" href=\"https:\/\/www.visitamalfi.info\/de\/die-4-schattierungen-von-amalfi-tastes-5\/\" \/>\n<meta property=\"og:locale\" content=\"de_DE\" \/>\n<meta property=\"og:type\" content=\"article\" \/>\n<meta property=\"og:title\" content=\"Alessandro ist in einer Gegend geboren und aufgewachsen, die er liebt und die ihn jeden Tag inspiriert! - Visit Amalfi\" \/>\n<meta property=\"og:description\" content=\"Die authentischen Aromen der Amalfik\u00fcste und das Land und das Meer von Amalfi werden sich f\u00fcr immer in Ihr Herz einpr\u00e4gen.\" \/>\n<meta property=\"og:url\" content=\"https:\/\/www.visitamalfi.info\/de\/die-4-schattierungen-von-amalfi-tastes-5\/\" \/>\n<meta property=\"og:site_name\" content=\"Visit Amalfi\" \/>\n<meta property=\"article:publisher\" content=\"https:\/\/www.facebook.com\/visitamalfiofficial\" \/>\n<meta property=\"article:published_time\" content=\"2024-10-03T11:33:49+00:00\" \/>\n<meta property=\"article:modified_time\" content=\"2024-10-03T11:46:32+00:00\" \/>\n<meta property=\"og:image\" content=\"https:\/\/www.visitamalfi.info\/wp-content\/uploads\/2023\/06\/DSC_4323-copia-2-e1698939519398.jpg\" \/>\n\t<meta property=\"og:image:width\" content=\"1280\" \/>\n\t<meta property=\"og:image:height\" content=\"1920\" \/>\n\t<meta property=\"og:image:type\" content=\"image\/jpeg\" \/>\n<meta name=\"author\" content=\"Federica Dumont\" \/>\n<meta name=\"twitter:card\" content=\"summary_large_image\" \/>\n<meta name=\"twitter:label1\" content=\"Verfasst von\" \/>\n\t<meta name=\"twitter:data1\" content=\"Federica Dumont\" \/>\n\t<meta name=\"twitter:label2\" content=\"Gesch\u00e4tzte Lesezeit\" \/>\n\t<meta name=\"twitter:data2\" content=\"4\u00a0Minuten\" \/>\n<script type=\"application\/ld+json\" class=\"yoast-schema-graph\">{\"@context\":\"https:\\\/\\\/schema.org\",\"@graph\":[{\"@type\":\"Article\",\"@id\":\"https:\\\/\\\/www.visitamalfi.info\\\/de\\\/die-4-schattierungen-von-amalfi-tastes-5\\\/#article\",\"isPartOf\":{\"@id\":\"https:\\\/\\\/www.visitamalfi.info\\\/de\\\/die-4-schattierungen-von-amalfi-tastes-5\\\/\"},\"author\":{\"name\":\"Federica Dumont\",\"@id\":\"https:\\\/\\\/www.visitamalfi.info\\\/de\\\/#\\\/schema\\\/person\\\/0c7584af846d5d2da6c69f7e68f3af96\"},\"headline\":\"Alessandro ist in einer Gegend geboren und aufgewachsen, die er liebt und die ihn jeden Tag inspiriert!\",\"datePublished\":\"2024-10-03T11:33:49+00:00\",\"dateModified\":\"2024-10-03T11:46:32+00:00\",\"mainEntityOfPage\":{\"@id\":\"https:\\\/\\\/www.visitamalfi.info\\\/de\\\/die-4-schattierungen-von-amalfi-tastes-5\\\/\"},\"wordCount\":325,\"publisher\":{\"@id\":\"https:\\\/\\\/www.visitamalfi.info\\\/de\\\/#organization\"},\"image\":{\"@id\":\"https:\\\/\\\/www.visitamalfi.info\\\/de\\\/die-4-schattierungen-von-amalfi-tastes-5\\\/#primaryimage\"},\"thumbnailUrl\":\"https:\\\/\\\/www.visitamalfi.info\\\/wp-content\\\/uploads\\\/2023\\\/06\\\/DSC_4323-copia-2-e1698939519398.jpg\",\"keywords\":[\"amalfi\",\"Ausfl\u00fcge\",\"im Freien\",\"Kultur\",\"Wanderungen\"],\"articleSection\":[\"Ausfl\u00fcge\",\"Consigli di viaggio\",\"Geschichte\",\"Kunst\",\"Kuriosit\u00e4ten\",\"Tradition\"],\"inLanguage\":\"de\"},{\"@type\":\"WebPage\",\"@id\":\"https:\\\/\\\/www.visitamalfi.info\\\/de\\\/die-4-schattierungen-von-amalfi-tastes-5\\\/\",\"url\":\"https:\\\/\\\/www.visitamalfi.info\\\/de\\\/die-4-schattierungen-von-amalfi-tastes-5\\\/\",\"name\":\"Alessandro ist in einer Gegend geboren und aufgewachsen, die er liebt und die ihn jeden Tag inspiriert! - Visit Amalfi\",\"isPartOf\":{\"@id\":\"https:\\\/\\\/www.visitamalfi.info\\\/de\\\/#website\"},\"primaryImageOfPage\":{\"@id\":\"https:\\\/\\\/www.visitamalfi.info\\\/de\\\/die-4-schattierungen-von-amalfi-tastes-5\\\/#primaryimage\"},\"image\":{\"@id\":\"https:\\\/\\\/www.visitamalfi.info\\\/de\\\/die-4-schattierungen-von-amalfi-tastes-5\\\/#primaryimage\"},\"thumbnailUrl\":\"https:\\\/\\\/www.visitamalfi.info\\\/wp-content\\\/uploads\\\/2023\\\/06\\\/DSC_4323-copia-2-e1698939519398.jpg\",\"datePublished\":\"2024-10-03T11:33:49+00:00\",\"dateModified\":\"2024-10-03T11:46:32+00:00\",\"description\":\"Die authentischen Aromen der Amalfik\u00fcste und das Land und das Meer von Amalfi werden sich f\u00fcr immer in Ihr Herz einpr\u00e4gen.\",\"breadcrumb\":{\"@id\":\"https:\\\/\\\/www.visitamalfi.info\\\/de\\\/die-4-schattierungen-von-amalfi-tastes-5\\\/#breadcrumb\"},\"inLanguage\":\"de\",\"potentialAction\":[{\"@type\":\"ReadAction\",\"target\":[\"https:\\\/\\\/www.visitamalfi.info\\\/de\\\/die-4-schattierungen-von-amalfi-tastes-5\\\/\"]}]},{\"@type\":\"ImageObject\",\"inLanguage\":\"de\",\"@id\":\"https:\\\/\\\/www.visitamalfi.info\\\/de\\\/die-4-schattierungen-von-amalfi-tastes-5\\\/#primaryimage\",\"url\":\"https:\\\/\\\/www.visitamalfi.info\\\/wp-content\\\/uploads\\\/2023\\\/06\\\/DSC_4323-copia-2-e1698939519398.jpg\",\"contentUrl\":\"https:\\\/\\\/www.visitamalfi.info\\\/wp-content\\\/uploads\\\/2023\\\/06\\\/DSC_4323-copia-2-e1698939519398.jpg\",\"width\":1280,\"height\":1920},{\"@type\":\"BreadcrumbList\",\"@id\":\"https:\\\/\\\/www.visitamalfi.info\\\/de\\\/die-4-schattierungen-von-amalfi-tastes-5\\\/#breadcrumb\",\"itemListElement\":[{\"@type\":\"ListItem\",\"position\":1,\"name\":\"Home\",\"item\":\"https:\\\/\\\/www.visitamalfi.info\\\/de\\\/\"},{\"@type\":\"ListItem\",\"position\":2,\"name\":\"Alessandro ist in einer Gegend geboren und aufgewachsen, die er liebt und die ihn jeden Tag inspiriert!\"}]},{\"@type\":\"WebSite\",\"@id\":\"https:\\\/\\\/www.visitamalfi.info\\\/de\\\/#website\",\"url\":\"https:\\\/\\\/www.visitamalfi.info\\\/de\\\/\",\"name\":\"Visit Amalfi\",\"description\":\"Amalfi Destination Official Website\",\"publisher\":{\"@id\":\"https:\\\/\\\/www.visitamalfi.info\\\/de\\\/#organization\"},\"potentialAction\":[{\"@type\":\"SearchAction\",\"target\":{\"@type\":\"EntryPoint\",\"urlTemplate\":\"https:\\\/\\\/www.visitamalfi.info\\\/de\\\/?s={search_term_string}\"},\"query-input\":{\"@type\":\"PropertyValueSpecification\",\"valueRequired\":true,\"valueName\":\"search_term_string\"}}],\"inLanguage\":\"de\"},{\"@type\":\"Organization\",\"@id\":\"https:\\\/\\\/www.visitamalfi.info\\\/de\\\/#organization\",\"name\":\"Visit Amalfi\",\"url\":\"https:\\\/\\\/www.visitamalfi.info\\\/de\\\/\",\"logo\":{\"@type\":\"ImageObject\",\"inLanguage\":\"de\",\"@id\":\"https:\\\/\\\/www.visitamalfi.info\\\/de\\\/#\\\/schema\\\/logo\\\/image\\\/\",\"url\":\"https:\\\/\\\/www.visitamalfi.info\\\/wp-content\\\/uploads\\\/2023\\\/04\\\/visit-amalfi-logo-web.png\",\"contentUrl\":\"https:\\\/\\\/www.visitamalfi.info\\\/wp-content\\\/uploads\\\/2023\\\/04\\\/visit-amalfi-logo-web.png\",\"width\":800,\"height\":870,\"caption\":\"Visit Amalfi\"},\"image\":{\"@id\":\"https:\\\/\\\/www.visitamalfi.info\\\/de\\\/#\\\/schema\\\/logo\\\/image\\\/\"},\"sameAs\":[\"https:\\\/\\\/www.facebook.com\\\/visitamalfiofficial\",\"https:\\\/\\\/www.instagram.com\\\/visitamalfiofficial\\\/\"]},{\"@type\":\"Person\",\"@id\":\"https:\\\/\\\/www.visitamalfi.info\\\/de\\\/#\\\/schema\\\/person\\\/0c7584af846d5d2da6c69f7e68f3af96\",\"name\":\"Federica Dumont\",\"image\":{\"@type\":\"ImageObject\",\"inLanguage\":\"de\",\"@id\":\"https:\\\/\\\/secure.gravatar.com\\\/avatar\\\/0803dab414b6c6f1fd2399680f587870a020419b6ebe9d36dd75df06a6a68060?s=96&d=mm&r=g\",\"url\":\"https:\\\/\\\/secure.gravatar.com\\\/avatar\\\/0803dab414b6c6f1fd2399680f587870a020419b6ebe9d36dd75df06a6a68060?s=96&d=mm&r=g\",\"contentUrl\":\"https:\\\/\\\/secure.gravatar.com\\\/avatar\\\/0803dab414b6c6f1fd2399680f587870a020419b6ebe9d36dd75df06a6a68060?s=96&d=mm&r=g\",\"caption\":\"Federica Dumont\"},\"url\":\"https:\\\/\\\/www.visitamalfi.info\\\/de\\\/author\\\/federica\\\/\"}]}<\/script>\n<!-- \/ Yoast SEO plugin. -->","yoast_head_json":{"title":"Alessandro ist in einer Gegend geboren und aufgewachsen, die er liebt und die ihn jeden Tag inspiriert! - Visit Amalfi","description":"Die authentischen Aromen der Amalfik\u00fcste und das Land und das Meer von Amalfi werden sich f\u00fcr immer in Ihr Herz einpr\u00e4gen.","robots":{"index":"index","follow":"follow","max-snippet":"max-snippet:-1","max-image-preview":"max-image-preview:large","max-video-preview":"max-video-preview:-1"},"canonical":"https:\/\/www.visitamalfi.info\/de\/die-4-schattierungen-von-amalfi-tastes-5\/","og_locale":"de_DE","og_type":"article","og_title":"Alessandro ist in einer Gegend geboren und aufgewachsen, die er liebt und die ihn jeden Tag inspiriert! - Visit Amalfi","og_description":"Die authentischen Aromen der Amalfik\u00fcste und das Land und das Meer von Amalfi werden sich f\u00fcr immer in Ihr Herz einpr\u00e4gen.","og_url":"https:\/\/www.visitamalfi.info\/de\/die-4-schattierungen-von-amalfi-tastes-5\/","og_site_name":"Visit Amalfi","article_publisher":"https:\/\/www.facebook.com\/visitamalfiofficial","article_published_time":"2024-10-03T11:33:49+00:00","article_modified_time":"2024-10-03T11:46:32+00:00","og_image":[{"width":1280,"height":1920,"url":"https:\/\/www.visitamalfi.info\/wp-content\/uploads\/2023\/06\/DSC_4323-copia-2-e1698939519398.jpg","type":"image\/jpeg"}],"author":"Federica Dumont","twitter_card":"summary_large_image","twitter_misc":{"Verfasst von":"Federica Dumont","Gesch\u00e4tzte Lesezeit":"4\u00a0Minuten"},"schema":{"@context":"https:\/\/schema.org","@graph":[{"@type":"Article","@id":"https:\/\/www.visitamalfi.info\/de\/die-4-schattierungen-von-amalfi-tastes-5\/#article","isPartOf":{"@id":"https:\/\/www.visitamalfi.info\/de\/die-4-schattierungen-von-amalfi-tastes-5\/"},"author":{"name":"Federica Dumont","@id":"https:\/\/www.visitamalfi.info\/de\/#\/schema\/person\/0c7584af846d5d2da6c69f7e68f3af96"},"headline":"Alessandro ist in einer Gegend geboren und aufgewachsen, die er liebt und die ihn jeden Tag inspiriert!","datePublished":"2024-10-03T11:33:49+00:00","dateModified":"2024-10-03T11:46:32+00:00","mainEntityOfPage":{"@id":"https:\/\/www.visitamalfi.info\/de\/die-4-schattierungen-von-amalfi-tastes-5\/"},"wordCount":325,"publisher":{"@id":"https:\/\/www.visitamalfi.info\/de\/#organization"},"image":{"@id":"https:\/\/www.visitamalfi.info\/de\/die-4-schattierungen-von-amalfi-tastes-5\/#primaryimage"},"thumbnailUrl":"https:\/\/www.visitamalfi.info\/wp-content\/uploads\/2023\/06\/DSC_4323-copia-2-e1698939519398.jpg","keywords":["amalfi","Ausfl\u00fcge","im Freien","Kultur","Wanderungen"],"articleSection":["Ausfl\u00fcge","Consigli di viaggio","Geschichte","Kunst","Kuriosit\u00e4ten","Tradition"],"inLanguage":"de"},{"@type":"WebPage","@id":"https:\/\/www.visitamalfi.info\/de\/die-4-schattierungen-von-amalfi-tastes-5\/","url":"https:\/\/www.visitamalfi.info\/de\/die-4-schattierungen-von-amalfi-tastes-5\/","name":"Alessandro ist in einer Gegend geboren und aufgewachsen, die er liebt und die ihn jeden Tag inspiriert! - Visit Amalfi","isPartOf":{"@id":"https:\/\/www.visitamalfi.info\/de\/#website"},"primaryImageOfPage":{"@id":"https:\/\/www.visitamalfi.info\/de\/die-4-schattierungen-von-amalfi-tastes-5\/#primaryimage"},"image":{"@id":"https:\/\/www.visitamalfi.info\/de\/die-4-schattierungen-von-amalfi-tastes-5\/#primaryimage"},"thumbnailUrl":"https:\/\/www.visitamalfi.info\/wp-content\/uploads\/2023\/06\/DSC_4323-copia-2-e1698939519398.jpg","datePublished":"2024-10-03T11:33:49+00:00","dateModified":"2024-10-03T11:46:32+00:00","description":"Die authentischen Aromen der Amalfik\u00fcste und das Land und das Meer von Amalfi werden sich f\u00fcr immer in Ihr Herz einpr\u00e4gen.","breadcrumb":{"@id":"https:\/\/www.visitamalfi.info\/de\/die-4-schattierungen-von-amalfi-tastes-5\/#breadcrumb"},"inLanguage":"de","potentialAction":[{"@type":"ReadAction","target":["https:\/\/www.visitamalfi.info\/de\/die-4-schattierungen-von-amalfi-tastes-5\/"]}]},{"@type":"ImageObject","inLanguage":"de","@id":"https:\/\/www.visitamalfi.info\/de\/die-4-schattierungen-von-amalfi-tastes-5\/#primaryimage","url":"https:\/\/www.visitamalfi.info\/wp-content\/uploads\/2023\/06\/DSC_4323-copia-2-e1698939519398.jpg","contentUrl":"https:\/\/www.visitamalfi.info\/wp-content\/uploads\/2023\/06\/DSC_4323-copia-2-e1698939519398.jpg","width":1280,"height":1920},{"@type":"BreadcrumbList","@id":"https:\/\/www.visitamalfi.info\/de\/die-4-schattierungen-von-amalfi-tastes-5\/#breadcrumb","itemListElement":[{"@type":"ListItem","position":1,"name":"Home","item":"https:\/\/www.visitamalfi.info\/de\/"},{"@type":"ListItem","position":2,"name":"Alessandro ist in einer Gegend geboren und aufgewachsen, die er liebt und die ihn jeden Tag inspiriert!"}]},{"@type":"WebSite","@id":"https:\/\/www.visitamalfi.info\/de\/#website","url":"https:\/\/www.visitamalfi.info\/de\/","name":"Visit Amalfi","description":"Amalfi Destination Official Website","publisher":{"@id":"https:\/\/www.visitamalfi.info\/de\/#organization"},"potentialAction":[{"@type":"SearchAction","target":{"@type":"EntryPoint","urlTemplate":"https:\/\/www.visitamalfi.info\/de\/?s={search_term_string}"},"query-input":{"@type":"PropertyValueSpecification","valueRequired":true,"valueName":"search_term_string"}}],"inLanguage":"de"},{"@type":"Organization","@id":"https:\/\/www.visitamalfi.info\/de\/#organization","name":"Visit Amalfi","url":"https:\/\/www.visitamalfi.info\/de\/","logo":{"@type":"ImageObject","inLanguage":"de","@id":"https:\/\/www.visitamalfi.info\/de\/#\/schema\/logo\/image\/","url":"https:\/\/www.visitamalfi.info\/wp-content\/uploads\/2023\/04\/visit-amalfi-logo-web.png","contentUrl":"https:\/\/www.visitamalfi.info\/wp-content\/uploads\/2023\/04\/visit-amalfi-logo-web.png","width":800,"height":870,"caption":"Visit Amalfi"},"image":{"@id":"https:\/\/www.visitamalfi.info\/de\/#\/schema\/logo\/image\/"},"sameAs":["https:\/\/www.facebook.com\/visitamalfiofficial","https:\/\/www.instagram.com\/visitamalfiofficial\/"]},{"@type":"Person","@id":"https:\/\/www.visitamalfi.info\/de\/#\/schema\/person\/0c7584af846d5d2da6c69f7e68f3af96","name":"Federica Dumont","image":{"@type":"ImageObject","inLanguage":"de","@id":"https:\/\/secure.gravatar.com\/avatar\/0803dab414b6c6f1fd2399680f587870a020419b6ebe9d36dd75df06a6a68060?s=96&d=mm&r=g","url":"https:\/\/secure.gravatar.com\/avatar\/0803dab414b6c6f1fd2399680f587870a020419b6ebe9d36dd75df06a6a68060?s=96&d=mm&r=g","contentUrl":"https:\/\/secure.gravatar.com\/avatar\/0803dab414b6c6f1fd2399680f587870a020419b6ebe9d36dd75df06a6a68060?s=96&d=mm&r=g","caption":"Federica Dumont"},"url":"https:\/\/www.visitamalfi.info\/de\/author\/federica\/"}]}},"_links":{"self":[{"href":"https:\/\/www.visitamalfi.info\/de\/wp-json\/wp\/v2\/posts\/19972","targetHints":{"allow":["GET"]}}],"collection":[{"href":"https:\/\/www.visitamalfi.info\/de\/wp-json\/wp\/v2\/posts"}],"about":[{"href":"https:\/\/www.visitamalfi.info\/de\/wp-json\/wp\/v2\/types\/post"}],"author":[{"embeddable":true,"href":"https:\/\/www.visitamalfi.info\/de\/wp-json\/wp\/v2\/users\/7"}],"replies":[{"embeddable":true,"href":"https:\/\/www.visitamalfi.info\/de\/wp-json\/wp\/v2\/comments?post=19972"}],"version-history":[{"count":3,"href":"https:\/\/www.visitamalfi.info\/de\/wp-json\/wp\/v2\/posts\/19972\/revisions"}],"predecessor-version":[{"id":20005,"href":"https:\/\/www.visitamalfi.info\/de\/wp-json\/wp\/v2\/posts\/19972\/revisions\/20005"}],"wp:featuredmedia":[{"embeddable":true,"href":"https:\/\/www.visitamalfi.info\/de\/wp-json\/wp\/v2\/media\/9109"}],"wp:attachment":[{"href":"https:\/\/www.visitamalfi.info\/de\/wp-json\/wp\/v2\/media?parent=19972"}],"wp:term":[{"taxonomy":"category","embeddable":true,"href":"https:\/\/www.visitamalfi.info\/de\/wp-json\/wp\/v2\/categories?post=19972"},{"taxonomy":"post_tag","embeddable":true,"href":"https:\/\/www.visitamalfi.info\/de\/wp-json\/wp\/v2\/tags?post=19972"}],"curies":[{"name":"wp","href":"https:\/\/api.w.org\/{rel}","templated":true}]}}