{"id":19147,"date":"2024-06-10T11:24:54","date_gmt":"2024-06-10T09:24:54","guid":{"rendered":"https:\/\/www.visitamalfi.info\/amalfi-sommerfest-2024\/"},"modified":"2024-06-10T11:31:00","modified_gmt":"2024-06-10T09:31:00","slug":"amalfi-sommerfest-2024","status":"publish","type":"post","link":"https:\/\/www.visitamalfi.info\/de\/amalfi-sommerfest-2024\/","title":{"rendered":"Amalfi Sommerfest 2024"},"content":{"rendered":"<p>Arisa, Simona Molinari, Paolo Belli und seine Big Band, Frankie &amp; Canthina Band, Maurizio De Giovanni: die gro\u00dfen Konzerte und Shows des Sommers in Amalfi. Amalfi im Jazz, das Sunset Concert, Discoabende. Neuheiten sind das Vinyl-Set auf der Piazza Duomo und die Theaterrevue Scene d&#8217;aMare: alle 2024-Events werden von der Gemeinde Amalfi bei freiem Eintritt gef\u00f6rdert.<\/p>\n<p>Die Stadt Amalfi verwandelt sich in ein gro\u00dfes nat\u00fcrliches Amphitheater &#8216;en plein air&#8217;. Mit dem &#8216;Amalfi Summer Fest&#8217;, dem von der Gemeindeverwaltung unter der Leitung von B\u00fcrgermeister Daniele Milano gef\u00f6rderten Veranstaltungsprogramm, wird die Magie des Sommers im Namen von Musik, Theater, Literatur und Kunst zum Leben erweckt.<\/p>\n<p>Arisa, Simona Molinari, Paolo Belli mit seiner Big Band, Ana Carla Maza, Matthew Lee sind nur einige der gro\u00dfen K\u00fcnstler, die diesen Sommer in Amalfi auftreten werden, einer der faszinierendsten B\u00fchnen der Welt, die au\u00dfergew\u00f6hnliche Orte ber\u00fchrt, vom Dom bis zu den intimsten und verstecktesten Ecken der Stadt oder weiter oben, an den H\u00e4ngen der h\u00f6chsten D\u00f6rfer auf Aussichtspunkten von \u00fcberw\u00e4ltigender Sch\u00f6nheit.<\/p>\n<p>Das Amalfi Summer Fest best\u00e4tigt sich somit als Referenzpunkt an der Amalfik\u00fcste, in einem Crossover der Genres, das italienische Musik in einer tanzbaren Tonart, funkige und soulige Verunreinigungen, Rock, schwarze Musik, Latin Jazz, Bossa Nova und Gospel-Atmosph\u00e4ren umfasst. Ein Groove mit starker emotionaler Wirkung, der Popmusik und die Energie des Discotanzes kreuzt, f\u00fcr einen unvergesslichen Sommer, der durch die Architektur der Kathedrale und die monumentale Treppe, die beleuchtet wird, noch eindrucksvoller wird. Amalfi in Jazz, das atemberaubende Sonnenuntergangskonzert auf den herrlichen Panoramaterrassen mit Blick auf das Meer, die faszinierenden Feierlichkeiten zum byzantinischen Neujahrsfest, einschlie\u00dflich historischer Nachstellungen, der Amtseinf\u00fchrung des Magisters, Feuershows und Konzerten auf der Piazza Duomo.<\/p>\n<p>Es wird auch eine Feier des Motown Sound und seiner Rolle in den 1960er Jahren bei der Verbreitung des R&amp;B-Genres und der Rassenintegration in der Popmusik sein: eine Hommage an das kreative Genie gro\u00dfer Musiker, die zu Legenden der Musikgeschichte wurden.<\/p>\n<p>Nach dem gro\u00dfen Erfolg der Cover Night im letzten Jahr kehrt die pure und st\u00f6rende Energie der Discomusik auf dem Platz auf vielfachen Wunsch zur\u00fcck, mit einem speziellen Live-Set, bei dem ausschlie\u00dflich Vinyl-Schallplatten verwendet werden.<\/p>\n<p>Neu in dieser Ausgabe ist die Rassegna &#8220;Scene d&#8217;aMare&#8221;, zwischen Theater und Literatur: zwei Termine, die das Sommerprogramm bereichern werden, an dem unter anderem der Schriftsteller Maurizio De Giovanni, die Schauspieler Paolo Cresta, Rosaria De Cicco, Alessio Sica, Marianita Carfora, Alfredo Mundo, Riccardo Maio, Gennaro Monti, Debora Sacco, Michele Costantino und Musiker der gro\u00dfen Jazzschule Kampaniens teilnehmen.<\/p>\n<p>Ein dichtes und wachsendes Veranstaltungsprogramm, das auch von Borghi in Festa begleitet wird, der Wanderrevue durch die D\u00f6rfer von Amalfi auf einer sensorischen Reise auf der Suche nach dem gro\u00dfen Identit\u00e4tserbe und der gro\u00dfen Melodie des italienischen und klassischen Gesangs. Au\u00dferdem gibt es den Kindersommer, das exklusive Programm f\u00fcr Kinder, und gro\u00dfe Ausstellungen.<\/p>\n<p>&#8220;Das Amalfi Summer Fest ist ein kulturelles und k\u00fcnstlerisches Angebot von gro\u00dfer Bandbreite, abwechslungsreich, um gemeinsam Momente der Unbeschwertheit und Freude zu erleben &#8211; unterstreicht B\u00fcrgermeister Daniele Milano &#8211; In den letzten Ausgaben haben wir Rekordbesucherzahlen verzeichnet. Es handelt sich um ein Veranstaltungsprogramm, das all unseren B\u00fcrgern, jungen Leuten und allen internationalen Touristen, die Amalfi als Reiseziel gew\u00e4hlt haben, Freude bereiten soll. Spezielle Routen, um Amalfi, seine Sehensw\u00fcrdigkeiten, sein historisches und identit\u00e4tsstiftendes Erbe und seine Sch\u00f6nheit zu entdecken. Das Amalfi Summer Fest f\u00fcgt sich in diese Vision ein, um Dynamik und Vitalit\u00e4t zu schaffen, mit freien Terminen, denn Kultur kennt keine Grenzen&#8221;.<\/p>\n<p>&#8220;Die Piazza Duomo verwandelt sich in ein elegantes Wohnzimmer, mit stimmungsvoller Musik unter dem Sternenhimmel. Die Lichter gehen aus, nur die Architektur des Doms wird beleuchtet, und die Poesie \u00f6ffnet sich dem Blick des Zuschauers. Dies ist eines der st\u00e4rksten und eindrucksvollsten Bilder des Amalfi Summer Fest&#8221;, erkl\u00e4rt Enza Cobalto, die f\u00fcr Veranstaltungen zust\u00e4ndige Stadtr\u00e4tin und Kuratorin des Sommerprogramms: &#8220;Das Festival zeichnet sich durch seine internationale Ausrichtung aus. Die Grundidee hinter der k\u00fcnstlerischen Auswahl ist es, Momente der Unterhaltung zu schaffen, die der Stadt gewidmet sind und den Touristen den Aufenthalt in Amalfi angenehm machen. Wir werden Jazz in all seinen Nuancen erleben, von Interplay und Jazzimprovisation bis hin zu Pop-Jazz, mit gro\u00dfen italienischen und internationalen Stimmen, darunter Simona Molinari und Ana Carla Maza. Wir werden von der Magie des akustischen Sunset Concert mit Lucy Kiely und Cherubino Fariello mitgerissen werden. Wir werden mit der Big Band von Paolo Belli und mitrei\u00dfenden Shows tanzen, die von gro\u00dfer italienischer Musik inspiriert sind, die in einer Disco-Musik-Tonart neu gemischt wurde. Wir werden die sch\u00f6nsten Ecken Amalfis mit Borghi in Festa entdecken, die in das Veranstaltungsprogramm aufgenommen werden. Und das gro\u00dfe Finale mit dem byzantinischen Neujahr und einer unglaublichen K\u00fcnstlerin, Arisa, einer au\u00dfergew\u00f6hnlichen Stimme f\u00fcr einen exklusiven Abend auf der Piazza Duomo&#8221;.<\/p>\n<p>Bearbeitet von:<\/p>\n<p>Pressestelle &#8211; Stadt Amalfi<\/p>\n<p>Entdecken Sie das Programm in der Rubrik <a href=\"https:\/\/www.visitamalfi.info\/eventi\/\">Veranstaltungen<\/a> auf unserer Website und genie\u00dfen Sie den Sommer in Amalfi!<\/p>\n","protected":false},"excerpt":{"rendered":"<p>Arisa, Simona Molinari, Paolo Belli und seine Big Band, Frankie &amp; Canthina Band, Maurizio De Giovanni: die gro\u00dfen Konzerte und Shows des Sommers in Amalfi. Amalfi im Jazz, das Sunset [&hellip;]<\/p>\n","protected":false},"author":7,"featured_media":5279,"comment_status":"open","ping_status":"closed","sticky":false,"template":"","format":"standard","meta":{"inline_featured_image":false,"footnotes":""},"categories":[896,816,818],"tags":[262,1731,1732],"class_list":["post-19147","post","type-post","status-publish","format-standard","has-post-thumbnail","hentry","category-consigli-di-viaggio-de","category-eventi-de","category-tradition-de","tag-amalfi-de","tag-amalfi-sommer-24","tag-ereignisse"],"yoast_head":"<!-- This site is optimized with the Yoast SEO plugin v27.3 - https:\/\/yoast.com\/product\/yoast-seo-wordpress\/ -->\n<title>Amalfi Sommerfest 2024 - Visit Amalfi<\/title>\n<meta name=\"robots\" content=\"index, follow, max-snippet:-1, max-image-preview:large, max-video-preview:-1\" \/>\n<link rel=\"canonical\" href=\"https:\/\/www.visitamalfi.info\/de\/amalfi-sommerfest-2024\/\" \/>\n<meta property=\"og:locale\" content=\"de_DE\" \/>\n<meta property=\"og:type\" content=\"article\" \/>\n<meta property=\"og:title\" content=\"Amalfi Sommerfest 2024 - Visit Amalfi\" \/>\n<meta property=\"og:description\" content=\"Arisa, Simona Molinari, Paolo Belli und seine Big Band, Frankie &amp; Canthina Band, Maurizio De Giovanni: die gro\u00dfen Konzerte und Shows des Sommers in Amalfi. Amalfi im Jazz, das Sunset [&hellip;]\" \/>\n<meta property=\"og:url\" content=\"https:\/\/www.visitamalfi.info\/de\/amalfi-sommerfest-2024\/\" \/>\n<meta property=\"og:site_name\" content=\"Visit Amalfi\" \/>\n<meta property=\"article:publisher\" content=\"https:\/\/www.facebook.com\/visitamalfiofficial\" \/>\n<meta property=\"article:published_time\" content=\"2024-06-10T09:24:54+00:00\" \/>\n<meta property=\"article:modified_time\" content=\"2024-06-10T09:31:00+00:00\" \/>\n<meta property=\"og:image\" content=\"https:\/\/www.visitamalfi.info\/wp-content\/uploads\/2023\/07\/eventi.jpg\" \/>\n\t<meta property=\"og:image:width\" content=\"1920\" \/>\n\t<meta property=\"og:image:height\" content=\"886\" \/>\n\t<meta property=\"og:image:type\" content=\"image\/jpeg\" \/>\n<meta name=\"author\" content=\"Federica Dumont\" \/>\n<meta name=\"twitter:card\" content=\"summary_large_image\" \/>\n<meta name=\"twitter:label1\" content=\"Verfasst von\" \/>\n\t<meta name=\"twitter:data1\" content=\"Federica Dumont\" \/>\n\t<meta name=\"twitter:label2\" content=\"Gesch\u00e4tzte Lesezeit\" \/>\n\t<meta name=\"twitter:data2\" content=\"4\u00a0Minuten\" \/>\n<script type=\"application\/ld+json\" class=\"yoast-schema-graph\">{\"@context\":\"https:\\\/\\\/schema.org\",\"@graph\":[{\"@type\":\"Article\",\"@id\":\"https:\\\/\\\/www.visitamalfi.info\\\/de\\\/amalfi-sommerfest-2024\\\/#article\",\"isPartOf\":{\"@id\":\"https:\\\/\\\/www.visitamalfi.info\\\/de\\\/amalfi-sommerfest-2024\\\/\"},\"author\":{\"name\":\"Federica Dumont\",\"@id\":\"https:\\\/\\\/www.visitamalfi.info\\\/de\\\/#\\\/schema\\\/person\\\/0c7584af846d5d2da6c69f7e68f3af96\"},\"headline\":\"Amalfi Sommerfest 2024\",\"datePublished\":\"2024-06-10T09:24:54+00:00\",\"dateModified\":\"2024-06-10T09:31:00+00:00\",\"mainEntityOfPage\":{\"@id\":\"https:\\\/\\\/www.visitamalfi.info\\\/de\\\/amalfi-sommerfest-2024\\\/\"},\"wordCount\":861,\"commentCount\":0,\"publisher\":{\"@id\":\"https:\\\/\\\/www.visitamalfi.info\\\/de\\\/#organization\"},\"image\":{\"@id\":\"https:\\\/\\\/www.visitamalfi.info\\\/de\\\/amalfi-sommerfest-2024\\\/#primaryimage\"},\"thumbnailUrl\":\"https:\\\/\\\/www.visitamalfi.info\\\/wp-content\\\/uploads\\\/2023\\\/07\\\/eventi.jpg\",\"keywords\":[\"amalfi\",\"amalfi sommer 24\",\"Ereignisse\"],\"articleSection\":[\"Consigli di viaggio\",\"Eventi\",\"Tradition\"],\"inLanguage\":\"de\",\"potentialAction\":[{\"@type\":\"CommentAction\",\"name\":\"Comment\",\"target\":[\"https:\\\/\\\/www.visitamalfi.info\\\/de\\\/amalfi-sommerfest-2024\\\/#respond\"]}]},{\"@type\":\"WebPage\",\"@id\":\"https:\\\/\\\/www.visitamalfi.info\\\/de\\\/amalfi-sommerfest-2024\\\/\",\"url\":\"https:\\\/\\\/www.visitamalfi.info\\\/de\\\/amalfi-sommerfest-2024\\\/\",\"name\":\"Amalfi Sommerfest 2024 - Visit Amalfi\",\"isPartOf\":{\"@id\":\"https:\\\/\\\/www.visitamalfi.info\\\/de\\\/#website\"},\"primaryImageOfPage\":{\"@id\":\"https:\\\/\\\/www.visitamalfi.info\\\/de\\\/amalfi-sommerfest-2024\\\/#primaryimage\"},\"image\":{\"@id\":\"https:\\\/\\\/www.visitamalfi.info\\\/de\\\/amalfi-sommerfest-2024\\\/#primaryimage\"},\"thumbnailUrl\":\"https:\\\/\\\/www.visitamalfi.info\\\/wp-content\\\/uploads\\\/2023\\\/07\\\/eventi.jpg\",\"datePublished\":\"2024-06-10T09:24:54+00:00\",\"dateModified\":\"2024-06-10T09:31:00+00:00\",\"breadcrumb\":{\"@id\":\"https:\\\/\\\/www.visitamalfi.info\\\/de\\\/amalfi-sommerfest-2024\\\/#breadcrumb\"},\"inLanguage\":\"de\",\"potentialAction\":[{\"@type\":\"ReadAction\",\"target\":[\"https:\\\/\\\/www.visitamalfi.info\\\/de\\\/amalfi-sommerfest-2024\\\/\"]}]},{\"@type\":\"ImageObject\",\"inLanguage\":\"de\",\"@id\":\"https:\\\/\\\/www.visitamalfi.info\\\/de\\\/amalfi-sommerfest-2024\\\/#primaryimage\",\"url\":\"https:\\\/\\\/www.visitamalfi.info\\\/wp-content\\\/uploads\\\/2023\\\/07\\\/eventi.jpg\",\"contentUrl\":\"https:\\\/\\\/www.visitamalfi.info\\\/wp-content\\\/uploads\\\/2023\\\/07\\\/eventi.jpg\",\"width\":1920,\"height\":886},{\"@type\":\"BreadcrumbList\",\"@id\":\"https:\\\/\\\/www.visitamalfi.info\\\/de\\\/amalfi-sommerfest-2024\\\/#breadcrumb\",\"itemListElement\":[{\"@type\":\"ListItem\",\"position\":1,\"name\":\"Home\",\"item\":\"https:\\\/\\\/www.visitamalfi.info\\\/de\\\/\"},{\"@type\":\"ListItem\",\"position\":2,\"name\":\"Amalfi Sommerfest 2024\"}]},{\"@type\":\"WebSite\",\"@id\":\"https:\\\/\\\/www.visitamalfi.info\\\/de\\\/#website\",\"url\":\"https:\\\/\\\/www.visitamalfi.info\\\/de\\\/\",\"name\":\"Visit Amalfi\",\"description\":\"Amalfi Destination Official Website\",\"publisher\":{\"@id\":\"https:\\\/\\\/www.visitamalfi.info\\\/de\\\/#organization\"},\"potentialAction\":[{\"@type\":\"SearchAction\",\"target\":{\"@type\":\"EntryPoint\",\"urlTemplate\":\"https:\\\/\\\/www.visitamalfi.info\\\/de\\\/?s={search_term_string}\"},\"query-input\":{\"@type\":\"PropertyValueSpecification\",\"valueRequired\":true,\"valueName\":\"search_term_string\"}}],\"inLanguage\":\"de\"},{\"@type\":\"Organization\",\"@id\":\"https:\\\/\\\/www.visitamalfi.info\\\/de\\\/#organization\",\"name\":\"Visit Amalfi\",\"url\":\"https:\\\/\\\/www.visitamalfi.info\\\/de\\\/\",\"logo\":{\"@type\":\"ImageObject\",\"inLanguage\":\"de\",\"@id\":\"https:\\\/\\\/www.visitamalfi.info\\\/de\\\/#\\\/schema\\\/logo\\\/image\\\/\",\"url\":\"https:\\\/\\\/www.visitamalfi.info\\\/wp-content\\\/uploads\\\/2023\\\/04\\\/visit-amalfi-logo-web.png\",\"contentUrl\":\"https:\\\/\\\/www.visitamalfi.info\\\/wp-content\\\/uploads\\\/2023\\\/04\\\/visit-amalfi-logo-web.png\",\"width\":800,\"height\":870,\"caption\":\"Visit Amalfi\"},\"image\":{\"@id\":\"https:\\\/\\\/www.visitamalfi.info\\\/de\\\/#\\\/schema\\\/logo\\\/image\\\/\"},\"sameAs\":[\"https:\\\/\\\/www.facebook.com\\\/visitamalfiofficial\",\"https:\\\/\\\/www.instagram.com\\\/visitamalfiofficial\\\/\"]},{\"@type\":\"Person\",\"@id\":\"https:\\\/\\\/www.visitamalfi.info\\\/de\\\/#\\\/schema\\\/person\\\/0c7584af846d5d2da6c69f7e68f3af96\",\"name\":\"Federica Dumont\",\"image\":{\"@type\":\"ImageObject\",\"inLanguage\":\"de\",\"@id\":\"https:\\\/\\\/secure.gravatar.com\\\/avatar\\\/0803dab414b6c6f1fd2399680f587870a020419b6ebe9d36dd75df06a6a68060?s=96&d=mm&r=g\",\"url\":\"https:\\\/\\\/secure.gravatar.com\\\/avatar\\\/0803dab414b6c6f1fd2399680f587870a020419b6ebe9d36dd75df06a6a68060?s=96&d=mm&r=g\",\"contentUrl\":\"https:\\\/\\\/secure.gravatar.com\\\/avatar\\\/0803dab414b6c6f1fd2399680f587870a020419b6ebe9d36dd75df06a6a68060?s=96&d=mm&r=g\",\"caption\":\"Federica Dumont\"},\"url\":\"https:\\\/\\\/www.visitamalfi.info\\\/de\\\/author\\\/federica\\\/\"}]}<\/script>\n<!-- \/ Yoast SEO plugin. -->","yoast_head_json":{"title":"Amalfi Sommerfest 2024 - Visit Amalfi","robots":{"index":"index","follow":"follow","max-snippet":"max-snippet:-1","max-image-preview":"max-image-preview:large","max-video-preview":"max-video-preview:-1"},"canonical":"https:\/\/www.visitamalfi.info\/de\/amalfi-sommerfest-2024\/","og_locale":"de_DE","og_type":"article","og_title":"Amalfi Sommerfest 2024 - Visit Amalfi","og_description":"Arisa, Simona Molinari, Paolo Belli und seine Big Band, Frankie &amp; Canthina Band, Maurizio De Giovanni: die gro\u00dfen Konzerte und Shows des Sommers in Amalfi. Amalfi im Jazz, das Sunset [&hellip;]","og_url":"https:\/\/www.visitamalfi.info\/de\/amalfi-sommerfest-2024\/","og_site_name":"Visit Amalfi","article_publisher":"https:\/\/www.facebook.com\/visitamalfiofficial","article_published_time":"2024-06-10T09:24:54+00:00","article_modified_time":"2024-06-10T09:31:00+00:00","og_image":[{"width":1920,"height":886,"url":"https:\/\/www.visitamalfi.info\/wp-content\/uploads\/2023\/07\/eventi.jpg","type":"image\/jpeg"}],"author":"Federica Dumont","twitter_card":"summary_large_image","twitter_misc":{"Verfasst von":"Federica Dumont","Gesch\u00e4tzte Lesezeit":"4\u00a0Minuten"},"schema":{"@context":"https:\/\/schema.org","@graph":[{"@type":"Article","@id":"https:\/\/www.visitamalfi.info\/de\/amalfi-sommerfest-2024\/#article","isPartOf":{"@id":"https:\/\/www.visitamalfi.info\/de\/amalfi-sommerfest-2024\/"},"author":{"name":"Federica Dumont","@id":"https:\/\/www.visitamalfi.info\/de\/#\/schema\/person\/0c7584af846d5d2da6c69f7e68f3af96"},"headline":"Amalfi Sommerfest 2024","datePublished":"2024-06-10T09:24:54+00:00","dateModified":"2024-06-10T09:31:00+00:00","mainEntityOfPage":{"@id":"https:\/\/www.visitamalfi.info\/de\/amalfi-sommerfest-2024\/"},"wordCount":861,"commentCount":0,"publisher":{"@id":"https:\/\/www.visitamalfi.info\/de\/#organization"},"image":{"@id":"https:\/\/www.visitamalfi.info\/de\/amalfi-sommerfest-2024\/#primaryimage"},"thumbnailUrl":"https:\/\/www.visitamalfi.info\/wp-content\/uploads\/2023\/07\/eventi.jpg","keywords":["amalfi","amalfi sommer 24","Ereignisse"],"articleSection":["Consigli di viaggio","Eventi","Tradition"],"inLanguage":"de","potentialAction":[{"@type":"CommentAction","name":"Comment","target":["https:\/\/www.visitamalfi.info\/de\/amalfi-sommerfest-2024\/#respond"]}]},{"@type":"WebPage","@id":"https:\/\/www.visitamalfi.info\/de\/amalfi-sommerfest-2024\/","url":"https:\/\/www.visitamalfi.info\/de\/amalfi-sommerfest-2024\/","name":"Amalfi Sommerfest 2024 - Visit Amalfi","isPartOf":{"@id":"https:\/\/www.visitamalfi.info\/de\/#website"},"primaryImageOfPage":{"@id":"https:\/\/www.visitamalfi.info\/de\/amalfi-sommerfest-2024\/#primaryimage"},"image":{"@id":"https:\/\/www.visitamalfi.info\/de\/amalfi-sommerfest-2024\/#primaryimage"},"thumbnailUrl":"https:\/\/www.visitamalfi.info\/wp-content\/uploads\/2023\/07\/eventi.jpg","datePublished":"2024-06-10T09:24:54+00:00","dateModified":"2024-06-10T09:31:00+00:00","breadcrumb":{"@id":"https:\/\/www.visitamalfi.info\/de\/amalfi-sommerfest-2024\/#breadcrumb"},"inLanguage":"de","potentialAction":[{"@type":"ReadAction","target":["https:\/\/www.visitamalfi.info\/de\/amalfi-sommerfest-2024\/"]}]},{"@type":"ImageObject","inLanguage":"de","@id":"https:\/\/www.visitamalfi.info\/de\/amalfi-sommerfest-2024\/#primaryimage","url":"https:\/\/www.visitamalfi.info\/wp-content\/uploads\/2023\/07\/eventi.jpg","contentUrl":"https:\/\/www.visitamalfi.info\/wp-content\/uploads\/2023\/07\/eventi.jpg","width":1920,"height":886},{"@type":"BreadcrumbList","@id":"https:\/\/www.visitamalfi.info\/de\/amalfi-sommerfest-2024\/#breadcrumb","itemListElement":[{"@type":"ListItem","position":1,"name":"Home","item":"https:\/\/www.visitamalfi.info\/de\/"},{"@type":"ListItem","position":2,"name":"Amalfi Sommerfest 2024"}]},{"@type":"WebSite","@id":"https:\/\/www.visitamalfi.info\/de\/#website","url":"https:\/\/www.visitamalfi.info\/de\/","name":"Visit Amalfi","description":"Amalfi Destination Official Website","publisher":{"@id":"https:\/\/www.visitamalfi.info\/de\/#organization"},"potentialAction":[{"@type":"SearchAction","target":{"@type":"EntryPoint","urlTemplate":"https:\/\/www.visitamalfi.info\/de\/?s={search_term_string}"},"query-input":{"@type":"PropertyValueSpecification","valueRequired":true,"valueName":"search_term_string"}}],"inLanguage":"de"},{"@type":"Organization","@id":"https:\/\/www.visitamalfi.info\/de\/#organization","name":"Visit Amalfi","url":"https:\/\/www.visitamalfi.info\/de\/","logo":{"@type":"ImageObject","inLanguage":"de","@id":"https:\/\/www.visitamalfi.info\/de\/#\/schema\/logo\/image\/","url":"https:\/\/www.visitamalfi.info\/wp-content\/uploads\/2023\/04\/visit-amalfi-logo-web.png","contentUrl":"https:\/\/www.visitamalfi.info\/wp-content\/uploads\/2023\/04\/visit-amalfi-logo-web.png","width":800,"height":870,"caption":"Visit Amalfi"},"image":{"@id":"https:\/\/www.visitamalfi.info\/de\/#\/schema\/logo\/image\/"},"sameAs":["https:\/\/www.facebook.com\/visitamalfiofficial","https:\/\/www.instagram.com\/visitamalfiofficial\/"]},{"@type":"Person","@id":"https:\/\/www.visitamalfi.info\/de\/#\/schema\/person\/0c7584af846d5d2da6c69f7e68f3af96","name":"Federica Dumont","image":{"@type":"ImageObject","inLanguage":"de","@id":"https:\/\/secure.gravatar.com\/avatar\/0803dab414b6c6f1fd2399680f587870a020419b6ebe9d36dd75df06a6a68060?s=96&d=mm&r=g","url":"https:\/\/secure.gravatar.com\/avatar\/0803dab414b6c6f1fd2399680f587870a020419b6ebe9d36dd75df06a6a68060?s=96&d=mm&r=g","contentUrl":"https:\/\/secure.gravatar.com\/avatar\/0803dab414b6c6f1fd2399680f587870a020419b6ebe9d36dd75df06a6a68060?s=96&d=mm&r=g","caption":"Federica Dumont"},"url":"https:\/\/www.visitamalfi.info\/de\/author\/federica\/"}]}},"_links":{"self":[{"href":"https:\/\/www.visitamalfi.info\/de\/wp-json\/wp\/v2\/posts\/19147","targetHints":{"allow":["GET"]}}],"collection":[{"href":"https:\/\/www.visitamalfi.info\/de\/wp-json\/wp\/v2\/posts"}],"about":[{"href":"https:\/\/www.visitamalfi.info\/de\/wp-json\/wp\/v2\/types\/post"}],"author":[{"embeddable":true,"href":"https:\/\/www.visitamalfi.info\/de\/wp-json\/wp\/v2\/users\/7"}],"replies":[{"embeddable":true,"href":"https:\/\/www.visitamalfi.info\/de\/wp-json\/wp\/v2\/comments?post=19147"}],"version-history":[{"count":1,"href":"https:\/\/www.visitamalfi.info\/de\/wp-json\/wp\/v2\/posts\/19147\/revisions"}],"predecessor-version":[{"id":19148,"href":"https:\/\/www.visitamalfi.info\/de\/wp-json\/wp\/v2\/posts\/19147\/revisions\/19148"}],"wp:featuredmedia":[{"embeddable":true,"href":"https:\/\/www.visitamalfi.info\/de\/wp-json\/wp\/v2\/media\/5279"}],"wp:attachment":[{"href":"https:\/\/www.visitamalfi.info\/de\/wp-json\/wp\/v2\/media?parent=19147"}],"wp:term":[{"taxonomy":"category","embeddable":true,"href":"https:\/\/www.visitamalfi.info\/de\/wp-json\/wp\/v2\/categories?post=19147"},{"taxonomy":"post_tag","embeddable":true,"href":"https:\/\/www.visitamalfi.info\/de\/wp-json\/wp\/v2\/tags?post=19147"}],"curies":[{"name":"wp","href":"https:\/\/api.w.org\/{rel}","templated":true}]}}