{"id":14363,"date":"2024-03-20T14:06:45","date_gmt":"2024-03-20T13:06:45","guid":{"rendered":"https:\/\/www.visitamalfi.info\/?p=14363"},"modified":"2024-05-03T14:54:31","modified_gmt":"2024-05-03T12:54:31","slug":"ostern-2024-in-amalfi-die-veranstaltungen","status":"publish","type":"post","link":"https:\/\/www.visitamalfi.info\/de\/ostern-2024-in-amalfi-die-veranstaltungen\/","title":{"rendered":"Ostern 2024 in Amalfi: die Veranstaltungen"},"content":{"rendered":"\t\t<div data-elementor-type=\"wp-post\" data-elementor-id=\"14363\" class=\"elementor elementor-14363 elementor-14362\">\n\t\t\t\t\t\t<section class=\"elementor-section elementor-top-section elementor-element elementor-element-356446cb elementor-section-full_width elementor-section-height-default elementor-section-height-default\" data-id=\"356446cb\" data-element_type=\"section\" data-e-type=\"section\">\n\t\t\t\t\t\t<div class=\"elementor-container elementor-column-gap-no\">\n\t\t\t\t\t<div class=\"elementor-column elementor-col-100 elementor-top-column elementor-element elementor-element-5ec58ce0\" data-id=\"5ec58ce0\" data-element_type=\"column\" data-e-type=\"column\">\n\t\t\t<div class=\"elementor-widget-wrap elementor-element-populated\">\n\t\t\t\t\t\t<div class=\"elementor-element elementor-element-8492fde elementor-drop-cap-yes elementor-drop-cap-view-default elementor-widget elementor-widget-text-editor\" data-id=\"8492fde\" data-element_type=\"widget\" data-e-type=\"widget\" data-settings=\"{&quot;drop_cap&quot;:&quot;yes&quot;}\" data-widget_type=\"text-editor.default\">\n\t\t\t\t<div class=\"elementor-widget-container\">\n\t\t\t\t\t\t\t\t\t<p class=\"cvGsUA direction-ltr align-start para-style-body\"><span class=\"OYPEnA text-decoration-none text-strikethrough-none\">Ostern in Amalfi, eine Zeit des Glaubens, der Kultur, der Tradition und der Heiligkeit. <\/span><span class=\"OYPEnA text-decoration-none text-strikethrough-none\">&#8220;<\/span><span class=\"OYPEnA text-decoration-none text-strikethrough-none\">Die Gemeinde Amalfi, angef\u00fchrt von B\u00fcrgermeister Daniele Milano, bereitet sich auf die Feier des Osterfestes vor &#8211; ein Moment, der von der gesamten Gemeinde mit gro\u00dfer Intensit\u00e4t erlebt wird &#8211; und empf\u00e4ngt die Touristen mit einem Veranstaltungsprogramm, das das gro\u00dfe anthropologische Erbe der Stadt wieder aufleben l\u00e4sst, um den authentischen und tiefen Glauben der Amalfitaner zu entdecken<\/span><span class=\"OYPEnA text-decoration-none text-strikethrough-none\">&#8220;<\/span><\/p>\n\t\t\t\t\t\t\t\t<\/div>\n\t\t\t\t<\/div>\n\t\t\t\t<div class=\"elementor-element elementor-element-350e35f2 elementor-widget-divider--view-line elementor-widget elementor-widget-divider\" data-id=\"350e35f2\" data-element_type=\"widget\" data-e-type=\"widget\" data-widget_type=\"divider.default\">\n\t\t\t\t<div class=\"elementor-widget-container\">\n\t\t\t\t\t\t\t<div class=\"elementor-divider\">\n\t\t\t<span class=\"elementor-divider-separator\">\n\t\t\t\t\t\t<\/span>\n\t\t<\/div>\n\t\t\t\t\t\t<\/div>\n\t\t\t\t<\/div>\n\t\t\t\t<div class=\"elementor-element elementor-element-8f56c11 elementor-widget elementor-widget-read-more\" data-id=\"8f56c11\" data-element_type=\"widget\" data-e-type=\"widget\" data-widget_type=\"read-more.default\">\n\t\t\t\t<div class=\"elementor-widget-container\">\n\t\t\t\t\t<\/div><\/div><\/div><\/div><\/div><\/section><\/div> <a href=\"https:\/\/www.visitamalfi.info\/de\/ostern-2024-in-amalfi-die-veranstaltungen\/#more-14363\" class=\"more-link elementor-more-link\"><span aria-label=\"Ostern 2024 in Amalfi: die Veranstaltungen weiterlesen\">Continua a leggere<\/span><\/a>","protected":false},"excerpt":{"rendered":"<p>Ostern in Amalfi, eine Zeit des Glaubens, der Kultur, der Tradition und der Heiligkeit. &#8220;Die Gemeinde Amalfi, angef\u00fchrt von B\u00fcrgermeister Daniele Milano, bereitet sich auf die Feier des Osterfestes vor [&hellip;]<\/p>\n","protected":false},"author":7,"featured_media":14359,"comment_status":"closed","ping_status":"closed","sticky":false,"template":"","format":"standard","meta":{"inline_featured_image":false,"footnotes":""},"categories":[896,816,817,725,818],"tags":[262,819,1495,1496,820,821],"class_list":["post-14363","post","type-post","status-publish","format-standard","has-post-thumbnail","hentry","category-consigli-di-viaggio-de","category-eventi-de","category-geschichte","category-kunst","category-tradition-de","tag-amalfi-de","tag-geschichte","tag-ostern2024","tag-reenactment","tag-tradition","tag-veranstaltungen"],"yoast_head":"<!-- This site is optimized with the Yoast SEO plugin v27.3 - https:\/\/yoast.com\/product\/yoast-seo-wordpress\/ -->\n<title>Ostern 2024 in Amalfi: die Veranstaltungen - Visit Amalfi<\/title>\n<meta name=\"robots\" content=\"index, follow, max-snippet:-1, max-image-preview:large, max-video-preview:-1\" \/>\n<link rel=\"canonical\" href=\"https:\/\/www.visitamalfi.info\/de\/ostern-2024-in-amalfi-die-veranstaltungen\/\" \/>\n<meta property=\"og:locale\" content=\"de_DE\" \/>\n<meta property=\"og:type\" content=\"article\" \/>\n<meta property=\"og:title\" content=\"Ostern 2024 in Amalfi: die Veranstaltungen - Visit Amalfi\" \/>\n<meta property=\"og:description\" content=\"Ostern in Amalfi, eine Zeit des Glaubens, der Kultur, der Tradition und der Heiligkeit. &#8220;Die Gemeinde Amalfi, angef\u00fchrt von B\u00fcrgermeister Daniele Milano, bereitet sich auf die Feier des Osterfestes vor [&hellip;]\" \/>\n<meta property=\"og:url\" content=\"https:\/\/www.visitamalfi.info\/de\/ostern-2024-in-amalfi-die-veranstaltungen\/\" \/>\n<meta property=\"og:site_name\" content=\"Visit Amalfi\" \/>\n<meta property=\"article:publisher\" content=\"https:\/\/www.facebook.com\/visitamalfiofficial\" \/>\n<meta property=\"article:published_time\" content=\"2024-03-20T13:06:45+00:00\" \/>\n<meta property=\"article:modified_time\" content=\"2024-05-03T12:54:31+00:00\" \/>\n<meta property=\"og:image\" content=\"https:\/\/www.visitamalfi.info\/wp-content\/uploads\/2024\/03\/WhatsApp-Image-2024-03-19-at-09.37.07.jpeg\" \/>\n\t<meta property=\"og:image:width\" content=\"1120\" \/>\n\t<meta property=\"og:image:height\" content=\"1600\" \/>\n\t<meta property=\"og:image:type\" content=\"image\/jpeg\" \/>\n<meta name=\"author\" content=\"Federica Dumont\" \/>\n<meta name=\"twitter:card\" content=\"summary_large_image\" \/>\n<meta name=\"twitter:label1\" content=\"Verfasst von\" \/>\n\t<meta name=\"twitter:data1\" content=\"Federica Dumont\" \/>\n\t<meta name=\"twitter:label2\" content=\"Gesch\u00e4tzte Lesezeit\" \/>\n\t<meta name=\"twitter:data2\" content=\"3\u00a0Minuten\" \/>\n<script type=\"application\/ld+json\" class=\"yoast-schema-graph\">{\"@context\":\"https:\\\/\\\/schema.org\",\"@graph\":[{\"@type\":\"Article\",\"@id\":\"https:\\\/\\\/www.visitamalfi.info\\\/de\\\/ostern-2024-in-amalfi-die-veranstaltungen\\\/#article\",\"isPartOf\":{\"@id\":\"https:\\\/\\\/www.visitamalfi.info\\\/de\\\/ostern-2024-in-amalfi-die-veranstaltungen\\\/\"},\"author\":{\"name\":\"Federica Dumont\",\"@id\":\"https:\\\/\\\/www.visitamalfi.info\\\/de\\\/#\\\/schema\\\/person\\\/0c7584af846d5d2da6c69f7e68f3af96\"},\"headline\":\"Ostern 2024 in Amalfi: die Veranstaltungen\",\"datePublished\":\"2024-03-20T13:06:45+00:00\",\"dateModified\":\"2024-05-03T12:54:31+00:00\",\"mainEntityOfPage\":{\"@id\":\"https:\\\/\\\/www.visitamalfi.info\\\/de\\\/ostern-2024-in-amalfi-die-veranstaltungen\\\/\"},\"wordCount\":603,\"publisher\":{\"@id\":\"https:\\\/\\\/www.visitamalfi.info\\\/de\\\/#organization\"},\"image\":{\"@id\":\"https:\\\/\\\/www.visitamalfi.info\\\/de\\\/ostern-2024-in-amalfi-die-veranstaltungen\\\/#primaryimage\"},\"thumbnailUrl\":\"https:\\\/\\\/www.visitamalfi.info\\\/wp-content\\\/uploads\\\/2024\\\/03\\\/WhatsApp-Image-2024-03-19-at-09.37.07.jpeg\",\"keywords\":[\"amalfi\",\"Geschichte\",\"Ostern2024\",\"Reenactment\",\"Tradition\",\"Veranstaltungen\"],\"articleSection\":[\"Consigli di viaggio\",\"Eventi\",\"Geschichte\",\"Kunst\",\"Tradition\"],\"inLanguage\":\"de\"},{\"@type\":\"WebPage\",\"@id\":\"https:\\\/\\\/www.visitamalfi.info\\\/de\\\/ostern-2024-in-amalfi-die-veranstaltungen\\\/\",\"url\":\"https:\\\/\\\/www.visitamalfi.info\\\/de\\\/ostern-2024-in-amalfi-die-veranstaltungen\\\/\",\"name\":\"Ostern 2024 in Amalfi: die Veranstaltungen - Visit Amalfi\",\"isPartOf\":{\"@id\":\"https:\\\/\\\/www.visitamalfi.info\\\/de\\\/#website\"},\"primaryImageOfPage\":{\"@id\":\"https:\\\/\\\/www.visitamalfi.info\\\/de\\\/ostern-2024-in-amalfi-die-veranstaltungen\\\/#primaryimage\"},\"image\":{\"@id\":\"https:\\\/\\\/www.visitamalfi.info\\\/de\\\/ostern-2024-in-amalfi-die-veranstaltungen\\\/#primaryimage\"},\"thumbnailUrl\":\"https:\\\/\\\/www.visitamalfi.info\\\/wp-content\\\/uploads\\\/2024\\\/03\\\/WhatsApp-Image-2024-03-19-at-09.37.07.jpeg\",\"datePublished\":\"2024-03-20T13:06:45+00:00\",\"dateModified\":\"2024-05-03T12:54:31+00:00\",\"breadcrumb\":{\"@id\":\"https:\\\/\\\/www.visitamalfi.info\\\/de\\\/ostern-2024-in-amalfi-die-veranstaltungen\\\/#breadcrumb\"},\"inLanguage\":\"de\",\"potentialAction\":[{\"@type\":\"ReadAction\",\"target\":[\"https:\\\/\\\/www.visitamalfi.info\\\/de\\\/ostern-2024-in-amalfi-die-veranstaltungen\\\/\"]}]},{\"@type\":\"ImageObject\",\"inLanguage\":\"de\",\"@id\":\"https:\\\/\\\/www.visitamalfi.info\\\/de\\\/ostern-2024-in-amalfi-die-veranstaltungen\\\/#primaryimage\",\"url\":\"https:\\\/\\\/www.visitamalfi.info\\\/wp-content\\\/uploads\\\/2024\\\/03\\\/WhatsApp-Image-2024-03-19-at-09.37.07.jpeg\",\"contentUrl\":\"https:\\\/\\\/www.visitamalfi.info\\\/wp-content\\\/uploads\\\/2024\\\/03\\\/WhatsApp-Image-2024-03-19-at-09.37.07.jpeg\",\"width\":1120,\"height\":1600},{\"@type\":\"BreadcrumbList\",\"@id\":\"https:\\\/\\\/www.visitamalfi.info\\\/de\\\/ostern-2024-in-amalfi-die-veranstaltungen\\\/#breadcrumb\",\"itemListElement\":[{\"@type\":\"ListItem\",\"position\":1,\"name\":\"Home\",\"item\":\"https:\\\/\\\/www.visitamalfi.info\\\/de\\\/\"},{\"@type\":\"ListItem\",\"position\":2,\"name\":\"Ostern 2024 in Amalfi: die Veranstaltungen\"}]},{\"@type\":\"WebSite\",\"@id\":\"https:\\\/\\\/www.visitamalfi.info\\\/de\\\/#website\",\"url\":\"https:\\\/\\\/www.visitamalfi.info\\\/de\\\/\",\"name\":\"Visit Amalfi\",\"description\":\"Amalfi Destination Official Website\",\"publisher\":{\"@id\":\"https:\\\/\\\/www.visitamalfi.info\\\/de\\\/#organization\"},\"potentialAction\":[{\"@type\":\"SearchAction\",\"target\":{\"@type\":\"EntryPoint\",\"urlTemplate\":\"https:\\\/\\\/www.visitamalfi.info\\\/de\\\/?s={search_term_string}\"},\"query-input\":{\"@type\":\"PropertyValueSpecification\",\"valueRequired\":true,\"valueName\":\"search_term_string\"}}],\"inLanguage\":\"de\"},{\"@type\":\"Organization\",\"@id\":\"https:\\\/\\\/www.visitamalfi.info\\\/de\\\/#organization\",\"name\":\"Visit Amalfi\",\"url\":\"https:\\\/\\\/www.visitamalfi.info\\\/de\\\/\",\"logo\":{\"@type\":\"ImageObject\",\"inLanguage\":\"de\",\"@id\":\"https:\\\/\\\/www.visitamalfi.info\\\/de\\\/#\\\/schema\\\/logo\\\/image\\\/\",\"url\":\"https:\\\/\\\/www.visitamalfi.info\\\/wp-content\\\/uploads\\\/2023\\\/04\\\/visit-amalfi-logo-web.png\",\"contentUrl\":\"https:\\\/\\\/www.visitamalfi.info\\\/wp-content\\\/uploads\\\/2023\\\/04\\\/visit-amalfi-logo-web.png\",\"width\":800,\"height\":870,\"caption\":\"Visit Amalfi\"},\"image\":{\"@id\":\"https:\\\/\\\/www.visitamalfi.info\\\/de\\\/#\\\/schema\\\/logo\\\/image\\\/\"},\"sameAs\":[\"https:\\\/\\\/www.facebook.com\\\/visitamalfiofficial\",\"https:\\\/\\\/www.instagram.com\\\/visitamalfiofficial\\\/\"]},{\"@type\":\"Person\",\"@id\":\"https:\\\/\\\/www.visitamalfi.info\\\/de\\\/#\\\/schema\\\/person\\\/0c7584af846d5d2da6c69f7e68f3af96\",\"name\":\"Federica Dumont\",\"image\":{\"@type\":\"ImageObject\",\"inLanguage\":\"de\",\"@id\":\"https:\\\/\\\/secure.gravatar.com\\\/avatar\\\/0803dab414b6c6f1fd2399680f587870a020419b6ebe9d36dd75df06a6a68060?s=96&d=mm&r=g\",\"url\":\"https:\\\/\\\/secure.gravatar.com\\\/avatar\\\/0803dab414b6c6f1fd2399680f587870a020419b6ebe9d36dd75df06a6a68060?s=96&d=mm&r=g\",\"contentUrl\":\"https:\\\/\\\/secure.gravatar.com\\\/avatar\\\/0803dab414b6c6f1fd2399680f587870a020419b6ebe9d36dd75df06a6a68060?s=96&d=mm&r=g\",\"caption\":\"Federica Dumont\"},\"url\":\"https:\\\/\\\/www.visitamalfi.info\\\/de\\\/author\\\/federica\\\/\"}]}<\/script>\n<!-- \/ Yoast SEO plugin. -->","yoast_head_json":{"title":"Ostern 2024 in Amalfi: die Veranstaltungen - Visit Amalfi","robots":{"index":"index","follow":"follow","max-snippet":"max-snippet:-1","max-image-preview":"max-image-preview:large","max-video-preview":"max-video-preview:-1"},"canonical":"https:\/\/www.visitamalfi.info\/de\/ostern-2024-in-amalfi-die-veranstaltungen\/","og_locale":"de_DE","og_type":"article","og_title":"Ostern 2024 in Amalfi: die Veranstaltungen - Visit Amalfi","og_description":"Ostern in Amalfi, eine Zeit des Glaubens, der Kultur, der Tradition und der Heiligkeit. &#8220;Die Gemeinde Amalfi, angef\u00fchrt von B\u00fcrgermeister Daniele Milano, bereitet sich auf die Feier des Osterfestes vor [&hellip;]","og_url":"https:\/\/www.visitamalfi.info\/de\/ostern-2024-in-amalfi-die-veranstaltungen\/","og_site_name":"Visit Amalfi","article_publisher":"https:\/\/www.facebook.com\/visitamalfiofficial","article_published_time":"2024-03-20T13:06:45+00:00","article_modified_time":"2024-05-03T12:54:31+00:00","og_image":[{"width":1120,"height":1600,"url":"https:\/\/www.visitamalfi.info\/wp-content\/uploads\/2024\/03\/WhatsApp-Image-2024-03-19-at-09.37.07.jpeg","type":"image\/jpeg"}],"author":"Federica Dumont","twitter_card":"summary_large_image","twitter_misc":{"Verfasst von":"Federica Dumont","Gesch\u00e4tzte Lesezeit":"3\u00a0Minuten"},"schema":{"@context":"https:\/\/schema.org","@graph":[{"@type":"Article","@id":"https:\/\/www.visitamalfi.info\/de\/ostern-2024-in-amalfi-die-veranstaltungen\/#article","isPartOf":{"@id":"https:\/\/www.visitamalfi.info\/de\/ostern-2024-in-amalfi-die-veranstaltungen\/"},"author":{"name":"Federica Dumont","@id":"https:\/\/www.visitamalfi.info\/de\/#\/schema\/person\/0c7584af846d5d2da6c69f7e68f3af96"},"headline":"Ostern 2024 in Amalfi: die Veranstaltungen","datePublished":"2024-03-20T13:06:45+00:00","dateModified":"2024-05-03T12:54:31+00:00","mainEntityOfPage":{"@id":"https:\/\/www.visitamalfi.info\/de\/ostern-2024-in-amalfi-die-veranstaltungen\/"},"wordCount":603,"publisher":{"@id":"https:\/\/www.visitamalfi.info\/de\/#organization"},"image":{"@id":"https:\/\/www.visitamalfi.info\/de\/ostern-2024-in-amalfi-die-veranstaltungen\/#primaryimage"},"thumbnailUrl":"https:\/\/www.visitamalfi.info\/wp-content\/uploads\/2024\/03\/WhatsApp-Image-2024-03-19-at-09.37.07.jpeg","keywords":["amalfi","Geschichte","Ostern2024","Reenactment","Tradition","Veranstaltungen"],"articleSection":["Consigli di viaggio","Eventi","Geschichte","Kunst","Tradition"],"inLanguage":"de"},{"@type":"WebPage","@id":"https:\/\/www.visitamalfi.info\/de\/ostern-2024-in-amalfi-die-veranstaltungen\/","url":"https:\/\/www.visitamalfi.info\/de\/ostern-2024-in-amalfi-die-veranstaltungen\/","name":"Ostern 2024 in Amalfi: die Veranstaltungen - Visit Amalfi","isPartOf":{"@id":"https:\/\/www.visitamalfi.info\/de\/#website"},"primaryImageOfPage":{"@id":"https:\/\/www.visitamalfi.info\/de\/ostern-2024-in-amalfi-die-veranstaltungen\/#primaryimage"},"image":{"@id":"https:\/\/www.visitamalfi.info\/de\/ostern-2024-in-amalfi-die-veranstaltungen\/#primaryimage"},"thumbnailUrl":"https:\/\/www.visitamalfi.info\/wp-content\/uploads\/2024\/03\/WhatsApp-Image-2024-03-19-at-09.37.07.jpeg","datePublished":"2024-03-20T13:06:45+00:00","dateModified":"2024-05-03T12:54:31+00:00","breadcrumb":{"@id":"https:\/\/www.visitamalfi.info\/de\/ostern-2024-in-amalfi-die-veranstaltungen\/#breadcrumb"},"inLanguage":"de","potentialAction":[{"@type":"ReadAction","target":["https:\/\/www.visitamalfi.info\/de\/ostern-2024-in-amalfi-die-veranstaltungen\/"]}]},{"@type":"ImageObject","inLanguage":"de","@id":"https:\/\/www.visitamalfi.info\/de\/ostern-2024-in-amalfi-die-veranstaltungen\/#primaryimage","url":"https:\/\/www.visitamalfi.info\/wp-content\/uploads\/2024\/03\/WhatsApp-Image-2024-03-19-at-09.37.07.jpeg","contentUrl":"https:\/\/www.visitamalfi.info\/wp-content\/uploads\/2024\/03\/WhatsApp-Image-2024-03-19-at-09.37.07.jpeg","width":1120,"height":1600},{"@type":"BreadcrumbList","@id":"https:\/\/www.visitamalfi.info\/de\/ostern-2024-in-amalfi-die-veranstaltungen\/#breadcrumb","itemListElement":[{"@type":"ListItem","position":1,"name":"Home","item":"https:\/\/www.visitamalfi.info\/de\/"},{"@type":"ListItem","position":2,"name":"Ostern 2024 in Amalfi: die Veranstaltungen"}]},{"@type":"WebSite","@id":"https:\/\/www.visitamalfi.info\/de\/#website","url":"https:\/\/www.visitamalfi.info\/de\/","name":"Visit Amalfi","description":"Amalfi Destination Official Website","publisher":{"@id":"https:\/\/www.visitamalfi.info\/de\/#organization"},"potentialAction":[{"@type":"SearchAction","target":{"@type":"EntryPoint","urlTemplate":"https:\/\/www.visitamalfi.info\/de\/?s={search_term_string}"},"query-input":{"@type":"PropertyValueSpecification","valueRequired":true,"valueName":"search_term_string"}}],"inLanguage":"de"},{"@type":"Organization","@id":"https:\/\/www.visitamalfi.info\/de\/#organization","name":"Visit Amalfi","url":"https:\/\/www.visitamalfi.info\/de\/","logo":{"@type":"ImageObject","inLanguage":"de","@id":"https:\/\/www.visitamalfi.info\/de\/#\/schema\/logo\/image\/","url":"https:\/\/www.visitamalfi.info\/wp-content\/uploads\/2023\/04\/visit-amalfi-logo-web.png","contentUrl":"https:\/\/www.visitamalfi.info\/wp-content\/uploads\/2023\/04\/visit-amalfi-logo-web.png","width":800,"height":870,"caption":"Visit Amalfi"},"image":{"@id":"https:\/\/www.visitamalfi.info\/de\/#\/schema\/logo\/image\/"},"sameAs":["https:\/\/www.facebook.com\/visitamalfiofficial","https:\/\/www.instagram.com\/visitamalfiofficial\/"]},{"@type":"Person","@id":"https:\/\/www.visitamalfi.info\/de\/#\/schema\/person\/0c7584af846d5d2da6c69f7e68f3af96","name":"Federica Dumont","image":{"@type":"ImageObject","inLanguage":"de","@id":"https:\/\/secure.gravatar.com\/avatar\/0803dab414b6c6f1fd2399680f587870a020419b6ebe9d36dd75df06a6a68060?s=96&d=mm&r=g","url":"https:\/\/secure.gravatar.com\/avatar\/0803dab414b6c6f1fd2399680f587870a020419b6ebe9d36dd75df06a6a68060?s=96&d=mm&r=g","contentUrl":"https:\/\/secure.gravatar.com\/avatar\/0803dab414b6c6f1fd2399680f587870a020419b6ebe9d36dd75df06a6a68060?s=96&d=mm&r=g","caption":"Federica Dumont"},"url":"https:\/\/www.visitamalfi.info\/de\/author\/federica\/"}]}},"_links":{"self":[{"href":"https:\/\/www.visitamalfi.info\/de\/wp-json\/wp\/v2\/posts\/14363","targetHints":{"allow":["GET"]}}],"collection":[{"href":"https:\/\/www.visitamalfi.info\/de\/wp-json\/wp\/v2\/posts"}],"about":[{"href":"https:\/\/www.visitamalfi.info\/de\/wp-json\/wp\/v2\/types\/post"}],"author":[{"embeddable":true,"href":"https:\/\/www.visitamalfi.info\/de\/wp-json\/wp\/v2\/users\/7"}],"replies":[{"embeddable":true,"href":"https:\/\/www.visitamalfi.info\/de\/wp-json\/wp\/v2\/comments?post=14363"}],"version-history":[{"count":7,"href":"https:\/\/www.visitamalfi.info\/de\/wp-json\/wp\/v2\/posts\/14363\/revisions"}],"predecessor-version":[{"id":16914,"href":"https:\/\/www.visitamalfi.info\/de\/wp-json\/wp\/v2\/posts\/14363\/revisions\/16914"}],"wp:featuredmedia":[{"embeddable":true,"href":"https:\/\/www.visitamalfi.info\/de\/wp-json\/wp\/v2\/media\/14359"}],"wp:attachment":[{"href":"https:\/\/www.visitamalfi.info\/de\/wp-json\/wp\/v2\/media?parent=14363"}],"wp:term":[{"taxonomy":"category","embeddable":true,"href":"https:\/\/www.visitamalfi.info\/de\/wp-json\/wp\/v2\/categories?post=14363"},{"taxonomy":"post_tag","embeddable":true,"href":"https:\/\/www.visitamalfi.info\/de\/wp-json\/wp\/v2\/tags?post=14363"}],"curies":[{"name":"wp","href":"https:\/\/api.w.org\/{rel}","templated":true}]}}