{"id":23486,"global_id":"www.visitamalfi.info\/de\/?id=23486","global_id_lineage":["www.visitamalfi.info\/de\/?id=23486"],"author":"7","status":"publish","date":"2025-12-01 15:28:37","date_utc":"2025-12-01 14:28:37","modified":"2025-12-01 15:28:37","modified_utc":"2025-12-01 14:28:37","url":"https:\/\/www.visitamalfi.info\/de\/fall\/internationale-studienkonferenz-zum-thema-wolle-zitrusfruechte-gewuerze-das-mittelalterliche-amalfi-im-kontext-der-mediterranen-wirtschaftsraeume\/","rest_url":"https:\/\/www.visitamalfi.info\/de\/wp-json\/tribe\/events\/v1\/events\/23486","title":"Internationale Studienkonferenz zum Thema &#8216;Wolle, Zitrusfr\u00fcchte, Gew\u00fcrze: Das mittelalterliche Amalfi im Kontext der mediterranen Wirtschaftsr\u00e4ume","description":"<div><\/div>\n<div>\n<p data-start=\"153\" data-end=\"518\">Eine wertvolle Gelegenheit, in die authentische Geschichte Amalfis einzutauchen.<br data-start=\"227\" data-end=\"230\">Am Donnerstag, den 11. Dezember, findet im stimmungsvollen Rahmen der Stadtbibliothek ein wunderbarer Termin statt, um ein faszinierendes Kapitel der Vergangenheit der Stadt zu erkunden: <em data-start=\"417\" data-end=\"515\">&#8216;Wolle, Zitrusfr\u00fcchte, Gew\u00fcrze: Das mittelalterliche Amalfi im Kontext der mediterranen Wirtschaftsr\u00e4ume&#8217;<\/em>.<\/p>\n<p data-start=\"520\" data-end=\"903\">Eine Reise durch den Handel, das Wissen und die alten Routen, die Amalfi zu einem lebendigen Knotenpunkt im Mittelmeer gemacht haben.<br data-start=\"626\" data-end=\"629\">Die vom Centro di Cultura e Storia Amalfitana kuratierte Konferenz findet von 9 bis 13 Uhr und von 15.30 bis 18 Uhr statt und bietet B\u00fcrgern, Interessierten und Besuchern die M\u00f6glichkeit, die wirtschaftlichen und kulturellen Wurzeln zu entdecken, die die Identit\u00e4t der Stadt gepr\u00e4gt haben.<\/p>\n<p data-start=\"905\" data-end=\"1031\" data-is-last-node=\"\" data-is-only-node=\"\">Ein Termin, den Sie nicht verpassen sollten, wenn Sie Amalfi \u00fcber seine Sch\u00f6nheit hinaus verstehen und in das Herz seiner Geschichte eintauchen m\u00f6chten.<\/p>\n<\/div>","excerpt":"<p>Ein Termin, den Sie nicht verpassen sollten, wenn Sie Amalfi \u00fcber seine Sch\u00f6nheit hinaus verstehen und in das Herz seiner Geschichte eintauchen m\u00f6chten.<\/p>","slug":"internationale-studienkonferenz-zum-thema-wolle-zitrusfruechte-gewuerze-das-mittelalterliche-amalfi-im-kontext-der-mediterranen-wirtschaftsraeume","image":{"url":"https:\/\/www.visitamalfi.info\/wp-content\/uploads\/2025\/04\/WhatsApp-Image-2025-04-17-at-10.29.13-3.jpeg","id":21314,"extension":"jpeg","width":1920,"height":1280,"filesize":418593,"sizes":{"medium":{"width":300,"height":200,"mime-type":"image\/jpeg","filesize":16258,"url":"https:\/\/www.visitamalfi.info\/wp-content\/uploads\/2025\/04\/WhatsApp-Image-2025-04-17-at-10.29.13-3-300x200.jpeg"},"large":{"width":1024,"height":683,"mime-type":"image\/jpeg","filesize":138402,"url":"https:\/\/www.visitamalfi.info\/wp-content\/uploads\/2025\/04\/WhatsApp-Image-2025-04-17-at-10.29.13-3-1024x683.jpeg"},"thumbnail":{"width":300,"height":300,"mime-type":"image\/jpeg","filesize":23969,"url":"https:\/\/www.visitamalfi.info\/wp-content\/uploads\/2025\/04\/WhatsApp-Image-2025-04-17-at-10.29.13-3-300x300.jpeg"},"medium_large":{"width":768,"height":512,"mime-type":"image\/jpeg","filesize":83328,"url":"https:\/\/www.visitamalfi.info\/wp-content\/uploads\/2025\/04\/WhatsApp-Image-2025-04-17-at-10.29.13-3-768x512.jpeg"},"1536x1536":{"width":1536,"height":1024,"mime-type":"image\/jpeg","filesize":268152,"url":"https:\/\/www.visitamalfi.info\/wp-content\/uploads\/2025\/04\/WhatsApp-Image-2025-04-17-at-10.29.13-3-1536x1024.jpeg"},"post-thumbnail":{"width":870,"height":580,"mime-type":"image\/jpeg","filesize":105160,"url":"https:\/\/www.visitamalfi.info\/wp-content\/uploads\/2025\/04\/WhatsApp-Image-2025-04-17-at-10.29.13-3-870x580.jpeg"},"ignition_item":{"width":615,"height":410,"mime-type":"image\/jpeg","filesize":57536,"url":"https:\/\/www.visitamalfi.info\/wp-content\/uploads\/2025\/04\/WhatsApp-Image-2025-04-17-at-10.29.13-3-615x410.jpeg"},"ignition_item_lg":{"width":1240,"height":825,"mime-type":"image\/jpeg","filesize":190208,"url":"https:\/\/www.visitamalfi.info\/wp-content\/uploads\/2025\/04\/WhatsApp-Image-2025-04-17-at-10.29.13-3-1240x825.jpeg"},"ignition_article_media":{"width":510,"height":510,"mime-type":"image\/jpeg","filesize":59461,"url":"https:\/\/www.visitamalfi.info\/wp-content\/uploads\/2025\/04\/WhatsApp-Image-2025-04-17-at-10.29.13-3-510x510.jpeg"},"ignition_minicart_item":{"width":160,"height":160,"mime-type":"image\/jpeg","filesize":7989,"url":"https:\/\/www.visitamalfi.info\/wp-content\/uploads\/2025\/04\/WhatsApp-Image-2025-04-17-at-10.29.13-3-160x160.jpeg"},"ignition_cousteau_pro_item_package":{"width":555,"height":790,"mime-type":"image\/jpeg","filesize":92109,"url":"https:\/\/www.visitamalfi.info\/wp-content\/uploads\/2025\/04\/WhatsApp-Image-2025-04-17-at-10.29.13-3-555x790.jpeg"},"maxslider_slide":{"width":750,"height":450,"mime-type":"image\/jpeg","filesize":72332,"url":"https:\/\/www.visitamalfi.info\/wp-content\/uploads\/2025\/04\/WhatsApp-Image-2025-04-17-at-10.29.13-3-750x450.jpeg"}}},"all_day":false,"start_date":"2025-12-11 09:00:00","start_date_details":{"year":"2025","month":"12","day":"11","hour":"09","minutes":"00","seconds":"00"},"end_date":"2025-12-12 18:00:00","end_date_details":{"year":"2025","month":"12","day":"12","hour":"18","minutes":"00","seconds":"00"},"utc_start_date":"2025-12-11 08:00:00","utc_start_date_details":{"year":"2025","month":"12","day":"11","hour":"08","minutes":"00","seconds":"00"},"utc_end_date":"2025-12-12 17:00:00","utc_end_date_details":{"year":"2025","month":"12","day":"12","hour":"17","minutes":"00","seconds":"00"},"timezone":"Europe\/Rome","timezone_abbr":"CET","cost":"","cost_details":{"currency_symbol":"","currency_code":"","currency_position":"","values":[]},"website":"https:\/\/www.visitamalfi.info\/de\/fall\/internationale-studienkonferenz-zum-thema-wolle-zitrusfruechte-gewuerze-das-mittelalterliche-amalfi-im-kontext-der-mediterranen-wirtschaftsraeume\/","show_map":true,"show_map_link":true,"hide_from_listings":false,"sticky":false,"featured":false,"categories":[{"name":"Konferenz","slug":"konferenz","term_group":0,"term_taxonomy_id":602,"taxonomy":"tribe_events_cat","description":"","parent":0,"count":3,"filter":"raw","id":602,"urls":{"self":"https:\/\/www.visitamalfi.info\/de\/wp-json\/tribe\/events\/v1\/categories\/602","collection":"https:\/\/www.visitamalfi.info\/de\/wp-json\/tribe\/events\/v1\/categories"}}],"tags":[],"venue":{"id":13298,"author":"7","status":"publish","date":"2023-12-09 18:03:42","date_utc":"2023-12-09 17:03:42","modified":"2023-12-09 18:03:42","modified_utc":"2023-12-09 17:03:42","url":"https:\/\/www.visitamalfi.info\/veranstaltungsort\/biblioteca-comunale\/","venue":"Biblioteca Comunale","slug":"biblioteca-comunale","json_ld":{"@type":"Place","name":"Biblioteca Comunale","description":"","url":"","address":{"@type":"PostalAddress"},"telephone":"","sameAs":""},"show_map":true,"show_map_link":true,"global_id":"www.visitamalfi.info\/de\/?id=13298","global_id_lineage":["www.visitamalfi.info\/de\/?id=13298"]},"organizer":[],"custom_fields":[],"json_ld":{"@context":"http:\/\/schema.org","@type":"Event","name":"Internationale Studienkonferenz zum Thema &#8216;Wolle, Zitrusfr\u00fcchte, Gew\u00fcrze: Das mittelalterliche Amalfi im Kontext der mediterranen Wirtschaftsr\u00e4ume","description":"&lt;p&gt;Ein Termin, den Sie nicht verpassen sollten, wenn Sie Amalfi \u00fcber seine Sch\u00f6nheit hinaus verstehen und in das Herz seiner Geschichte eintauchen m\u00f6chten.&lt;\/p&gt;\\n","image":"https:\/\/www.visitamalfi.info\/wp-content\/uploads\/2025\/04\/WhatsApp-Image-2025-04-17-at-10.29.13-3.jpeg","url":"https:\/\/www.visitamalfi.info\/de\/fall\/internationale-studienkonferenz-zum-thema-wolle-zitrusfruechte-gewuerze-das-mittelalterliche-amalfi-im-kontext-der-mediterranen-wirtschaftsraeume\/","eventAttendanceMode":"https:\/\/schema.org\/OfflineEventAttendanceMode","eventStatus":"https:\/\/schema.org\/EventScheduled","startDate":"2025-12-11T09:00:00+01:00","endDate":"2025-12-12T18:00:00+01:00","location":{"@type":"Place","name":"Biblioteca Comunale","description":"","url":"","address":{"@type":"PostalAddress"},"telephone":"","sameAs":""},"performer":"Organization"}}