{"id":22119,"global_id":"www.visitamalfi.info\/de\/?id=22119","global_id_lineage":["www.visitamalfi.info\/de\/?id=22119"],"author":"7","status":"publish","date":"2025-06-23 14:43:29","date_utc":"2025-06-23 12:43:29","modified":"2025-06-23 14:43:29","modified_utc":"2025-06-23 12:43:29","url":"https:\/\/www.visitamalfi.info\/de\/fall\/amalfi-im-jazz-amy-winehouse-band\/","rest_url":"https:\/\/www.visitamalfi.info\/de\/wp-json\/tribe\/events\/v1\/events\/22119","title":"Amalfi im Jazz &#8211; Amy Winehouse Band","description":"<p>Die Originalband von <strong><em>Amy Winehouse<\/em><\/strong>angef\u00fchrt von ihrem langj\u00e4hrigen musikalischen Leiter und Bassisten <strong><em>Dale Davis<\/em><\/strong> &#8211; Amys enger Freund seit ihren fr\u00fchen Tagen &#8211; feiert die \u00c4ra, die Musik und Live-Performance weltweit neu definiert hat. Eine Show, die Amys Geist, ihr Verm\u00e4chtnis und ihren einzigartigen Sound lebendig h\u00e4lt, in einer authentischen Verbindung, die nur durch ihre Originalband m\u00f6glich ist. Mit der au\u00dfergew\u00f6hnlichen Stimme von <strong><em>Bronte Shand\u00e9<\/em><\/strong>ist dieses Konzert zu einem unvergesslichen Erlebnis f\u00fcr jede Generation geworden: eine ausverkaufte Hommage in Theatern, Festivals und auf Tourneen in ganz Gro\u00dfbritannien, Europa und der Welt. Eine emotionale Reise durch die gr\u00f6\u00dften Hits und Meisterwerke der preisgekr\u00f6nten Alben von Amy Winehouse&#8230; und mehr<strong>.<\/strong><\/p>","excerpt":"<p>Eine Show, die Amys Geist, ihr Verm\u00e4chtnis und ihren einzigartigen Sound lebendig h\u00e4lt, in einer authentischen Verbindung, die nur durch ihre Originalband m\u00f6glich ist. <\/p>","slug":"amalfi-im-jazz-amy-winehouse-band","image":{"url":"https:\/\/www.visitamalfi.info\/wp-content\/uploads\/2025\/06\/concerto-cover-queen-of-bulsara-foto-abbagnara-66.jpg","id":22083,"extension":"jpg","width":1920,"height":1280,"filesize":378882,"sizes":{"medium":{"width":300,"height":200,"mime-type":"image\/jpeg","filesize":51764,"url":"https:\/\/www.visitamalfi.info\/wp-content\/uploads\/2025\/06\/concerto-cover-queen-of-bulsara-foto-abbagnara-66-300x200.jpg"},"large":{"width":1024,"height":683,"mime-type":"image\/jpeg","filesize":153650,"url":"https:\/\/www.visitamalfi.info\/wp-content\/uploads\/2025\/06\/concerto-cover-queen-of-bulsara-foto-abbagnara-66-1024x683.jpg"},"thumbnail":{"width":300,"height":300,"mime-type":"image\/jpeg","filesize":56265,"url":"https:\/\/www.visitamalfi.info\/wp-content\/uploads\/2025\/06\/concerto-cover-queen-of-bulsara-foto-abbagnara-66-300x300.jpg"},"medium_large":{"width":768,"height":512,"mime-type":"image\/jpeg","filesize":110284,"url":"https:\/\/www.visitamalfi.info\/wp-content\/uploads\/2025\/06\/concerto-cover-queen-of-bulsara-foto-abbagnara-66-768x512.jpg"},"1536x1536":{"width":1536,"height":1024,"mime-type":"image\/jpeg","filesize":260164,"url":"https:\/\/www.visitamalfi.info\/wp-content\/uploads\/2025\/06\/concerto-cover-queen-of-bulsara-foto-abbagnara-66-1536x1024.jpg"},"post-thumbnail":{"width":870,"height":580,"mime-type":"image\/jpeg","filesize":126908,"url":"https:\/\/www.visitamalfi.info\/wp-content\/uploads\/2025\/06\/concerto-cover-queen-of-bulsara-foto-abbagnara-66-870x580.jpg"},"ignition_item":{"width":615,"height":410,"mime-type":"image\/jpeg","filesize":89055,"url":"https:\/\/www.visitamalfi.info\/wp-content\/uploads\/2025\/06\/concerto-cover-queen-of-bulsara-foto-abbagnara-66-615x410.jpg"},"ignition_item_lg":{"width":1240,"height":825,"mime-type":"image\/jpeg","filesize":195451,"url":"https:\/\/www.visitamalfi.info\/wp-content\/uploads\/2025\/06\/concerto-cover-queen-of-bulsara-foto-abbagnara-66-1240x825.jpg"},"ignition_article_media":{"width":510,"height":510,"mime-type":"image\/jpeg","filesize":83670,"url":"https:\/\/www.visitamalfi.info\/wp-content\/uploads\/2025\/06\/concerto-cover-queen-of-bulsara-foto-abbagnara-66-510x510.jpg"},"ignition_minicart_item":{"width":160,"height":160,"mime-type":"image\/jpeg","filesize":41662,"url":"https:\/\/www.visitamalfi.info\/wp-content\/uploads\/2025\/06\/concerto-cover-queen-of-bulsara-foto-abbagnara-66-160x160.jpg"},"ignition_cousteau_pro_item_package":{"width":555,"height":790,"mime-type":"image\/jpeg","filesize":103244,"url":"https:\/\/www.visitamalfi.info\/wp-content\/uploads\/2025\/06\/concerto-cover-queen-of-bulsara-foto-abbagnara-66-555x790.jpg"},"maxslider_slide":{"width":750,"height":450,"mime-type":"image\/jpeg","filesize":101862,"url":"https:\/\/www.visitamalfi.info\/wp-content\/uploads\/2025\/06\/concerto-cover-queen-of-bulsara-foto-abbagnara-66-750x450.jpg"}}},"all_day":false,"start_date":"2025-07-12 22:00:00","start_date_details":{"year":"2025","month":"07","day":"12","hour":"22","minutes":"00","seconds":"00"},"end_date":"2025-07-12 23:59:00","end_date_details":{"year":"2025","month":"07","day":"12","hour":"23","minutes":"59","seconds":"00"},"utc_start_date":"2025-07-12 20:00:00","utc_start_date_details":{"year":"2025","month":"07","day":"12","hour":"20","minutes":"00","seconds":"00"},"utc_end_date":"2025-07-12 21:59:00","utc_end_date_details":{"year":"2025","month":"07","day":"12","hour":"21","minutes":"59","seconds":"00"},"timezone":"Europe\/Rome","timezone_abbr":"CEST","cost":"","cost_details":{"currency_symbol":"","currency_code":"","currency_position":"","values":[]},"website":"https:\/\/www.visitamalfi.info\/de\/fall\/amalfi-im-jazz-amy-winehouse-band\/","show_map":true,"show_map_link":true,"hide_from_listings":false,"sticky":false,"featured":false,"categories":[{"name":"Live-\u00dcbertragungen","slug":"live-ubertragungen","term_group":0,"term_taxonomy_id":649,"taxonomy":"tribe_events_cat","description":"","parent":0,"count":8,"filter":"raw","id":649,"urls":{"self":"https:\/\/www.visitamalfi.info\/de\/wp-json\/tribe\/events\/v1\/categories\/649","collection":"https:\/\/www.visitamalfi.info\/de\/wp-json\/tribe\/events\/v1\/categories"}},{"name":"musica dal vivo","slug":"musica-dal-vivo-de","term_group":0,"term_taxonomy_id":361,"taxonomy":"tribe_events_cat","description":"","parent":0,"count":40,"filter":"raw","id":361,"urls":{"self":"https:\/\/www.visitamalfi.info\/de\/wp-json\/tribe\/events\/v1\/categories\/361","collection":"https:\/\/www.visitamalfi.info\/de\/wp-json\/tribe\/events\/v1\/categories"}}],"tags":[],"venue":{"id":3862,"author":"7","status":"publish","date":"2023-06-08 10:32:25","date_utc":"2023-06-08 08:32:25","modified":"2023-06-08 10:32:25","modified_utc":"2023-06-08 08:32:25","url":"https:\/\/www.visitamalfi.info\/veranstaltungsort\/piazza-duomo-amalfi\/","venue":"piazza duomo amalfi","slug":"piazza-duomo-amalfi","address":"Piazza Duomo","city":"Amalfi","country":"Italia","json_ld":{"@type":"Place","name":"piazza duomo amalfi","description":"","url":"","address":{"@type":"PostalAddress","streetAddress":"Piazza Duomo","addressLocality":"Amalfi","addressCountry":"Italia"},"telephone":"","sameAs":""},"show_map":true,"show_map_link":true,"global_id":"www.visitamalfi.info\/de\/?id=3862","global_id_lineage":["www.visitamalfi.info\/de\/?id=3862"]},"organizer":[],"custom_fields":[],"json_ld":{"@context":"http:\/\/schema.org","@type":"Event","name":"Amalfi im Jazz &#8211; Amy Winehouse Band","description":"&lt;p&gt;Eine Show, die Amys Geist, ihr Verm\u00e4chtnis und ihren einzigartigen Sound lebendig h\u00e4lt, in einer authentischen Verbindung, die nur durch ihre Originalband m\u00f6glich ist. &lt;\/p&gt;\\n","image":"https:\/\/www.visitamalfi.info\/wp-content\/uploads\/2025\/06\/concerto-cover-queen-of-bulsara-foto-abbagnara-66.jpg","url":"https:\/\/www.visitamalfi.info\/de\/fall\/amalfi-im-jazz-amy-winehouse-band\/","eventAttendanceMode":"https:\/\/schema.org\/OfflineEventAttendanceMode","eventStatus":"https:\/\/schema.org\/EventScheduled","startDate":"2025-07-12T22:00:00+02:00","endDate":"2025-07-12T23:59:00+02:00","location":{"@type":"Place","name":"piazza duomo amalfi","description":"","url":"","address":{"@type":"PostalAddress","streetAddress":"Piazza Duomo","addressLocality":"Amalfi","addressCountry":"Italia"},"telephone":"","sameAs":""},"performer":"Organization"}}