{"id":21857,"global_id":"www.visitamalfi.info\/de\/?id=21857","global_id_lineage":["www.visitamalfi.info\/de\/?id=21857"],"author":"7","status":"publish","date":"2025-06-01 08:07:47","date_utc":"2025-06-01 06:07:47","modified":"2025-06-01 08:07:47","modified_utc":"2025-06-01 06:07:47","url":"https:\/\/www.visitamalfi.info\/de\/fall\/gelbe-nacht-amalfi-food-festival-im-anantara-convento-di-amalfi\/","rest_url":"https:\/\/www.visitamalfi.info\/de\/wp-json\/tribe\/events\/v1\/events\/21857","title":"GELBE NACHT &#8211; Amalfi Food Festival im Anantara Convento di Amalfi","description":"<p>Samstag, 21. Juni, ab 19:30 Uhr | La Locanda della Canonica<\/p>\n<p><strong>Kleiderordnung: gelb<\/strong><\/p>\n<p><img fetchpriority=\"high\" decoding=\"async\" class=\"size-medium wp-image-21818 alignright\" src=\"https:\/\/www.visitamalfi.info\/wp-content\/uploads\/2025\/06\/YN_Flyer_it-300x300.jpg\" alt=\"\" width=\"300\" height=\"300\" srcset=\"https:\/\/www.visitamalfi.info\/wp-content\/uploads\/2025\/06\/YN_Flyer_it-300x300.jpg 300w, https:\/\/www.visitamalfi.info\/wp-content\/uploads\/2025\/06\/YN_Flyer_it-1024x1024.jpg 1024w, https:\/\/www.visitamalfi.info\/wp-content\/uploads\/2025\/06\/YN_Flyer_it-768x768.jpg 768w, https:\/\/www.visitamalfi.info\/wp-content\/uploads\/2025\/06\/YN_Flyer_it-510x510.jpg 510w, https:\/\/www.visitamalfi.info\/wp-content\/uploads\/2025\/06\/YN_Flyer_it-160x160.jpg 160w, https:\/\/www.visitamalfi.info\/wp-content\/uploads\/2025\/06\/YN_Flyer_it.jpg 1350w\" sizes=\"(max-width: 300px) 100vw, 300px\" \/>Die gelbe Party ist zur\u00fcck im Anantara Convento di Amalfi! Dieses Jahr wird es sogar noch spezieller, denn es wird ein Festival f\u00fcr Feinschmecker veranstaltet. Wir erwarten Sie in der Locanda della Canonica, um das Beste der lokalen K\u00fcche zu feiern: neapolitanische Pizza, Limoncello, Aufschnitt, typische K\u00e4sesorten und vieles mehr. Verpassen Sie nicht das exklusive <strong>Erlebnis der Mozzarella-Herstellung<\/strong> mit Biagio Staiano.<\/p>\n<p><img decoding=\"async\" class=\"size-medium wp-image-21823 alignleft\" src=\"https:\/\/www.visitamalfi.info\/wp-content\/uploads\/2025\/06\/YN_Flyer_en-300x300.jpg\" alt=\"\" width=\"300\" height=\"300\" srcset=\"https:\/\/www.visitamalfi.info\/wp-content\/uploads\/2025\/06\/YN_Flyer_en-300x300.jpg 300w, https:\/\/www.visitamalfi.info\/wp-content\/uploads\/2025\/06\/YN_Flyer_en-1024x1024.jpg 1024w, https:\/\/www.visitamalfi.info\/wp-content\/uploads\/2025\/06\/YN_Flyer_en-768x768.jpg 768w, https:\/\/www.visitamalfi.info\/wp-content\/uploads\/2025\/06\/YN_Flyer_en-510x510.jpg 510w, https:\/\/www.visitamalfi.info\/wp-content\/uploads\/2025\/06\/YN_Flyer_en-160x160.jpg 160w, https:\/\/www.visitamalfi.info\/wp-content\/uploads\/2025\/06\/YN_Flyer_en.jpg 1350w\" sizes=\"(max-width: 300px) 100vw, 300px\" \/>Ein Abend mit Live-Musik, DJ-Sets und charakteristischen Cocktails: eine Reise durch die Aromen der Amalfik\u00fcste.<\/p>\n<p>Die Veranstaltung ist sowohl f\u00fcr interne als auch f\u00fcr externe G\u00e4ste zug\u00e4nglich. Eine Reservierung ist erforderlich.<\/p>\n<p>F\u00fcr Informationen und Reservierungen:<\/p>\n<p><a href=\"https:\/\/www.visitamalfi.info\/de\/amw-accommodation\/grand-hotel-anantara-kloster-von-amalfi\/\">Anantara Kloster von Amalfi<\/a><\/p>","excerpt":"<p>Die gelbe Party ist zur\u00fcck im Anantara Convento di Amalfi!<\/p>","slug":"gelbe-nacht-amalfi-food-festival-im-anantara-convento-di-amalfi","image":{"url":"https:\/\/www.visitamalfi.info\/wp-content\/uploads\/2025\/06\/YN_Flyer_en.jpg","id":21826,"extension":"jpg","width":1350,"height":1350,"filesize":352430,"sizes":{"medium":{"width":300,"height":300,"mime-type":"image\/jpeg","filesize":24361,"url":"https:\/\/www.visitamalfi.info\/wp-content\/uploads\/2025\/06\/YN_Flyer_en-300x300.jpg"},"large":{"width":1024,"height":1024,"mime-type":"image\/jpeg","filesize":157820,"url":"https:\/\/www.visitamalfi.info\/wp-content\/uploads\/2025\/06\/YN_Flyer_en-1024x1024.jpg"},"thumbnail":{"width":300,"height":300,"mime-type":"image\/jpeg","filesize":24361,"url":"https:\/\/www.visitamalfi.info\/wp-content\/uploads\/2025\/06\/YN_Flyer_en-300x300.jpg"},"medium_large":{"width":768,"height":768,"mime-type":"image\/jpeg","filesize":102077,"url":"https:\/\/www.visitamalfi.info\/wp-content\/uploads\/2025\/06\/YN_Flyer_en-768x768.jpg"},"post-thumbnail":{"width":870,"height":580,"mime-type":"image\/jpeg","filesize":102765,"url":"https:\/\/www.visitamalfi.info\/wp-content\/uploads\/2025\/06\/YN_Flyer_en-870x580.jpg"},"ignition_item":{"width":615,"height":410,"mime-type":"image\/jpeg","filesize":61518,"url":"https:\/\/www.visitamalfi.info\/wp-content\/uploads\/2025\/06\/YN_Flyer_en-615x410.jpg"},"ignition_item_lg":{"width":1240,"height":825,"mime-type":"image\/jpeg","filesize":170323,"url":"https:\/\/www.visitamalfi.info\/wp-content\/uploads\/2025\/06\/YN_Flyer_en-1240x825.jpg"},"ignition_article_media":{"width":510,"height":510,"mime-type":"image\/jpeg","filesize":54818,"url":"https:\/\/www.visitamalfi.info\/wp-content\/uploads\/2025\/06\/YN_Flyer_en-510x510.jpg"},"ignition_minicart_item":{"width":160,"height":160,"mime-type":"image\/jpeg","filesize":10437,"url":"https:\/\/www.visitamalfi.info\/wp-content\/uploads\/2025\/06\/YN_Flyer_en-160x160.jpg"},"ignition_cousteau_pro_item_package":{"width":555,"height":790,"mime-type":"image\/jpeg","filesize":85724,"url":"https:\/\/www.visitamalfi.info\/wp-content\/uploads\/2025\/06\/YN_Flyer_en-555x790.jpg"},"maxslider_slide":{"width":750,"height":450,"mime-type":"image\/jpeg","filesize":77434,"url":"https:\/\/www.visitamalfi.info\/wp-content\/uploads\/2025\/06\/YN_Flyer_en-750x450.jpg"}}},"all_day":false,"start_date":"2025-06-21 19:30:00","start_date_details":{"year":"2025","month":"06","day":"21","hour":"19","minutes":"30","seconds":"00"},"end_date":"2025-06-21 23:30:00","end_date_details":{"year":"2025","month":"06","day":"21","hour":"23","minutes":"30","seconds":"00"},"utc_start_date":"2025-06-21 17:30:00","utc_start_date_details":{"year":"2025","month":"06","day":"21","hour":"17","minutes":"30","seconds":"00"},"utc_end_date":"2025-06-21 21:30:00","utc_end_date_details":{"year":"2025","month":"06","day":"21","hour":"21","minutes":"30","seconds":"00"},"timezone":"Europe\/Rome","timezone_abbr":"CEST","cost":"","cost_details":{"currency_symbol":"","currency_code":"","currency_position":"","values":[]},"website":"https:\/\/www.visitamalfi.info\/de\/fall\/gelbe-nacht-amalfi-food-festival-im-anantara-convento-di-amalfi\/","show_map":true,"show_map_link":true,"hide_from_listings":false,"sticky":false,"featured":false,"categories":[],"tags":[],"venue":{"id":13289,"author":"7","status":"publish","date":"2023-12-09 10:29:34","date_utc":"2023-12-09 09:29:34","modified":"2023-12-09 10:31:00","modified_utc":"2023-12-09 09:31:00","url":"https:\/\/www.visitamalfi.info\/veranstaltungsort\/anantara-convento-grand-hotel-di-amalfi\/","venue":"Anantara Convento Grand Hotel di Amalfi","slug":"anantara-convento-grand-hotel-di-amalfi","json_ld":{"@type":"Place","name":"Anantara Convento Grand Hotel di Amalfi","description":"","url":"","address":{"@type":"PostalAddress"},"telephone":"","sameAs":""},"show_map":true,"show_map_link":true,"global_id":"www.visitamalfi.info\/de\/?id=13289","global_id_lineage":["www.visitamalfi.info\/de\/?id=13289"]},"organizer":[],"custom_fields":[],"json_ld":{"@context":"http:\/\/schema.org","@type":"Event","name":"GELBE NACHT &#8211; Amalfi Food Festival im Anantara Convento di Amalfi","description":"&lt;p&gt;Die gelbe Party ist zur\u00fcck im Anantara Convento di Amalfi!&lt;\/p&gt;\\n","image":"https:\/\/www.visitamalfi.info\/wp-content\/uploads\/2025\/06\/YN_Flyer_en.jpg","url":"https:\/\/www.visitamalfi.info\/de\/fall\/gelbe-nacht-amalfi-food-festival-im-anantara-convento-di-amalfi\/","eventAttendanceMode":"https:\/\/schema.org\/OfflineEventAttendanceMode","eventStatus":"https:\/\/schema.org\/EventScheduled","startDate":"2025-06-21T19:30:00+02:00","endDate":"2025-06-21T23:30:00+02:00","location":{"@type":"Place","name":"Anantara Convento Grand Hotel di Amalfi","description":"","url":"","address":{"@type":"PostalAddress"},"telephone":"","sameAs":""},"performer":"Organization"}}